{"id":5008,"date":"2023-01-17T11:45:44","date_gmt":"2023-01-17T14:45:44","guid":{"rendered":"https:\/\/noticiasdestaque.com.br\/index.php\/2023\/01\/17\/ministro-inclui-minuta-apreendida-em-acao-contra-bolsonaro-no-tse\/"},"modified":"2023-01-17T11:45:44","modified_gmt":"2023-01-17T14:45:44","slug":"ministro-inclui-minuta-apreendida-em-acao-contra-bolsonaro-no-tse","status":"publish","type":"post","link":"https:\/\/noticiasdestaque.com.br\/index.php\/2023\/01\/17\/ministro-inclui-minuta-apreendida-em-acao-contra-bolsonaro-no-tse\/","title":{"rendered":"Ministro inclui minuta apreendida em a\u00e7\u00e3o contra Bolsonaro no TSE"},"content":{"rendered":"<style> bloco.meta {font-style: italic; color: #666;font-weight: 600;font-size: .8em; \/* line-height: .3em; *\/}  text h2 { font-weight: 700 !important;  color: #062f46 !important;} text img { width: none; left: none;}<\/style>\n<\/p>\n<p>O ministro do Tribunal Superior Eleitoral (TSE) Benedito Gon\u00e7alves autorizou hoje (16) a inclus\u00e3o da minuta apreendida na casa do ex-ministro da Justi\u00e7a Anderson Torres em uma<a href=\"https:\/\/agenciabrasil.ebc.com.br\/politica\/noticia\/2022-12\/tse-mantem-competencia-para-julgar-acao-contra-evento-com-embaixadores\" target=\"_blank\" rel=\"noopener\"> a\u00e7\u00e3o de investiga\u00e7\u00e3o eleitoral<\/a> contra o ex-presidente Jair Bolsonaro.  <\/p>\n<p>O pedido de inclus\u00e3o foi feito pelo PDT no processo aberto na Corte no ano passado para apurar a legalidade do encontro de Bolsonaro com embaixadores para questionar a lisura da vota\u00e7\u00e3o eletr\u00f4nica. <\/p>\n<p>Na decis\u00e3o, Gon\u00e7alves afirma que a minuta pode ter rela\u00e7\u00e3o com os fatos investigados no processo. <\/p>\n<p>\u201cConstata-se, assim, a inequ\u00edvoca correla\u00e7\u00e3o entre os fatos e documentos novos e a demanda estabilizada, uma vez que a iniciativa da parte autora converge com seu \u00f4nus de convencer que, na linha da narrativa apresentada na peti\u00e7\u00e3o inicial, a reuni\u00e3o realizada com os embaixadores deve ser analisada como elemento da campanha eleitoral de 2022, dotado de gravidade suficiente para afetar a normalidade e a legitimidade das elei\u00e7\u00f5es e, assim, configurar abuso de poder pol\u00edtico e uso indevido dos meios de comunica\u00e7\u00e3o\u201d, argumentou o ministro. <\/p>\n<p>Al\u00e9m da juntada da minuta, o ministro deu prazo de cinco dias para a defesa de Bolsonaro se manifestar no processo.<\/p>\n<p>Ainda n\u00e3o h\u00e1 prazo para julgamento da a\u00e7\u00e3o, que pode terminar com a condena\u00e7\u00e3o \u00e0 inelegibilidade do ex-presidente. <\/p>\n<p>A minuta foi encontrada pela Pol\u00edcia Federal ap\u00f3s busca a apreens\u00e3o realizada na casa de Anderson Torres em Bras\u00edlia. <\/p>\n<p>Ao comentar o caso nas redes sociais, antes de se entregar \u00e0 PF, Torres disse que o <a href=\"https:\/\/agenciabrasil.ebc.com.br\/justica\/noticia\/2023-01\/torres-diz-que-documento-encontrado-foi-vazado-fora-de-contexto\" target=\"_blank\" rel=\"noopener\">documento foi vazado <\/a>fora do contexto\u201d. <\/p>\n<p class=\"alt-font font-italic my-2 small text-info\">\n                                                Edi\u00e7\u00e3o:   F\u00e1bio Massalli                    <\/p>\n<p>            <!-- blog End --><\/p>\n<p>            <!-- tag and share --><\/p>\n<p> Fonte: EBC <\/p>\n<input type=\"hidden\" id=\"baseurl\" value=\"https:\/\/noticiasdestaque.com.br\"><input type=\"hidden\" id=\"audio_nonce\" value=\"62ca87eee3\">","protected":false},"excerpt":{"rendered":"<p>Ex-presidente tem cinco dias para se manifestar no processo<\/p>\n","protected":false},"author":1,"featured_media":5009,"comment_status":"open","ping_status":"open","sticky":false,"template":"","format":"standard","meta":{"fifu_image_url":"","fifu_image_alt":"","footnotes":""},"categories":[48],"tags":[],"class_list":["post-5008","post","type-post","status-publish","format-standard","has-post-thumbnail","hentry","category-mundo"],"distributor_meta":false,"distributor_terms":false,"distributor_media":false,"distributor_original_site_name":"Portal de Recupera\u00e7\u00e3o","distributor_original_site_url":"https:\/\/portalderecuperacao.com","push-errors":false,"_links":{"self":[{"href":"https:\/\/noticiasdestaque.com.br\/index.php\/wp-json\/wp\/v2\/posts\/5008","targetHints":{"allow":["GET"]}}],"collection":[{"href":"https:\/\/noticiasdestaque.com.br\/index.php\/wp-json\/wp\/v2\/posts"}],"about":[{"href":"https:\/\/noticiasdestaque.com.br\/index.php\/wp-json\/wp\/v2\/types\/post"}],"author":[{"embeddable":true,"href":"https:\/\/noticiasdestaque.com.br\/index.php\/wp-json\/wp\/v2\/users\/1"}],"replies":[{"embeddable":true,"href":"https:\/\/noticiasdestaque.com.br\/index.php\/wp-json\/wp\/v2\/comments?post=5008"}],"version-history":[{"count":0,"href":"https:\/\/noticiasdestaque.com.br\/index.php\/wp-json\/wp\/v2\/posts\/5008\/revisions"}],"wp:featuredmedia":[{"embeddable":true,"href":"https:\/\/noticiasdestaque.com.br\/index.php\/wp-json\/wp\/v2\/media\/5009"}],"wp:attachment":[{"href":"https:\/\/noticiasdestaque.com.br\/index.php\/wp-json\/wp\/v2\/media?parent=5008"}],"wp:term":[{"taxonomy":"category","embeddable":true,"href":"https:\/\/noticiasdestaque.com.br\/index.php\/wp-json\/wp\/v2\/categories?post=5008"},{"taxonomy":"post_tag","embeddable":true,"href":"https:\/\/noticiasdestaque.com.br\/index.php\/wp-json\/wp\/v2\/tags?post=5008"}],"curies":[{"name":"wp","href":"https:\/\/api.w.org\/{rel}","templated":true}]}}