{"id":50076,"date":"2026-02-13T18:00:00","date_gmt":"2026-02-13T21:00:00","guid":{"rendered":"https:\/\/noticiasdestaque.com.br\/index.php\/2026\/02\/13\/previsao-do-tempo-nordeste-tem-alerta-de-acumulado-de-chuva-neste-sabado-14\/"},"modified":"2026-02-13T18:00:00","modified_gmt":"2026-02-13T21:00:00","slug":"previsao-do-tempo-nordeste-tem-alerta-de-acumulado-de-chuva-neste-sabado-14","status":"publish","type":"post","link":"https:\/\/noticiasdestaque.com.br\/index.php\/2026\/02\/13\/previsao-do-tempo-nordeste-tem-alerta-de-acumulado-de-chuva-neste-sabado-14\/","title":{"rendered":"PREVIS\u00c3O DO TEMPO: Nordeste tem alerta de acumulado de chuva neste s\u00e1bado (14)"},"content":{"rendered":"<p>\t\t\t\t\t\t\t\t\t\t\t<audio controls class=\"b61_audio_player\" data-noticia=\"87779\" src=\"https:\/\/brasil61.com\/rails\/active_storage\/blobs\/eyJfcmFpbHMiOnsibWVzc2FnZSI6IkJBaHBBeUw0QXc9PSIsImV4cCI6bnVsbCwicHVyIjoiYmxvYl9pZCJ9fQ==--59ca21696aa5f305431893a12e9d443809072831\/PTND264956A\"><\/audio><\/p>\n<p>\u00a0<\/p>\n<\/p>\n<p>O <a href=\"https:\/\/portal.inmet.gov.br\/\">Instituto Nacional de Meteorologia<\/a> emitiu<strong> alerta de chuvas intensas<\/strong> e acumulado de chuva para a Regi\u00e3o Nordeste neste s\u00e1bado (14).<\/p>\n<p>No <strong>Maranh\u00e3o<\/strong>, as <strong>precipita\u00e7\u00f5es <\/strong>mais intensas devem ocorrer em Formosa da Serra Negra e Nova Colinas, no Sul maranhense, al\u00e9m de Riach\u00e3o, na regi\u00e3o Centro-Sul do estado.<\/p>\n<p>No <strong>Piau\u00ed<\/strong>, a <strong>instabilidade <\/strong>permanece em Monte Alegre do Piau\u00ed e Corrente, no Extremo Sul piauiense, e em Baixa Grande do Ribeiro, tamb\u00e9m localizada no Sul do estado.<\/p>\n<p>O <strong>Cear\u00e1 <\/strong>deve registrar chuva isolada na regi\u00e3o litor\u00e2nea.<\/p>\n<p>No<strong> Rio Grande do Norte<\/strong>, pode <strong>chover <\/strong>em Mossor\u00f3, na regi\u00e3o Oeste potiguar, e em Riacho da Cruz, tamb\u00e9m no Oeste do estado.<\/p>\n<p>Na <strong>Para\u00edba<\/strong>, as <strong>chuvas <\/strong>se concentram em S\u00e3o Domingos e S\u00e3o Jos\u00e9 de Caiana, munic\u00edpios do Sert\u00e3o paraibano.<\/p>\n<p><strong>Pernambuco, Alagoas e Sergipe <\/strong>registram um dia com muitas nuvens e possibilidade de <strong>chuva isolada<\/strong>.<\/p>\n<p>J\u00e1 na <strong>Bahia<\/strong>, a previs\u00e3o \u00e9 de<strong> muitas nuvens com pancadas de chuva e trovoadas<\/strong> em Riach\u00e3o das Neves e Lu\u00eds Eduardo Magalh\u00e3es, no Oeste baiano.<\/p>\n<p>Entre as capitais, a temperatura m\u00ednima prevista \u00e9 de 23\u00b0C em Recife. J\u00e1 a m\u00e1xima pode chegar a 30\u00b0C, em Jo\u00e3o Pessoa e Aracaju. A umidade relativa do ar varia entre 50% e 95%.<\/p>\n<h2>5 motivos para acompanhar as previs\u00f5es do tempo<\/h2>\n<ul>\n<li>Agricultura: garantia de uma boa colheita;<\/li>\n<li>Marinha: prote\u00e7\u00e3o de marinheiros, navios e passageiros;<\/li>\n<li>Aeron\u00e1utica: seguran\u00e7a de pilotos, aeronaves e passageiros;<\/li>\n<li>Pesca: condi\u00e7\u00f5es favor\u00e1veis e seguras para a atividade;<\/li>\n<li>Turismo: garantia de passeios e viagens tranquilas e agrad\u00e1veis.<\/li>\n<\/ul>\n<h2>Import\u00e2ncia das observa\u00e7\u00f5es meteorol\u00f3gicas no INMET<\/h2>\n<p>As observa\u00e7\u00f5es meteorol\u00f3gicas do <a href=\"https:\/\/portal.inmet.gov.br\/\">INMET<\/a> s\u00e3o essenciais para previs\u00f5es em tempo real, estat\u00edsticas clim\u00e1ticas e coopera\u00e7\u00e3o internacional. Esses dados precisos ajudam a estudar o clima passado e a produzir Normais Climatol\u00f3gicas conforme a<strong> Organiza\u00e7\u00e3o Meteorol\u00f3gica Mundial <\/strong>(<a href=\"https:\/\/worldweather.wmo.int\/pt\/home.html\">OMM<\/a>).<\/p>\n<p>As informa\u00e7\u00f5es s\u00e3o do <strong>Instituto Nacional de Meteorologia <\/strong>(<a href=\"https:\/\/portal.inmet.gov.br\/\">Inmet<\/a>).<br \/>\n\u00a0<\/p>\n<p>\t\t\t\t\t\t\t\t\t\t<img loading=\"lazy\" decoding=\"async\" src=\"https:\/\/brasil61.com\/api\/v1\/serve_pixel\/17677\/87779\" alt=\"Pixel Brasil 61\" class=\"b61_pixel\" width=\"0\" height=\"0\"><\/p>\n<input type=\"hidden\" id=\"baseurl\" value=\"https:\/\/noticiasdestaque.com.br\"><input type=\"hidden\" id=\"audio_nonce\" value=\"6a24ca502e\">","protected":false},"excerpt":{"rendered":"<p>No Maranh\u00e3o, as precipita\u00e7\u00f5es mais intensas devem ocorrer em Formosa da Serra Negra e Nova Colinas, no Sul maranhense, al\u00e9m de Riach\u00e3o, na regi\u00e3o Centro-Sul do estado<\/p>\n","protected":false},"author":1,"featured_media":50077,"comment_status":"open","ping_status":"open","sticky":false,"template":"","format":"standard","meta":{"fifu_image_url":"","fifu_image_alt":"","footnotes":""},"categories":[58],"tags":[],"class_list":["post-50076","post","type-post","status-publish","format-standard","has-post-thumbnail","hentry","category-cotidiano"],"distributor_meta":false,"distributor_terms":false,"distributor_media":false,"distributor_original_site_name":"Noticias em Destaque","distributor_original_site_url":"https:\/\/noticiasdestaque.com.br","push-errors":false,"_links":{"self":[{"href":"https:\/\/noticiasdestaque.com.br\/index.php\/wp-json\/wp\/v2\/posts\/50076","targetHints":{"allow":["GET"]}}],"collection":[{"href":"https:\/\/noticiasdestaque.com.br\/index.php\/wp-json\/wp\/v2\/posts"}],"about":[{"href":"https:\/\/noticiasdestaque.com.br\/index.php\/wp-json\/wp\/v2\/types\/post"}],"author":[{"embeddable":true,"href":"https:\/\/noticiasdestaque.com.br\/index.php\/wp-json\/wp\/v2\/users\/1"}],"replies":[{"embeddable":true,"href":"https:\/\/noticiasdestaque.com.br\/index.php\/wp-json\/wp\/v2\/comments?post=50076"}],"version-history":[{"count":0,"href":"https:\/\/noticiasdestaque.com.br\/index.php\/wp-json\/wp\/v2\/posts\/50076\/revisions"}],"wp:featuredmedia":[{"embeddable":true,"href":"https:\/\/noticiasdestaque.com.br\/index.php\/wp-json\/wp\/v2\/media\/50077"}],"wp:attachment":[{"href":"https:\/\/noticiasdestaque.com.br\/index.php\/wp-json\/wp\/v2\/media?parent=50076"}],"wp:term":[{"taxonomy":"category","embeddable":true,"href":"https:\/\/noticiasdestaque.com.br\/index.php\/wp-json\/wp\/v2\/categories?post=50076"},{"taxonomy":"post_tag","embeddable":true,"href":"https:\/\/noticiasdestaque.com.br\/index.php\/wp-json\/wp\/v2\/tags?post=50076"}],"curies":[{"name":"wp","href":"https:\/\/api.w.org\/{rel}","templated":true}]}}