{"id":50068,"date":"2026-02-13T04:50:00","date_gmt":"2026-02-13T07:50:00","guid":{"rendered":"https:\/\/noticiasdestaque.com.br\/index.php\/2026\/02\/13\/reforma-tributaria-isencao-de-ir-csll-e-cofins-permanece-para-entidades-sem-fins-lucrativos\/"},"modified":"2026-02-15T22:38:03","modified_gmt":"2026-02-16T01:38:03","slug":"reforma-tributaria-isencao-de-ir-csll-e-cofins-permanece-para-entidades-sem-fins-lucrativos","status":"publish","type":"post","link":"https:\/\/noticiasdestaque.com.br\/index.php\/2026\/02\/13\/reforma-tributaria-isencao-de-ir-csll-e-cofins-permanece-para-entidades-sem-fins-lucrativos\/","title":{"rendered":"REFORMA TRIBUT\u00c1RIA: isen\u00e7\u00e3o de IR, CSLL e Cofins permanece para entidades sem fins lucrativos"},"content":{"rendered":"<p>\t\t\t\t\t\t\t\t\t\t<audio controls class=\"b61_audio_player\" data-noticia=\"87767\" src=\"https:\/\/brasil61.com\/rails\/active_storage\/blobs\/eyJfcmFpbHMiOnsibWVzc2FnZSI6IkJBaHBBNnozQXc9PSIsImV4cCI6bnVsbCwicHVyIjoiYmxvYl9pZCJ9fQ==--c332fe8ee83fbec7450d648a48462f98ccae9290\/CACB260122A\"><\/audio><\/p>\n<p>As entidades sem fins lucrativos n\u00e3o ter\u00e3o redu\u00e7\u00e3o linear dos incentivos fiscais previstos na<a href=\"https:\/\/www.planalto.gov.br\/ccivil_03\/leis\/lcp\/lcp224.htm\" target=\"_blank\"> Lei Complementar 224\/2025<\/a>, conforme documento de esclarecimento administrativo publicado pela Receita Federal na quinta-feira (12). A <a href=\"https:\/\/cacb.org.br\/\" target=\"_blank\">Confedera\u00e7\u00e3o das Associa\u00e7\u00f5es Comerciais e Empresariais do Brasil (CACB)<\/a>, em conjunto com as demais institui\u00e7\u00f5es que formam a Uni\u00e3o Nacional das Entidades do Com\u00e9rcio e Servi\u00e7os (Unecs) e a Frente Parlamentar de Com\u00e9rcio e Servi\u00e7os (FCS), mobilizou a revers\u00e3o da decis\u00e3o que taxava o terceiro setor.<\/p>\n<p>O vice-presidente Jur\u00eddico da CACB, Anderson Trautman Cardoso, afirma que o entendimento da Receita representa uma conquista para o pleito da CACB e para o associativismo do pa\u00eds.<\/p>\n<p>\u201cO reconhecimento de que as associa\u00e7\u00f5es sem fins lucrativos n\u00e3o ser\u00e3o abrangidas pelos efeitos da Lei Complementar 224 de 2025 \u00e9 uma importante conquista para a CACB e para todo associativismo do Brasil. Agradecemos muito ao secret\u00e1rio Barreirinhas pela sensibilidade ao nosso pleito\u201d, afirma Trautman.<\/p>\n<p>O pleito da CACB, apoiado por parlamentares pelo setor produtivo, defendia que entidades sem fins lucrativos ficassem de fora do corte de 10% em incentivos e benef\u00edcios tribut\u00e1rios federais previsto na Lei Complementar n\u00ba 224\/2025. O pleito foi apresentado ao secret\u00e1rio da Receita Federal, Robinson Barreirinhas.\u00a0<\/p>\n<p>Reforma Tribut\u00e1ria: Associa\u00e7\u00f5es sem fins lucrativos ficam isentas de novos tributos<br \/>\n<a href=\"https:\/\/brasil61.com\/n\/fpe-debate-exclusao-de-entidades-sem-fins-lucrativos-do-corte-de-10-em-beneficios-fiscais-cacb260120#:~:text=A%20LC%20224%2F2025%20determina,salvo%20exce%C3%A7%C3%B5es%20previstas%20em%20lei\" target=\"_blank\">FPE debate exclus\u00e3o de entidades sem fins lucrativos do corte de 10% em benef\u00edcios fiscais<\/a><\/p>\n<h2>Publica\u00e7\u00e3o da Receita Federal<\/h2>\n<p>O documento publicado pela Receita Federal traz uma s\u00e9rie de esclarecimentos aos contribuintes, denominado de \u201cPerguntas e Respostas &#8211; Redu\u00e7\u00e3o dos Incentivos e Benef\u00edcios Tribut\u00e1rios\u201d.<\/p>\n<p>A conquista das entidades sem fins lucrativos consta no item 35 da publica\u00e7\u00e3o.<\/p>\n<p><strong>Confira a \u00edntegra do item 35:<\/strong><\/p>\n<ul>\n<li>Pergunta: 35. A redu\u00e7\u00e3o linear de benef\u00edcios de IRPJ e CSLL prevista na Lei Complementar n\u00ba 224, de 2025, \u00e9 aplic\u00e1vel \u00e0s associa\u00e7\u00f5es civis sem fins lucrativos representativas de categoria profissional ou econ\u00f4mica?<\/li>\n<li>Resposta: N\u00e3o. As associa\u00e7\u00f5es civis sem fins lucrativos representativas de categoria profissional ou econ\u00f4mica n\u00e3o est\u00e3o abrangidas pela redu\u00e7\u00e3o linear prevista na Lei Complementar n\u00ba 224, de 2025.<\/li>\n<\/ul>\n<p>O <a href=\"https:\/\/www.gov.br\/receitafederal\/pt-br\/centrais-de-conteudo\/publicacoes\/perguntas-e-respostas\/beneficios-fiscais\/perguntas-e-respostas-reducao-de-beneficios-v2.pdf\/view\" target=\"_blank\">documento completo <\/a>pode ser acessado no site oficial da Receita Federal.<br \/>\n\u00a0<\/p>\n<p>\t\t\t\t\t\t\t\t\t<img loading=\"lazy\" decoding=\"async\" src=\"https:\/\/brasil61.com\/api\/v1\/serve_pixel\/17677\/87767\" alt=\"Pixel Brasil 61\" class=\"b61_pixel\" width=\"0\" height=\"0\"><\/p>\n<input type=\"hidden\" id=\"baseurl\" value=\"https:\/\/noticiasdestaque.com.br\"><input type=\"hidden\" id=\"audio_nonce\" value=\"6a24ca502e\">","protected":false},"excerpt":{"rendered":"<p>Terceiro setor n\u00e3o ser\u00e1 atingido pela redu\u00e7\u00e3o linear dos incentivos fiscais previstos na Lei Complementar 224\/2025, esclarece documento da Receita Federal; CACB comemora conquista para o associativismo do Brasil<\/p>\n","protected":false},"author":1,"featured_media":50129,"comment_status":"open","ping_status":"open","sticky":false,"template":"","format":"standard","meta":{"fifu_image_url":"","fifu_image_alt":"","footnotes":""},"categories":[59],"tags":[],"class_list":["post-50068","post","type-post","status-publish","format-standard","has-post-thumbnail","hentry","category-economia"],"distributor_meta":false,"distributor_terms":false,"distributor_media":false,"distributor_original_site_name":"Noticias em Destaque","distributor_original_site_url":"https:\/\/noticiasdestaque.com.br","push-errors":false,"_links":{"self":[{"href":"https:\/\/noticiasdestaque.com.br\/index.php\/wp-json\/wp\/v2\/posts\/50068","targetHints":{"allow":["GET"]}}],"collection":[{"href":"https:\/\/noticiasdestaque.com.br\/index.php\/wp-json\/wp\/v2\/posts"}],"about":[{"href":"https:\/\/noticiasdestaque.com.br\/index.php\/wp-json\/wp\/v2\/types\/post"}],"author":[{"embeddable":true,"href":"https:\/\/noticiasdestaque.com.br\/index.php\/wp-json\/wp\/v2\/users\/1"}],"replies":[{"embeddable":true,"href":"https:\/\/noticiasdestaque.com.br\/index.php\/wp-json\/wp\/v2\/comments?post=50068"}],"version-history":[{"count":1,"href":"https:\/\/noticiasdestaque.com.br\/index.php\/wp-json\/wp\/v2\/posts\/50068\/revisions"}],"predecessor-version":[{"id":50128,"href":"https:\/\/noticiasdestaque.com.br\/index.php\/wp-json\/wp\/v2\/posts\/50068\/revisions\/50128"}],"wp:featuredmedia":[{"embeddable":true,"href":"https:\/\/noticiasdestaque.com.br\/index.php\/wp-json\/wp\/v2\/media\/50129"}],"wp:attachment":[{"href":"https:\/\/noticiasdestaque.com.br\/index.php\/wp-json\/wp\/v2\/media?parent=50068"}],"wp:term":[{"taxonomy":"category","embeddable":true,"href":"https:\/\/noticiasdestaque.com.br\/index.php\/wp-json\/wp\/v2\/categories?post=50068"},{"taxonomy":"post_tag","embeddable":true,"href":"https:\/\/noticiasdestaque.com.br\/index.php\/wp-json\/wp\/v2\/tags?post=50068"}],"curies":[{"name":"wp","href":"https:\/\/api.w.org\/{rel}","templated":true}]}}