{"id":50066,"date":"2026-02-13T04:25:00","date_gmt":"2026-02-13T07:25:00","guid":{"rendered":"https:\/\/noticiasdestaque.com.br\/index.php\/2026\/02\/13\/maranhao-e-para-lideram-numero-de-licencas-de-pescadores-canceladas-pelo-mpa\/"},"modified":"2026-02-15T22:38:00","modified_gmt":"2026-02-16T01:38:00","slug":"maranhao-e-para-lideram-numero-de-licencas-de-pescadores-canceladas-pelo-mpa","status":"publish","type":"post","link":"https:\/\/noticiasdestaque.com.br\/index.php\/2026\/02\/13\/maranhao-e-para-lideram-numero-de-licencas-de-pescadores-canceladas-pelo-mpa\/","title":{"rendered":"Maranh\u00e3o e Par\u00e1 lideram n\u00famero de licen\u00e7as de pescadores canceladas pelo MPA"},"content":{"rendered":"<p>\t\t\t\t\t\t\t\t\t\t<audio controls class=\"b61_audio_player\" data-noticia=\"87749\" src=\"https:\/\/brasil61.com\/rails\/active_storage\/blobs\/eyJfcmFpbHMiOnsibWVzc2FnZSI6IkJBaHBBNm4zQXc9PSIsImV4cCI6bnVsbCwicHVyIjoiYmxvYl9pZCJ9fQ==--64945763f8a380d8301db658f80da3e6eac82c13\/BRAS2615861A\"><\/audio><\/p>\n<p><strong><a href=\"https:\/\/brasil61.com\/n\/mais-de-76-mil-pescadores-tiveram-licencas-canceladas-apos-decisao-do-mpa-bras2615824\" target=\"_blank\">Das 76.665 licen\u00e7as de pescadores canceladas<\/a> pelo Minist\u00e9rio da Pesca e Aquicultura <a href=\"https:\/\/www.gov.br\/mpa\/pt-br\" target=\"_blank\">(MPA)<\/a> no in\u00edcio da semana, a maioria (61.632) pertence a profissionais que atuavam no Maranh\u00e3o. O Par\u00e1 aparece em segundo lugar, com 13.911 registros anulados.<\/strong><\/p>\n<p>Na sequ\u00eancia est\u00e3o o Acre, com 394 licen\u00e7as canceladas, e a Bahia, com 200. A medida foi formalizada por meio da <a href=\"https:\/\/www.in.gov.br\/web\/dou\/-\/portaria-mpa-n-629-de-6-de-fevereiro-de-2026-685982943\" target=\"_blank\">Portaria n\u00ba 629<\/a>, publicada no Di\u00e1rio Oficial da Uni\u00e3o (DOU).<\/p>\n<h2>Confira quantas licen\u00e7as foram canceladas por estado:<\/h2>\n<ul>\n<li>MARANH\u00c3O (61.632)<\/li>\n<li>PAR\u00c1 (13.911)<\/li>\n<li>ACRE (394)<\/li>\n<li>BAHIA (200)<\/li>\n<li>AMAZONAS (156)<\/li>\n<li>AMAP\u00c1 (116)<\/li>\n<li>PIAU\u00cd (59)<\/li>\n<li>S\u00c3O PAULO (43)<\/li>\n<li>MATO GROSSO (31)<\/li>\n<li>RIO DE JANEIRO (26)<\/li>\n<li>PARA\u00cdBA (20)<\/li>\n<li>RORAIMA (19)<\/li>\n<li>GOI\u00c1S (18)<\/li>\n<li>DISTRITO FEDERAL (9)<\/li>\n<li>MINAS GERAIS (7)<\/li>\n<li>RIO GRANDE DO SUL (6)<\/li>\n<li>TOCANTINS (4)<\/li>\n<li>SERGIPE (3)<\/li>\n<li>CEAR\u00c1 (3)<\/li>\n<li>SANTA CATARINA (2)<\/li>\n<li>ROND\u00d4NIA (2)<\/li>\n<li>ALAGOAS (1)<\/li>\n<li>PERNAMBUCO (1)<\/li>\n<li>MATO GROSSO DO SUL (1)<\/li>\n<li>RIO GRANDE DO NORTE (1)<\/li>\n<\/ul>\n<p><strong>O cancelamento atinge pescadores vinculados ao Registro Geral da Atividade Pesqueira (RGP), cadastro obrigat\u00f3rio para o exerc\u00edcio da pesca profissional no pa\u00eds. Sem a situa\u00e7\u00e3o regular junto ao RGP, o trabalhador fica impedido de exercer legalmente a atividade.<\/strong><\/p>\n<p><a href=\"https:\/\/www.gov.br\/mpa\/pt-br\/assuntos\/cadastro-registro-e-monitoramento\/pescador-e-pescadora-profissional\/portaria-mpa-no-629-de-6-de-fevereiro-de-2026\" target=\"_blank\">Clique aqui para ter acesso \u00e0\u00a0lista completa com os nomes dos profissionais afetados pela medida<\/a><\/p>\n<p>A decis\u00e3o teve como fundamento o artigo 26 da <a href=\"https:\/\/www.in.gov.br\/en\/web\/dou\/-\/portaria-mpa-n-127-de-29-de-agosto-de-2023-506365296\" target=\"_blank\">Portaria MPA n\u00ba 127\/2023<\/a>, que estabelece normas, crit\u00e9rios e procedimentos administrativos relacionados ao RGP e \u00e0 concess\u00e3o da Licen\u00e7a de Pescador e Pescadora Profissional.<\/p>\n<p><strong>Segundo o minist\u00e9rio, a medida decorre de inqu\u00e9rito conduzido pela Pol\u00edcia Federal no \u00e2mbito da Opera\u00e7\u00e3o Big Fish, que identificou ind\u00edcios de irregularidades envolvendo registros no RGP.<\/strong><\/p>\n<p><strong>VEJA MAIS:<\/strong><\/p>\n<ul>\n<li><a href=\"https:\/\/brasil61.com\/n\/seca-no-nordeste-prejuizos-em-municipios-ja-superam-r-2-9-bilhoes-bras2615853\" target=\"_blank\">Seca no Nordeste: preju\u00edzos em munic\u00edpios j\u00e1 superam R$ 2,9 bilh\u00f5es<\/a><\/li>\n<li><a href=\"https:\/\/brasil61.com\/n\/fpm-possivel-perda-bilionaria-preocupa-municipios-diante-de-mudancas-no-ir-e-reforma-tributaria-bras2615856\" target=\"_blank\">FPM: poss\u00edvel perda bilion\u00e1ria preocupa munic\u00edpios diante de mudan\u00e7as no IR e reforma tribut\u00e1ria<\/a><\/li>\n<\/ul>\n<p>Ap\u00f3s a notifica\u00e7\u00e3o, os pescadores tiveram prazo de 30 dias corridos para apresentar recurso administrativo. De acordo com a pasta, como n\u00e3o houve manifesta\u00e7\u00e3o dentro do per\u00edodo previsto, o cancelamento tornou-se definitivo. Um novo pedido de registro s\u00f3 poder\u00e1 ser feito ap\u00f3s o prazo de seis meses contados do bloqueio efetivo.<\/p>\n<h2>Impactos para os profissionais<\/h2>\n<p><strong>Com a perda da licen\u00e7a, os trabalhadores deixam de ter o reconhecimento formal como pescadores profissionais perante o poder p\u00fablico. Isso tamb\u00e9m impede o acesso a pol\u00edticas p\u00fablicas e programas espec\u00edficos destinados \u00e0 categoria, al\u00e9m de suspender direitos vinculados \u00e0 regularidade do registro.<\/strong><\/p>\n<p>Embora o ato normativo n\u00e3o detalhe as justificativas individuais para cada cancelamento, o MPA afirma que a decis\u00e3o segue crit\u00e9rios previstos na regulamenta\u00e7\u00e3o vigente.<\/p>\n<p>Conforme a norma, n\u00e3o \u00e9 permitida a inscri\u00e7\u00e3o no RGP de pessoas que estejam aposentadas por incapacidade permanente ou que recebam benef\u00edcio assistencial ao idoso ou \u00e0 pessoa com defici\u00eancia. \u00a0<br \/>\n\u00a0<\/p>\n<p>\t\t\t\t\t\t\t\t\t<img loading=\"lazy\" decoding=\"async\" src=\"https:\/\/brasil61.com\/api\/v1\/serve_pixel\/17677\/87749\" alt=\"Pixel Brasil 61\" class=\"b61_pixel\" width=\"0\" height=\"0\"><\/p>\n<input type=\"hidden\" id=\"baseurl\" value=\"https:\/\/noticiasdestaque.com.br\"><input type=\"hidden\" id=\"audio_nonce\" value=\"6a24ca502e\">","protected":false},"excerpt":{"rendered":"<p>Na sequ\u00eancia est\u00e3o o Acre, com 394 licen\u00e7as canceladas, e a Bahia, com 200<\/p>\n","protected":false},"author":1,"featured_media":50125,"comment_status":"open","ping_status":"open","sticky":false,"template":"","format":"standard","meta":{"fifu_image_url":"","fifu_image_alt":"","footnotes":""},"categories":[48],"tags":[],"class_list":["post-50066","post","type-post","status-publish","format-standard","has-post-thumbnail","hentry","category-mundo"],"distributor_meta":false,"distributor_terms":false,"distributor_media":false,"distributor_original_site_name":"Noticias em Destaque","distributor_original_site_url":"https:\/\/noticiasdestaque.com.br","push-errors":false,"_links":{"self":[{"href":"https:\/\/noticiasdestaque.com.br\/index.php\/wp-json\/wp\/v2\/posts\/50066","targetHints":{"allow":["GET"]}}],"collection":[{"href":"https:\/\/noticiasdestaque.com.br\/index.php\/wp-json\/wp\/v2\/posts"}],"about":[{"href":"https:\/\/noticiasdestaque.com.br\/index.php\/wp-json\/wp\/v2\/types\/post"}],"author":[{"embeddable":true,"href":"https:\/\/noticiasdestaque.com.br\/index.php\/wp-json\/wp\/v2\/users\/1"}],"replies":[{"embeddable":true,"href":"https:\/\/noticiasdestaque.com.br\/index.php\/wp-json\/wp\/v2\/comments?post=50066"}],"version-history":[{"count":1,"href":"https:\/\/noticiasdestaque.com.br\/index.php\/wp-json\/wp\/v2\/posts\/50066\/revisions"}],"predecessor-version":[{"id":50124,"href":"https:\/\/noticiasdestaque.com.br\/index.php\/wp-json\/wp\/v2\/posts\/50066\/revisions\/50124"}],"wp:featuredmedia":[{"embeddable":true,"href":"https:\/\/noticiasdestaque.com.br\/index.php\/wp-json\/wp\/v2\/media\/50125"}],"wp:attachment":[{"href":"https:\/\/noticiasdestaque.com.br\/index.php\/wp-json\/wp\/v2\/media?parent=50066"}],"wp:term":[{"taxonomy":"category","embeddable":true,"href":"https:\/\/noticiasdestaque.com.br\/index.php\/wp-json\/wp\/v2\/categories?post=50066"},{"taxonomy":"post_tag","embeddable":true,"href":"https:\/\/noticiasdestaque.com.br\/index.php\/wp-json\/wp\/v2\/tags?post=50066"}],"curies":[{"name":"wp","href":"https:\/\/api.w.org\/{rel}","templated":true}]}}