{"id":5006,"date":"2023-01-16T16:08:50","date_gmt":"2023-01-16T19:08:50","guid":{"rendered":"https:\/\/noticiasdestaque.com.br\/index.php\/2023\/01\/16\/pms-do-tocantins-vao-reforcar-forca-nacional-em-brasilia\/"},"modified":"2023-01-16T16:08:50","modified_gmt":"2023-01-16T19:08:50","slug":"pms-do-tocantins-vao-reforcar-forca-nacional-em-brasilia","status":"publish","type":"post","link":"https:\/\/noticiasdestaque.com.br\/index.php\/2023\/01\/16\/pms-do-tocantins-vao-reforcar-forca-nacional-em-brasilia\/","title":{"rendered":"PMs do Tocantins v\u00e3o refor\u00e7ar For\u00e7a Nacional em Bras\u00edlia"},"content":{"rendered":"<style> bloco.meta {font-style: italic; color: #666;font-weight: 600;font-size: .8em; \/* line-height: .3em; *\/}  text h2 { font-weight: 700 !important;  color: #062f46 !important;} text img { width: none; left: none;}<\/style>\n<\/p>\n<p>A For\u00e7a Nacional de Seguran\u00e7a P\u00fablica receber\u00e1 o refor\u00e7o de policiais militares do estado do Tocantins nas atividades de seguran\u00e7a p\u00fablica no Distrito Federal. A medida foi adotada ap\u00f3s atos antidemocr\u00e1ticos que culminaram na invas\u00e3o e depreda\u00e7\u00e3o das sedes dos Tr\u00eas Poderes em Bras\u00edlia, no \u00faltimo <span id=\"OBJ_PREFIX_DWT359_com_zimbra_date\" role=\"link\">domingo<\/span> (8).<\/p>\n<p>A <a href=\"https:\/\/www.in.gov.br\/web\/dou\/-\/portaria-mjsp-n-282-de-12-de-janeiro-de-2023-457682004\" target=\"_blank\" rel=\"noopener\">Portaria n\u00ba 282<\/a>, de <span id=\"OBJ_PREFIX_DWT360_com_zimbra_date\" role=\"link\">12 de janeiro<\/span> de 2023, do Minist\u00e9rio da Justi\u00e7a e Seguran\u00e7a P\u00fablica, est\u00e1 publicada no<em> Di\u00e1rio Oficial da Uni\u00e3o<\/em> desta <span id=\"OBJ_PREFIX_DWT361_com_zimbra_date\" role=\"link\">sexta<\/span>-feira (13). <\/p>\n<p>Eles v\u00e3o se unir a contingentes do Cear\u00e1, Piau\u00ed, da Bahia, de Alagoas, Goi\u00e1s, do Rio Grande do Norte, Maranh\u00e3o e Rio Grande do Sul, que j\u00e1 haviam sido autorizados em <a href=\"https:\/\/agenciabrasil.ebc.com.br\/politica\/noticia\/2023-01\/pms-de-cinco-estados-se-integram-forca-nacional-em-brasilia\" target=\"_blank\" rel=\"noopener\">portaria anterior<\/a>, publicada no Di\u00e1rio Oficial na <span id=\"OBJ_PREFIX_DWT365_com_zimbra_date\" role=\"link\">ter<\/span>\u00e7a-feira (10). <\/p>\n<p>O documento diz ainda que o secret\u00e1rio nacional de Seguran\u00e7a P\u00fablica e o diretor da For\u00e7a Nacional ser\u00e3o os respons\u00e1veis pelas provid\u00eancias visando \u00e0 efetiva\u00e7\u00e3o da medida.<\/p>\n<h2>Bloqueio de contas<\/h2>\n<p>Ontem (12), o juiz federal Francisco Alexandre Ribeiro aceitou o pedido da Advocacia-Geral da Uni\u00e3o (AGU) para o<a href=\"https:\/\/agenciabrasil.ebc.com.br\/justica\/noticia\/2023-01\/justica-bloqueia-r-65-milhoes-de-acusados-de-financiar-ataques\" target=\"_blank\" rel=\"noopener\"> bloqueio de bens<\/a> de 52 pessoas f\u00edsicas e sete jur\u00eddicas acusadas de envolvimento nos atos antidemocr\u00e1ticos. O total bloqueado chega a R$ 6,5 milh\u00f5es e representa o valor dos preju\u00edzos apurado at\u00e9 o momento.<\/p>\n<p>De acordo com a AGU, os alvos s\u00e3o respons\u00e1veis por pagar o fretamento de \u00f4nibus para levar a Bras\u00edlia pessoas inconformadas com o resultado das elei\u00e7\u00f5es de 2022, que cometeram atos de vandalismo contra o Congresso Nacional, Pal\u00e1cio do Planalto e o Supremo Tribunal Federal.<\/p>\n<p class=\"alt-font font-italic my-2 small text-info\">\n                                                Edi\u00e7\u00e3o:   Gra\u00e7a Adjuto                    <\/p>\n<p>            <!-- blog End --><\/p>\n<p>            <!-- tag and share --><\/p>\n<p> Fonte: EBC <\/p>\n<input type=\"hidden\" id=\"baseurl\" value=\"https:\/\/noticiasdestaque.com.br\"><input type=\"hidden\" id=\"audio_nonce\" value=\"62ca87eee3\">","protected":false},"excerpt":{"rendered":"<p>Eles v\u00e3o se unir a contingentes de oito estados<\/p>\n","protected":false},"author":1,"featured_media":5007,"comment_status":"open","ping_status":"open","sticky":false,"template":"","format":"standard","meta":{"fifu_image_url":"","fifu_image_alt":"","footnotes":""},"categories":[48],"tags":[],"class_list":["post-5006","post","type-post","status-publish","format-standard","has-post-thumbnail","hentry","category-mundo"],"distributor_meta":false,"distributor_terms":false,"distributor_media":false,"distributor_original_site_name":"Portal de Recupera\u00e7\u00e3o","distributor_original_site_url":"https:\/\/portalderecuperacao.com","push-errors":false,"_links":{"self":[{"href":"https:\/\/noticiasdestaque.com.br\/index.php\/wp-json\/wp\/v2\/posts\/5006","targetHints":{"allow":["GET"]}}],"collection":[{"href":"https:\/\/noticiasdestaque.com.br\/index.php\/wp-json\/wp\/v2\/posts"}],"about":[{"href":"https:\/\/noticiasdestaque.com.br\/index.php\/wp-json\/wp\/v2\/types\/post"}],"author":[{"embeddable":true,"href":"https:\/\/noticiasdestaque.com.br\/index.php\/wp-json\/wp\/v2\/users\/1"}],"replies":[{"embeddable":true,"href":"https:\/\/noticiasdestaque.com.br\/index.php\/wp-json\/wp\/v2\/comments?post=5006"}],"version-history":[{"count":0,"href":"https:\/\/noticiasdestaque.com.br\/index.php\/wp-json\/wp\/v2\/posts\/5006\/revisions"}],"wp:featuredmedia":[{"embeddable":true,"href":"https:\/\/noticiasdestaque.com.br\/index.php\/wp-json\/wp\/v2\/media\/5007"}],"wp:attachment":[{"href":"https:\/\/noticiasdestaque.com.br\/index.php\/wp-json\/wp\/v2\/media?parent=5006"}],"wp:term":[{"taxonomy":"category","embeddable":true,"href":"https:\/\/noticiasdestaque.com.br\/index.php\/wp-json\/wp\/v2\/categories?post=5006"},{"taxonomy":"post_tag","embeddable":true,"href":"https:\/\/noticiasdestaque.com.br\/index.php\/wp-json\/wp\/v2\/tags?post=5006"}],"curies":[{"name":"wp","href":"https:\/\/api.w.org\/{rel}","templated":true}]}}