{"id":5003,"date":"2023-01-16T15:39:44","date_gmt":"2023-01-16T18:39:44","guid":{"rendered":"https:\/\/noticiasdestaque.com.br\/index.php\/2023\/01\/16\/prazo-para-dispensa-de-prova-do-enade-termina-sexta-feira\/"},"modified":"2023-01-16T15:39:44","modified_gmt":"2023-01-16T18:39:44","slug":"prazo-para-dispensa-de-prova-do-enade-termina-sexta-feira","status":"publish","type":"post","link":"https:\/\/noticiasdestaque.com.br\/index.php\/2023\/01\/16\/prazo-para-dispensa-de-prova-do-enade-termina-sexta-feira\/","title":{"rendered":"Prazo para dispensa de prova do Enade 2022 termina\u00a0sexta-feira"},"content":{"rendered":"<style> bloco.meta {font-style: italic; color: #666;font-weight: 600;font-size: .8em; \/* line-height: .3em; *\/}  text h2 { font-weight: 700 !important;  color: #062f46 !important;} text img { width: none; left: none;}<\/style>\n<\/p>\n<p>Termina na pr\u00f3xima sexta-feira (20) o prazo para estudantes e institui\u00e7\u00f5es de educa\u00e7\u00e3o superior apresentarem a solicita\u00e7\u00e3o de dispensa da prova do Exame Nacional de Desempenho dos Estudantes (Enade) 2022. O pedido, contendo a justificativa para a aus\u00eancia no exame, deve ser feito por meio do <a href=\"http:\/\/enade.inep.gov.br\/enade\/#!\/index\" target=\"_blank\" rel=\"noopener\">Sistema Enade<\/a>.<\/p>\n<p>Segundo o Instituto Nacional de Estudos e Pesquisas Educacionais An\u00edsio Teixeira (Inep), \u00e9 preciso comprovar o motivo da falta, mediante documenta\u00e7\u00e3o, conforme as exig\u00eancias previstas em edital. \u201cO estudante pode solicitar a dispensa da prova, mas precisa ter cumprido o requisito de preencher o Question\u00e1rio do Estudante&#8221;, informou, em nota, o Inep.<\/p>\n<p>Entre as situa\u00e7\u00f5es previstas como justificativas de aus\u00eancia est\u00e3o acidente, assalto, casamento, extravio, perda, furto ou roubo de documento de identifica\u00e7\u00e3o, luto, quest\u00f5es relacionadas \u00e0 sa\u00fade, \u00e0 maternidade ou \u00e0 paternidade, bem como compromissos profissionais e priva\u00e7\u00e3o de liberdade.<\/p>\n<p>Ainda segundo o instituto, casos de aus\u00eancia decorrentes de motivos pessoais ou profissionais devem ser registrados pelos estudantes e analisados pelos respectivos coordenadores de curso. \u201cJ\u00e1 os casos de aus\u00eancia por compromissos acad\u00eamicos vinculados ao curso avaliado devem ser registrados pelos coordenadores e analisados pelo Inep\u201d, acrescentou. <\/p>\n<p>No caso das institui\u00e7\u00f5es de ensino superior, \u00e9 tamb\u00e9m poss\u00edvel \u2013 aos coordenadores de curso \u2013 registrar declara\u00e7\u00f5es referentes a estudantes que n\u00e3o foram inscritos no per\u00edodo previsto, deixaram de ser informados pela institui\u00e7\u00e3o sobre sua inscri\u00e7\u00e3o; n\u00e3o tiveram indica\u00e7\u00e3o correta do polo de apoio presencial, n\u00e3o tiveram seu munic\u00edpio de prova alterado em decorr\u00eancia de mobilidade acad\u00eamica ou foram inscritos indevidamente.<\/p>\n<p>\u201cPessoas com o pedido de dispensa deferido ser\u00e3o automaticamente regularizadas no que diz respeito ao Enade 2022, desde que n\u00e3o tenham pend\u00eancias em rela\u00e7\u00e3o ao Question\u00e1rio do Estudante. A lista de regulares pode ser conferida no Sistema Enade pelos coordenadores de curso e procuradores educacionais institucionais\u201d, informou o Inep.<\/p>\n<p class=\"alt-font font-italic my-2 small text-info\">\n                                                Edi\u00e7\u00e3o:   Gra\u00e7a Adjuto                    <\/p>\n<p>            <!-- blog End --><\/p>\n<p>            <!-- tag and share --><\/p>\n<p> Fonte: EBC <\/p>\n<input type=\"hidden\" id=\"baseurl\" value=\"https:\/\/noticiasdestaque.com.br\"><input type=\"hidden\" id=\"audio_nonce\" value=\"eb7638fb71\">","protected":false},"excerpt":{"rendered":"<p>Pedido deve ser feito na internet, por meio do Sistema Enade<\/p>\n","protected":false},"author":1,"featured_media":5004,"comment_status":"open","ping_status":"open","sticky":false,"template":"","format":"standard","meta":{"fifu_image_url":"","fifu_image_alt":"","footnotes":""},"categories":[48],"tags":[],"class_list":["post-5003","post","type-post","status-publish","format-standard","has-post-thumbnail","hentry","category-mundo"],"distributor_meta":false,"distributor_terms":false,"distributor_media":false,"distributor_original_site_name":"Portal de Recupera\u00e7\u00e3o","distributor_original_site_url":"https:\/\/portalderecuperacao.com","push-errors":false,"_links":{"self":[{"href":"https:\/\/noticiasdestaque.com.br\/index.php\/wp-json\/wp\/v2\/posts\/5003","targetHints":{"allow":["GET"]}}],"collection":[{"href":"https:\/\/noticiasdestaque.com.br\/index.php\/wp-json\/wp\/v2\/posts"}],"about":[{"href":"https:\/\/noticiasdestaque.com.br\/index.php\/wp-json\/wp\/v2\/types\/post"}],"author":[{"embeddable":true,"href":"https:\/\/noticiasdestaque.com.br\/index.php\/wp-json\/wp\/v2\/users\/1"}],"replies":[{"embeddable":true,"href":"https:\/\/noticiasdestaque.com.br\/index.php\/wp-json\/wp\/v2\/comments?post=5003"}],"version-history":[{"count":0,"href":"https:\/\/noticiasdestaque.com.br\/index.php\/wp-json\/wp\/v2\/posts\/5003\/revisions"}],"wp:featuredmedia":[{"embeddable":true,"href":"https:\/\/noticiasdestaque.com.br\/index.php\/wp-json\/wp\/v2\/media\/5004"}],"wp:attachment":[{"href":"https:\/\/noticiasdestaque.com.br\/index.php\/wp-json\/wp\/v2\/media?parent=5003"}],"wp:term":[{"taxonomy":"category","embeddable":true,"href":"https:\/\/noticiasdestaque.com.br\/index.php\/wp-json\/wp\/v2\/categories?post=5003"},{"taxonomy":"post_tag","embeddable":true,"href":"https:\/\/noticiasdestaque.com.br\/index.php\/wp-json\/wp\/v2\/tags?post=5003"}],"curies":[{"name":"wp","href":"https:\/\/api.w.org\/{rel}","templated":true}]}}