{"id":5001,"date":"2023-01-13T13:03:55","date_gmt":"2023-01-13T16:03:55","guid":{"rendered":"https:\/\/noticiasdestaque.com.br\/index.php\/2023\/01\/13\/cpf-vai-servir-agora-como-unico-numero-para-identificar-o-cidadao\/"},"modified":"2023-01-13T13:03:55","modified_gmt":"2023-01-13T16:03:55","slug":"cpf-vai-servir-agora-como-unico-numero-para-identificar-o-cidadao","status":"publish","type":"post","link":"https:\/\/noticiasdestaque.com.br\/index.php\/2023\/01\/13\/cpf-vai-servir-agora-como-unico-numero-para-identificar-o-cidadao\/","title":{"rendered":"CPF vai servir agora como \u00fanico n\u00famero para identificar o cidad\u00e3o"},"content":{"rendered":"<p>O presidente Luiz In\u00e1cio Lula da Silva sancionou a <a href=\"https:\/\/www.planalto.gov.br\/ccivil_03\/_ato2023-2026\/2023\/lei\/l14534.htm\">Lei n\u00ba 14.534<\/a> que estabelece o Cadastro de Pessoas F\u00edsicas (CPF) como n\u00famero \u00fanico e suficiente para identifica\u00e7\u00e3o do cidad\u00e3o nos bancos de dados de servi\u00e7os p\u00fablicos<\/p>\n<p>Os governos municipais, estaduais e Federal t\u00eam prazo de 12 meses para se adaptar \u00e0 nova regra. Ap\u00f3s essa mudan\u00e7a, os \u00f3rg\u00e3os p\u00fablicos n\u00e3o poder\u00e3o exigir outros n\u00fameros de identifica\u00e7\u00e3o para o preenchimento de cadastro, como por exemplo, o Programa de Integra\u00e7\u00e3o Social (PIS) e o Registro Geral (RG). Esses documentos poder\u00e3o ser solicitados, mas a falta destas informa\u00e7\u00f5es n\u00e3o impedir\u00e1 a finaliza\u00e7\u00e3o do cadastro.<\/p>\n<p>\n<a href=\"https:\/\/brasil61.com\/n\/por-9-votos-a-2-stf-mantem-afastamento-de-ibaneis-rocha-por-90-dias-bras237675\" target=\"_blank\" rel=\"noopener\">Por 9 votos a 2, STF mant\u00e9m afastamento de Ibaneis Rocha por 90 dias<\/a><\/p>\n<p>A Lei tamb\u00e9m prev\u00ea que \u201co n\u00famero de identifica\u00e7\u00e3o de novos documentos emitidos ou reemitidos por \u00f3rg\u00e3os p\u00fablicos ou por conselhos profissionais ser\u00e1 o n\u00famero de inscri\u00e7\u00e3o no CPF.\u201d<\/p>\n<p>O n\u00famero de inscri\u00e7\u00e3o no CPF dever\u00e1 constar nos cadastros de documentos de \u00f3rg\u00e3os p\u00fablicos, do registro civil de pessoas naturais ou dos conselhos profissionais, em especial nos seguintes documentos:<\/p>\n<ul>\n<li>Certid\u00e3o de nascimento;<\/li>\n<li>Certid\u00e3o de casamento;<\/li>\n<li>Certid\u00e3o de \u00f3bito;<\/li>\n<li>Documento Nacional de Identifica\u00e7\u00e3o (DNI);<\/li>\n<li>N\u00famero de Identifica\u00e7\u00e3o do Trabalhador (NIT);<\/li>\n<li>Registro no Programa de Integra\u00e7\u00e3o Social (PIS) ou no Programa de Forma\u00e7\u00e3o do Patrim\u00f4nio do Servidor P\u00fablico (Pasep);<\/li>\n<li>Cart\u00e3o Nacional de Sa\u00fade;<\/li>\n<li>T\u00edtulo de eleitor;<\/li>\n<li>Carteira de Trabalho e Previd\u00eancia Social (CTPS);<\/li>\n<li>N\u00famero da Permiss\u00e3o para Dirigir ou Carteira Nacional de Habilita\u00e7\u00e3o (CNH);<\/li>\n<li>Certificado militar;<\/li>\n<li>Carteira profissional expedida pelos conselhos de fiscaliza\u00e7\u00e3o de profiss\u00e3o regulamentada; e<\/li>\n<li>Outros certificados de registro e n\u00fameros de inscri\u00e7\u00e3o existentes em bases de dados p\u00fablicas federais, estaduais, distritais e municipais.<\/li>\n<\/ul>\n<p>Daniel Marinho, s\u00f3cio do PDK Advogados e especializado em Propriedade Intelectual e Prote\u00e7\u00e3o de Dados Pessoais, explica que a nova Lei facilita ao cidad\u00e3o ceder menos dados para o cadastro em \u00f3rg\u00e3os p\u00fablicos, o que tamb\u00e9m est\u00e1 relacionado \u00e0 LGPD (Lei Geral de Prote\u00e7\u00e3o de Dados).<\/p>\n<p>\u201cO uso do CPF como \u00fanico dado necess\u00e1rio no banco de dados p\u00fablico facilita muito a vida do cidad\u00e3o, que passa a ceder somente esse dado para poder usufruir dos servi\u00e7os p\u00fablicos. Isso tamb\u00e9m conversa com a Lei Geral de Prote\u00e7\u00e3o de Dados, na medida em que voc\u00ea minimiza a utiliza\u00e7\u00e3o de dados pessoais para poder realizar um tratamento em favor do cidad\u00e3o\u201d, completa.<\/p>\n<p>Marinho tamb\u00e9m informa que, ao compartilhar menos dados pessoais, h\u00e1 uma redu\u00e7\u00e3o do risco de vazamento de informa\u00e7\u00f5es e, ao mesmo tempo, garante ao cidad\u00e3o a utiliza\u00e7\u00e3o do servi\u00e7o p\u00fablico de maneira nacional, apenas com o compartilhamento do CPF.\n <\/p>\n<p> Fonte: Brasil61<\/p>\n<input type=\"hidden\" id=\"baseurl\" value=\"https:\/\/noticiasdestaque.com.br\"><input type=\"hidden\" id=\"audio_nonce\" value=\"eb7638fb71\">","protected":false},"excerpt":{"rendered":"<p> Nova lei, que estabelece a medida, aprovada pelo Congresso Nacional, foi sancionada na quarta-feira (11) pelo presidente Lula <\/p>\n","protected":false},"author":1,"featured_media":0,"comment_status":"open","ping_status":"open","sticky":false,"template":"","format":"standard","meta":{"fifu_image_url":"","fifu_image_alt":"","footnotes":""},"categories":[48],"tags":[],"class_list":["post-5001","post","type-post","status-publish","format-standard","hentry","category-mundo"],"distributor_meta":false,"distributor_terms":false,"distributor_media":false,"distributor_original_site_name":"Portal de Recupera\u00e7\u00e3o","distributor_original_site_url":"https:\/\/portalderecuperacao.com","push-errors":false,"_links":{"self":[{"href":"https:\/\/noticiasdestaque.com.br\/index.php\/wp-json\/wp\/v2\/posts\/5001","targetHints":{"allow":["GET"]}}],"collection":[{"href":"https:\/\/noticiasdestaque.com.br\/index.php\/wp-json\/wp\/v2\/posts"}],"about":[{"href":"https:\/\/noticiasdestaque.com.br\/index.php\/wp-json\/wp\/v2\/types\/post"}],"author":[{"embeddable":true,"href":"https:\/\/noticiasdestaque.com.br\/index.php\/wp-json\/wp\/v2\/users\/1"}],"replies":[{"embeddable":true,"href":"https:\/\/noticiasdestaque.com.br\/index.php\/wp-json\/wp\/v2\/comments?post=5001"}],"version-history":[{"count":0,"href":"https:\/\/noticiasdestaque.com.br\/index.php\/wp-json\/wp\/v2\/posts\/5001\/revisions"}],"wp:attachment":[{"href":"https:\/\/noticiasdestaque.com.br\/index.php\/wp-json\/wp\/v2\/media?parent=5001"}],"wp:term":[{"taxonomy":"category","embeddable":true,"href":"https:\/\/noticiasdestaque.com.br\/index.php\/wp-json\/wp\/v2\/categories?post=5001"},{"taxonomy":"post_tag","embeddable":true,"href":"https:\/\/noticiasdestaque.com.br\/index.php\/wp-json\/wp\/v2\/tags?post=5001"}],"curies":[{"name":"wp","href":"https:\/\/api.w.org\/{rel}","templated":true}]}}