{"id":4998,"date":"2023-01-12T15:50:20","date_gmt":"2023-01-12T18:50:20","guid":{"rendered":"https:\/\/noticiasdestaque.com.br\/index.php\/2023\/01\/12\/salario-minimo-pode-ser-reajustado-para-r-somente-em-maio\/"},"modified":"2023-01-12T15:50:20","modified_gmt":"2023-01-12T18:50:20","slug":"salario-minimo-pode-ser-reajustado-para-r-somente-em-maio","status":"publish","type":"post","link":"https:\/\/noticiasdestaque.com.br\/index.php\/2023\/01\/12\/salario-minimo-pode-ser-reajustado-para-r-somente-em-maio\/","title":{"rendered":"Sal\u00e1rio m\u00ednimo pode ser reajustado para R$ 1.320 somente em maio"},"content":{"rendered":"<p>O presidente Luiz In\u00e1cio Lula da Silva prometeu o reajuste do sal\u00e1rio m\u00ednimo de 2023 para R$ 1.320, mas \u00e9 poss\u00edvel que o novo valor s\u00f3 entre em vigor em maio. A medida \u00e9 defendida pela equipe econ\u00f4mica do governo, devido \u00e0 estimativa de custos para arcar com as despesas.<\/p>\n<p>O reajuste do sal\u00e1rio m\u00ednimo \u00e9 uma das propostas presentes na PEC da Transi\u00e7\u00e3o, aprovada pelo Congresso em 21 de dezembro de 2022, mas para ser oficializada, a medida deve ser aprovada pelo presidente da Rep\u00fablica e publicada no Di\u00e1rio Oficial da Uni\u00e3o (DOU).<\/p>\n<p>Esse deve ser o primeiro aumento real do valor em cinco anos, mas, at\u00e9 o momento, o presidente n\u00e3o editou uma Medida Provis\u00f3ria (MP) que formaliza o novo patamar do piso, nem sancionou o Or\u00e7amento de 2023. Diante disso, atualmente, vale o sal\u00e1rio m\u00ednimo de R$ 1.302, fixado por Medida Provis\u00f3ria publicada em dezembro, quando Jair Bolsonaro (PL) ainda assumia o governo.<\/p>\n<p>De acordo com a equipe econ\u00f4mica do atual governo, com o aumento da estimativa de gastos com a previd\u00eancia social e outros benef\u00edcios, os n\u00fameros precisaram ser revistos. Assim, reajustar o piso agora seria dif\u00edcil, j\u00e1 que n\u00e3o h\u00e1 todo o or\u00e7amento necess\u00e1rio.<\/p>\n<p>Hugo Garbe, doutor em economia e professor na Universidade Mackenzie, explica que uma previs\u00e3o no or\u00e7amento tem um impacto de bilh\u00f5es de d\u00f3lares no or\u00e7amento do Governo Federal e, por isso, \u00e9 necess\u00e1rio esse prazo para separar um or\u00e7amento.<\/p>\n<p>Segundo o economista, as consequ\u00eancias dessa medida impactam no poder de compra da popula\u00e7\u00e3o e, consequentemente, na economia como um todo. \u201cA consequ\u00eancia da demora pode ser uma melhora na economia brasileira porque quando o trabalhador recebe um aumento ele vai gastar esse dinheiro de forma quase que imediata\u201d, afirma.<\/p>\n<p>Em 2022, 35,5 milh\u00f5es de trabalhadores brasileiros recebiam at\u00e9 um sal\u00e1rio m\u00ednimo, segundo dados da Pesquisa Nacional por Amostra de Domic\u00edlios (Pnad), do Instituto Brasileiro de Geografia e Estat\u00edstica (IBGE).<\/p>\n<p>Na \u00faltima segunda-feira (9), o ministro do Trabalho, Luiz Marinho, daria um pronunciamento sobre o assunto, mas a coletiva foi cancelada devido \u00e0s manifesta\u00e7\u00f5es realizadas nas sedes dos tr\u00eas Poderes, em Bras\u00edlia.<\/p>\n<p><strong>Leia mais<\/strong><\/p>\n<\/p>\n<p> Fonte: Brasil61<\/p>\n<input type=\"hidden\" id=\"baseurl\" value=\"https:\/\/noticiasdestaque.com.br\"><input type=\"hidden\" id=\"audio_nonce\" value=\"6a24ca502e\">","protected":false},"excerpt":{"rendered":"<p>De acordo com a equipe econ\u00f4mica do governo, n\u00e3o h\u00e1 todo o or\u00e7amento necess\u00e1rio para aumentar o piso no momento<\/p>\n","protected":false},"author":1,"featured_media":0,"comment_status":"open","ping_status":"open","sticky":false,"template":"","format":"standard","meta":{"fifu_image_url":"","fifu_image_alt":"","footnotes":""},"categories":[59],"tags":[],"class_list":["post-4998","post","type-post","status-publish","format-standard","hentry","category-economia"],"distributor_meta":false,"distributor_terms":false,"distributor_media":false,"distributor_original_site_name":"Portal de Recupera\u00e7\u00e3o","distributor_original_site_url":"https:\/\/portalderecuperacao.com","push-errors":false,"_links":{"self":[{"href":"https:\/\/noticiasdestaque.com.br\/index.php\/wp-json\/wp\/v2\/posts\/4998","targetHints":{"allow":["GET"]}}],"collection":[{"href":"https:\/\/noticiasdestaque.com.br\/index.php\/wp-json\/wp\/v2\/posts"}],"about":[{"href":"https:\/\/noticiasdestaque.com.br\/index.php\/wp-json\/wp\/v2\/types\/post"}],"author":[{"embeddable":true,"href":"https:\/\/noticiasdestaque.com.br\/index.php\/wp-json\/wp\/v2\/users\/1"}],"replies":[{"embeddable":true,"href":"https:\/\/noticiasdestaque.com.br\/index.php\/wp-json\/wp\/v2\/comments?post=4998"}],"version-history":[{"count":0,"href":"https:\/\/noticiasdestaque.com.br\/index.php\/wp-json\/wp\/v2\/posts\/4998\/revisions"}],"wp:attachment":[{"href":"https:\/\/noticiasdestaque.com.br\/index.php\/wp-json\/wp\/v2\/media?parent=4998"}],"wp:term":[{"taxonomy":"category","embeddable":true,"href":"https:\/\/noticiasdestaque.com.br\/index.php\/wp-json\/wp\/v2\/categories?post=4998"},{"taxonomy":"post_tag","embeddable":true,"href":"https:\/\/noticiasdestaque.com.br\/index.php\/wp-json\/wp\/v2\/tags?post=4998"}],"curies":[{"name":"wp","href":"https:\/\/api.w.org\/{rel}","templated":true}]}}