{"id":4995,"date":"2023-01-11T15:50:30","date_gmt":"2023-01-11T18:50:30","guid":{"rendered":"https:\/\/noticiasdestaque.com.br\/index.php\/2023\/01\/11\/moraes-quem-financiou-e-incentivou-atos-golpistas-sera-punido\/"},"modified":"2023-01-11T15:50:30","modified_gmt":"2023-01-11T18:50:30","slug":"moraes-quem-financiou-e-incentivou-atos-golpistas-sera-punido","status":"publish","type":"post","link":"https:\/\/noticiasdestaque.com.br\/index.php\/2023\/01\/11\/moraes-quem-financiou-e-incentivou-atos-golpistas-sera-punido\/","title":{"rendered":"Moraes: quem financiou e incentivou atos golpistas ser\u00e1 punido"},"content":{"rendered":"<style> bloco.meta {font-style: italic; color: #666;font-weight: 600;font-size: .8em; \/* line-height: .3em; *\/}  text h2 { font-weight: 700 !important;  color: #062f46 !important;} text img { width: none; left: none;}<\/style>\n<\/p>\n<p>O ministro Alexandre de Moraes, do Supremo Tribunal Federal (STF), disse hoje (10) que todos aqueles que financiaram ou incentivaram os atos golpistas, seja por a\u00e7\u00e3o ou omiss\u00e3o, ser\u00e3o punidos no rigor da lei, al\u00e9m dos pr\u00f3prios v\u00e2ndalos que atacaram as sedes dos Tr\u00eas Poderes no domingo (8).<\/p>\n<p>\u201cAs institui\u00e7\u00f5es v\u00e3o punir todos os respons\u00e1veis, todos. Aqueles que praticaram os atos, aqueles que financiaram, aqueles que contribu\u00edram, aqueles que incentivaram, por a\u00e7\u00e3o ou por omiss\u00e3o, porque a democaracia vai prevalecer\u201d, afirmou Moraes, que discursou na sede da Pol\u00edcia Federal (PF), em Bras\u00edlia, durante a posse do novo diretor-geral da coorpora\u00e7\u00e3o, Andrei Rodrigues.<\/p>\n<p>Moraes \u00e9 relator de dois inqu\u00e9ritos no Supremo Tribunal Federal (STF), que apuram o planejamento e a realiza\u00e7\u00e3o de atos antidemocr\u00e1ticos por parte de apoiadores do ex-presidente Jair Bolsonaro. No \u00e2mbito desses processos, o ministro afastou, na madrugada de segunda-feira (9), o governador do Distrito Federal (DF), Ibaneis Rocha (MDB), e determinou a pris\u00e3o em flagrante de quem n\u00e3o se retirasse de acampamentos golpistas em frente a unidades das For\u00e7as Armadas em todo o pa\u00eds.<\/p>\n<p>Ontem (9), o maior desses acampamentos, em frente ao quartel-general do Ex\u00e9rcito em Bras\u00edlia, foi removido pela Pol\u00edcia do Ex\u00e9rcito, com o aux\u00edlio da Pol\u00edcia Militar do DF. A medida foi cumprida sob supervis\u00e3o de Ricardo Capelli, nomeado interventor federal na Seguran\u00e7a P\u00fablica distrital pelo presidente Luiz In\u00e1cio Lula da Silva. Aproximadamente 1.200 pessoas que se encontravam no local foram levadas em dezenas de \u00f4nibus para instala\u00e7\u00f5es da PF, onde est\u00e3o sendo ouvidas e fichadas.<\/p>\n<p>Moraes disse que os que praticaram atos violentos \u201cn\u00e3o s\u00e3o civilizados\u201d, sendo aplaudido pela plateia. Acrescentou que essas pessoas n\u00e3o devem achar \u201cque ser preso \u00e9 estar em col\u00f4nia de f\u00e9rias\u201d, pois ser\u00e3o punidos no rigor da lei. Na decis\u00e3o em que determinou as pris\u00f5es em flagrante, ele apontou ao menos sete crimes que podem ter sido cometidos pelos detidos, incluindo aqueles contra o Estado Democr\u00e1tico de Direito e a soberania nacional. &#8220;N\u00e3o achem que as institui\u00e7\u00f5es ir\u00e3o fraquejar&#8221;, afirmou.<\/p>\n<blockquote>\n<p>\u201cAs institui\u00e7\u00f5es n\u00e3o s\u00e3o feitas s\u00f3 de m\u00e1rmore, cadeiras e mesas, s\u00e3o feitas de pessoas, de coragem, de cumprimento da lei\u201d, afirmou Moraes. \u201cN\u00e3o haver\u00e1 apaziguamento\u201d, garantiu.<\/p>\n<\/blockquote>\n<p>Ele elogiou o delegado Andrei Rodrigues, novo diretor-geral da PF, que disse ter compet\u00eancia t\u00e9cnica e acad\u00eamica, com capacidade \u201cde pensar, inovar, de trabalhar\u201d.<\/p>\n<p>\u201cO grande desafio das pol\u00edcias \u00e9 a quest\u00e3o da intelig\u00eancia, da informa\u00e7\u00e3o, da jun\u00e7\u00e3o de informa\u00e7\u00f5es para que possamos nos planejar, para que possamos nos antecipar, nos prevenir da criminalidade\u201d, disse Alexandre de Moraes.<\/p>\n<p>Ainda na segunda-feira (9), o ministro da Justi\u00e7a e Seguran\u00e7a P\u00fablica, Fl\u00e1vio Dino, informou que j\u00e1 foram identificadas as empresas donas dos \u00f4nibus apreendidos que trouxeram golpistas radicais at\u00e9 Bras\u00edlia. A Advocacia-Geral da Uni\u00e3o (AGU) prepara o pedido de bloqueio de contas dessas pessoas jur\u00eddicas. <\/p>\n<p><em>Mat\u00e9ria alterada \u00e0s 16h04 para corre\u00e7\u00e3o do nome do delegado Andrei Rodrigues.<\/em><\/p>\n<p class=\"alt-font font-italic my-2 small text-info\">\n                                                Edi\u00e7\u00e3o:   Gra\u00e7a Adjuto                    <\/p>\n<p>            <!-- blog End --><\/p>\n<p>            <!-- tag and share --><\/p>\n<p> Fonte: EBC <\/p>\n<input type=\"hidden\" id=\"baseurl\" value=\"https:\/\/noticiasdestaque.com.br\"><input type=\"hidden\" id=\"audio_nonce\" value=\"6a24ca502e\">","protected":false},"excerpt":{"rendered":"<p>Ministro do STF falou durante posse do novo diretor-geral da PF<\/p>\n","protected":false},"author":1,"featured_media":4996,"comment_status":"open","ping_status":"open","sticky":false,"template":"","format":"standard","meta":{"fifu_image_url":"","fifu_image_alt":"","footnotes":""},"categories":[48],"tags":[],"class_list":["post-4995","post","type-post","status-publish","format-standard","has-post-thumbnail","hentry","category-mundo"],"distributor_meta":false,"distributor_terms":false,"distributor_media":false,"distributor_original_site_name":"Portal de Recupera\u00e7\u00e3o","distributor_original_site_url":"https:\/\/portalderecuperacao.com","push-errors":false,"_links":{"self":[{"href":"https:\/\/noticiasdestaque.com.br\/index.php\/wp-json\/wp\/v2\/posts\/4995","targetHints":{"allow":["GET"]}}],"collection":[{"href":"https:\/\/noticiasdestaque.com.br\/index.php\/wp-json\/wp\/v2\/posts"}],"about":[{"href":"https:\/\/noticiasdestaque.com.br\/index.php\/wp-json\/wp\/v2\/types\/post"}],"author":[{"embeddable":true,"href":"https:\/\/noticiasdestaque.com.br\/index.php\/wp-json\/wp\/v2\/users\/1"}],"replies":[{"embeddable":true,"href":"https:\/\/noticiasdestaque.com.br\/index.php\/wp-json\/wp\/v2\/comments?post=4995"}],"version-history":[{"count":0,"href":"https:\/\/noticiasdestaque.com.br\/index.php\/wp-json\/wp\/v2\/posts\/4995\/revisions"}],"wp:featuredmedia":[{"embeddable":true,"href":"https:\/\/noticiasdestaque.com.br\/index.php\/wp-json\/wp\/v2\/media\/4996"}],"wp:attachment":[{"href":"https:\/\/noticiasdestaque.com.br\/index.php\/wp-json\/wp\/v2\/media?parent=4995"}],"wp:term":[{"taxonomy":"category","embeddable":true,"href":"https:\/\/noticiasdestaque.com.br\/index.php\/wp-json\/wp\/v2\/categories?post=4995"},{"taxonomy":"post_tag","embeddable":true,"href":"https:\/\/noticiasdestaque.com.br\/index.php\/wp-json\/wp\/v2\/tags?post=4995"}],"curies":[{"name":"wp","href":"https:\/\/api.w.org\/{rel}","templated":true}]}}