{"id":4988,"date":"2023-01-08T17:44:54","date_gmt":"2023-01-08T20:44:54","guid":{"rendered":"https:\/\/noticiasdestaque.com.br\/index.php\/2023\/01\/08\/brasil-registra-primeiro-caso-da-variante-xbb-do-coronavirus\/"},"modified":"2023-01-08T17:44:54","modified_gmt":"2023-01-08T20:44:54","slug":"brasil-registra-primeiro-caso-da-variante-xbb-do-coronavirus","status":"publish","type":"post","link":"https:\/\/noticiasdestaque.com.br\/index.php\/2023\/01\/08\/brasil-registra-primeiro-caso-da-variante-xbb-do-coronavirus\/","title":{"rendered":"Brasil registra primeiro caso da variante XBB.1.5 do coronav\u00edrus"},"content":{"rendered":"<p>O Brasil confirma o primeiro caso de pessoa contaminada com a variante XBB.1.5 do coronav\u00edrus, afirma a Rede Dasa. A v\u00edtima \u00e9 uma paciente de 54 anos do interior de S\u00e3o Paulo, moradora da cidade de Indaiatuba<\/p>\n<p>Ainda de acordo com a Dasa, que \u00e9 l\u00edder em medicina diagn\u00f3stica no Brasil e na Am\u00e9rica Latina, a amostra foi coletada em novembro de 2022, mas a confirma\u00e7\u00e3o da nova variante ocorreu apenas agora devido ao tempo necess\u00e1rio para o sequenciamento das mais de 1.300 amostras selecionadas naquele m\u00eas.<\/p>\n<p>Em nota, a Secretaria de Estado da Sa\u00fade de S\u00e3o Paulo (SES) afirma que mant\u00e9m o monitoramento do cen\u00e1rio epidemiol\u00f3gico em todo o territ\u00f3rio estadual. \u201cA confirma\u00e7\u00e3o de variantes ocorre por meio de sequenciamento gen\u00e9tico e, no momento, um caso da variante XBB.1.5 foi confirmado por um laborat\u00f3rio particular e est\u00e1 sob acompanhamento junto ao munic\u00edpio de origem\u201d, diz parte do documento. <\/p>\n<p>De acordo com a Organiza\u00e7\u00e3o Mundial da Sa\u00fade, a OMS, a variante XBB \u00e9 uma recombina\u00e7\u00e3o de sublinhagens da \u00d4micron, com uma \u201cvantagem de crescimento\u201d sobre outras cepas identificadas e potencial de contamina\u00e7\u00e3o cinco vezes maior. Nos Estados Unidos, onde a nova muta\u00e7\u00e3o do v\u00edrus surgiu, o n\u00famero de casos registrados da variante representava 1%. Nesses primeiros meses de janeiro representam 40%. <\/p>\n<\/p>\n<p>M\u00e9dico infectologista de Goi\u00e1s, consultor da Sociedade Brasileira de Infectologia, Marcelo Daher explica que n\u00e3o h\u00e1 motivo para alarde da popula\u00e7\u00e3o, embora alerte para a import\u00e2ncia da vacina\u00e7\u00e3o. O especialista explica que os n\u00fameros de casos nos ir\u00e3o aumentar nos pr\u00f3ximos dias, mas que as pessoas vacinadas estar\u00e3o protegidas, destacando a import\u00e2ncia de se adotarem as medidas de seguran\u00e7a, recomendadas pelas autoridades de sa\u00fade p\u00fablica. <\/p>\n<p>\u201cProvavelmente teremos um novo pico da doen\u00e7a, uma nova onda com transmiss\u00f5es intensas, mas sem maiores gravidades\u201d, comenta. \u201cO que precisamos refor\u00e7a: a vacina traz prote\u00e7\u00e3o, n\u00e3o protege contra as infec\u00e7\u00f5es, mas protege contra os casos graves da doen\u00e7a\u201d, diz. <\/p>\n<p>Segundo dados do Minist\u00e9rio da Sa\u00fade, mais de 170 milh\u00f5es de pessoas est\u00e3o vacinadas com as duas doses, o que equivale a 80% da popula\u00e7\u00e3o. M\u00e9dico infectologista do Distrito Federal, Julival Ribeiro explica que a nova variante tem forte poder de transmiss\u00e3o e consegue driblar o sistema imunol\u00f3gico, fazendo com que as vacinas percam for\u00e7a e piorando alguns quadros. Da\u00ed a import\u00e2ncia de completar o ciclo vacinal, al\u00e9m de usar m\u00e1scara e lavar as m\u00e3os constantemente. <\/p>\n<p>\u201c\u00c9 importante salientar que a pandemia n\u00e3o acabou, tem v\u00e1rias subvariantes circulando no mundo, inclusive tem milhares de casos ocorrendo envolvendo duas subvariantes na China. Temos que nos cuidar\u201d, alerta. \u201cTodas as pessoas devem ser vacinadas contra a Covid-19. E aquelas que n\u00e3o receberam a dose de refor\u00e7o devem fazer. Da\u00ed a import\u00e2ncia de se vacinar o ciclo completo justamente para se prevenir de casos graves, hospitaliza\u00e7\u00f5es e morte\u201d, orienta. <\/p>\n<p> Fonte: Brasil61<\/p>\n<input type=\"hidden\" id=\"baseurl\" value=\"https:\/\/noticiasdestaque.com.br\"><input type=\"hidden\" id=\"audio_nonce\" value=\"eb7638fb71\">","protected":false},"excerpt":{"rendered":"<p>Especialistas alertam para a import\u00e2ncia da vacina\u00e7\u00e3o no combate \u00e0 nova cepa<\/p>\n","protected":false},"author":1,"featured_media":0,"comment_status":"open","ping_status":"open","sticky":false,"template":"","format":"standard","meta":{"fifu_image_url":"","fifu_image_alt":"","footnotes":""},"categories":[51],"tags":[],"class_list":["post-4988","post","type-post","status-publish","format-standard","hentry","category-saude"],"distributor_meta":false,"distributor_terms":false,"distributor_media":false,"distributor_original_site_name":"Portal de Recupera\u00e7\u00e3o","distributor_original_site_url":"https:\/\/portalderecuperacao.com","push-errors":false,"_links":{"self":[{"href":"https:\/\/noticiasdestaque.com.br\/index.php\/wp-json\/wp\/v2\/posts\/4988","targetHints":{"allow":["GET"]}}],"collection":[{"href":"https:\/\/noticiasdestaque.com.br\/index.php\/wp-json\/wp\/v2\/posts"}],"about":[{"href":"https:\/\/noticiasdestaque.com.br\/index.php\/wp-json\/wp\/v2\/types\/post"}],"author":[{"embeddable":true,"href":"https:\/\/noticiasdestaque.com.br\/index.php\/wp-json\/wp\/v2\/users\/1"}],"replies":[{"embeddable":true,"href":"https:\/\/noticiasdestaque.com.br\/index.php\/wp-json\/wp\/v2\/comments?post=4988"}],"version-history":[{"count":0,"href":"https:\/\/noticiasdestaque.com.br\/index.php\/wp-json\/wp\/v2\/posts\/4988\/revisions"}],"wp:attachment":[{"href":"https:\/\/noticiasdestaque.com.br\/index.php\/wp-json\/wp\/v2\/media?parent=4988"}],"wp:term":[{"taxonomy":"category","embeddable":true,"href":"https:\/\/noticiasdestaque.com.br\/index.php\/wp-json\/wp\/v2\/categories?post=4988"},{"taxonomy":"post_tag","embeddable":true,"href":"https:\/\/noticiasdestaque.com.br\/index.php\/wp-json\/wp\/v2\/tags?post=4988"}],"curies":[{"name":"wp","href":"https:\/\/api.w.org\/{rel}","templated":true}]}}