{"id":49866,"date":"2026-02-06T16:05:00","date_gmt":"2026-02-06T19:05:00","guid":{"rendered":"https:\/\/noticiasdestaque.com.br\/index.php\/2026\/02\/06\/apexbrasil-anuncia-programa-na-africa-para-ampliar-exportacoes-em-saude-e-seguranca-alimentar\/"},"modified":"2026-02-06T16:05:00","modified_gmt":"2026-02-06T19:05:00","slug":"apexbrasil-anuncia-programa-na-africa-para-ampliar-exportacoes-em-saude-e-seguranca-alimentar","status":"publish","type":"post","link":"https:\/\/noticiasdestaque.com.br\/index.php\/2026\/02\/06\/apexbrasil-anuncia-programa-na-africa-para-ampliar-exportacoes-em-saude-e-seguranca-alimentar\/","title":{"rendered":"ApexBrasil anuncia programa na \u00c1frica para ampliar exporta\u00e7\u00f5es em sa\u00fade e seguran\u00e7a alimentar"},"content":{"rendered":"<p>\t\t\t\t\t\t\t\t\t\t\t<audio controls class=\"b61_audio_player\" data-noticia=\"87624\" src=\"https:\/\/brasil61.com\/rails\/active_storage\/blobs\/eyJfcmFpbHMiOnsibWVzc2FnZSI6IkJBaHBBN2YwQXc9PSIsImV4cCI6bnVsbCwicHVyIjoiYmxvYl9pZCJ9fQ==--372c58f14774278a6c920469cb7f97d9ce33552e\/APEX260102A\"><\/audio><\/p>\n<p><strong>As rela\u00e7\u00f5es entre o Brasil e a \u00c1frica t\u00eam passado por um momento de fortalecimento do di\u00e1logo, coopera\u00e7\u00e3o e rela\u00e7\u00f5es econ\u00f4mico-comerciais. Na \u00faltima semana, a Ag\u00eancia Brasileira de Promo\u00e7\u00e3o de Exporta\u00e7\u00f5es e Investimentos <a href=\"https:\/\/apexbrasil.com.br\/\">(ApexBrasil)<\/a>, em parceria com o Minist\u00e9rio das Rela\u00e7\u00f5es Exterior (MRE), \u00a0concluiu miss\u00f5es empresariais a 04 pa\u00edses africanos (Benim, Qu\u00eania, Ruanda e Eti\u00f3pia), em que, al\u00e9m de colocar em contato empres\u00e1rios brasileiros e africanos, se anunciou novo programa para apoiar as exporta\u00e7\u00f5es brasileiras ao continente africano. \u00a0<\/strong><\/p>\n<p>O programa tem como objetivo fortalecer a coopera\u00e7\u00e3o econ\u00f4mica, intensificar o com\u00e9rcio bilateral e aproximar empresas brasileiras de mercados estrat\u00e9gicos do continente africano.\u00a0<\/p>\n<p><strong>As miss\u00f5es, por si s\u00f3, s\u00e3o marcos nos relacionamentos bilaterais com os pa\u00edses do continente. A miss\u00e3o em Nair\u00f3bi, por exemplo, contou com a participa\u00e7\u00e3o de 26 empresas e cooperativas nacionais, al\u00e9m de institui\u00e7\u00f5es parceiras como <a href=\"https:\/\/sebrae.com.br\/sites\/PortalSebrae\/\" target=\"_blank\">Sebrae<\/a>, <a href=\"https:\/\/www.gov.br\/anvisa\/pt-br\" target=\"_blank\">Anvisa<\/a> e <a href=\"https:\/\/www.embrapa.br\/\" target=\"_blank\">Embrapa<\/a>. Em Nair\u00f3bi, foram realizadas 230 reuni\u00f5es de neg\u00f3cios.<\/strong><\/p>\n<p><a href=\"https:\/\/brasil61.com\/n\/cooperar-para-exportar-iniciativa-da-apexbrasil-estreia-na-gulfood-2026-e-projeta-expansao-do-cooperativismo-nacional-apex260101?email=ildohaenck@gmail.com&amp;utm_source=email_individual&amp;utm_medium=email_individual&amp;utm_campaign=email_individual\" target=\"_blank\">Cooperar para Exportar: iniciativa da ApexBrasil estreia na Gulfood 2026 e projeta expans\u00e3o do cooperativismo nacional<\/a><\/p>\n<p><a href=\"https:\/\/brasil61.com\/n\/parceria-apexbrasil-siaesp-impulsiona-internacionalizacao-do-audiovisual-brasileiro-apex260097\" target=\"_blank\">Parceria ApexBrasil\u2013SIAESP impulsiona internacionaliza\u00e7\u00e3o do audiovisual brasileiro<\/a><\/p>\n<p>O Brasil enfatiza que o fortalecimento dos la\u00e7os comerciais com a \u00c1frica esteja relacionado com seguran\u00e7a alimentar, desenvolvimento de cadeias agroindustriais e fortalecimento do complexo industrial da sa\u00fade, com \u00eanfase tamb\u00e9m na transfer\u00eancia de tecnologia.<\/p>\n<p>Entre as empreendedoras presentes estava Mariane Alves, representante da Paju\u00e7ara Alimentos, uma ind\u00fastria alagoana que produz massas e biscoitos h\u00e1 50 anos. Para ela, o envolvimento da ApexBrasil nas rela\u00e7\u00f5es comerciais d\u00e1 mais garantia a quem pretende exportar.<\/p>\n<p>\u201cEstamos tendo a honra de estar hoje em Nair\u00f3bi, no Qu\u00eania. \u00c9 uma expectativa de um evento de grande magnitude. Ter a parceria da ApexBrasil \u00e9 fundamental para podermos entender esse mercado e fazer neg\u00f3cios com seguran\u00e7a, com todo o apoio que eles sempre nos d\u00e3o\u201d, relatou.<\/p>\n<p><strong>Jorge Viana destacou que a ApexBrasil j\u00e1 realizou sete miss\u00f5es empresariais em 16 pa\u00edses africanos, al\u00e9m de participar de feiras e a\u00e7\u00f5es no Qu\u00eania, Angola, Mo\u00e7ambique, \u00c1frica do Sul e Egito. Segundo ele, a nova a\u00e7\u00e3o atende \u00e0 necessidade de construir parcerias para impulsionar ainda mais o com\u00e9rcio na regi\u00e3o.<\/strong><\/p>\n<p>\u201cAlgo que precisamos tamb\u00e9m \u00e9 retomar o financiamento para exporta\u00e7\u00f5es. J\u00e1 tivemos, e foi um erro ter acabado. \u00c9 uma iniciativa que traz benef\u00edcios tanto para o Brasil quanto para os pa\u00edses africanos\u201d, afirmou.<\/p>\n<p>\u201cN\u00f3s vamos materializar mais rapidamente, porque tudo o que um pa\u00eds precisava fazer para estabelecer parceria, para estabelecer projetos comerciais, eu acho que j\u00e1 foi feito aqui, desde o ambiente da cidade, da seguran\u00e7a necess\u00e1ria, do preparo das pessoas e, obviamente, do ambiente de neg\u00f3cio\u201d, complementou.<\/p>\n<h2>Aporte de recursos e regionaliza\u00e7\u00e3o<\/h2>\n<p><strong>O programa contar\u00e1 com aportes de recursos, colabora\u00e7\u00e3o de parceiros e atua\u00e7\u00e3o regionalizada, atendendo \u00e0s demandas espec\u00edficas de cada mercado no continente africano. As regi\u00f5es abrangidas incluem \u00c1frica Setentrional, \u00c1frica Ocidental, \u00c1frica Oriental e Sul Austral.\u00a0<\/strong><\/p>\n<p>A diretora de Neg\u00f3cios da ApexBrasil, Ana Repezza, ressaltou que as \u00e1reas de sa\u00fade e seguran\u00e7a alimentar seriam tratados como priorit\u00e1rias .<\/p>\n<p>\u201cTemos aqui um debate qualificado de ambas as partes, com grande potencial para parcerias, principalmente na transfer\u00eancia de tecnologia no setor agropecu\u00e1rio e no compartilhamento de experi\u00eancias em toda a cadeia de valor de insumos farmac\u00eauticos, desde a mat\u00e9ria-prima at\u00e9 o produto finalizado\u201d, destacou.<\/p>\n<p>A CEO da KEPROBA (Kenya Export Promotion and Branding Agency), Floyce Mukabana, enfatizou os fortes la\u00e7os diplom\u00e1ticos entre os dois pa\u00edses:<\/p>\n<p>\u201cO Brasil se destaca no cen\u00e1rio internacional em agricultura, energia e manufatura, e podemos explorar essa parceria em prol de ambos os pa\u00edses\u201d.<br \/>\n\u00a0<\/p>\n<p>\t\t\t\t\t\t\t\t\t\t<img loading=\"lazy\" decoding=\"async\" src=\"https:\/\/brasil61.com\/api\/v1\/serve_pixel\/17677\/87624\" alt=\"Pixel Brasil 61\" class=\"b61_pixel\" width=\"0\" height=\"0\"><\/p>\n<input type=\"hidden\" id=\"baseurl\" value=\"https:\/\/noticiasdestaque.com.br\"><input type=\"hidden\" id=\"audio_nonce\" value=\"6a24ca502e\">","protected":false},"excerpt":{"rendered":"<p>Objetivo da iniciativa fortalecer a coopera\u00e7\u00e3o econ\u00f4mica, intensificar o com\u00e9rcio bilateral e aproximar empresas brasileiras de mercados estrat\u00e9gicos do continente africano<\/p>\n","protected":false},"author":1,"featured_media":49867,"comment_status":"open","ping_status":"open","sticky":false,"template":"","format":"standard","meta":{"fifu_image_url":"","fifu_image_alt":"","footnotes":""},"categories":[48],"tags":[],"class_list":["post-49866","post","type-post","status-publish","format-standard","has-post-thumbnail","hentry","category-mundo"],"distributor_meta":false,"distributor_terms":false,"distributor_media":false,"distributor_original_site_name":"Noticias em Destaque","distributor_original_site_url":"https:\/\/noticiasdestaque.com.br","push-errors":false,"_links":{"self":[{"href":"https:\/\/noticiasdestaque.com.br\/index.php\/wp-json\/wp\/v2\/posts\/49866","targetHints":{"allow":["GET"]}}],"collection":[{"href":"https:\/\/noticiasdestaque.com.br\/index.php\/wp-json\/wp\/v2\/posts"}],"about":[{"href":"https:\/\/noticiasdestaque.com.br\/index.php\/wp-json\/wp\/v2\/types\/post"}],"author":[{"embeddable":true,"href":"https:\/\/noticiasdestaque.com.br\/index.php\/wp-json\/wp\/v2\/users\/1"}],"replies":[{"embeddable":true,"href":"https:\/\/noticiasdestaque.com.br\/index.php\/wp-json\/wp\/v2\/comments?post=49866"}],"version-history":[{"count":0,"href":"https:\/\/noticiasdestaque.com.br\/index.php\/wp-json\/wp\/v2\/posts\/49866\/revisions"}],"wp:featuredmedia":[{"embeddable":true,"href":"https:\/\/noticiasdestaque.com.br\/index.php\/wp-json\/wp\/v2\/media\/49867"}],"wp:attachment":[{"href":"https:\/\/noticiasdestaque.com.br\/index.php\/wp-json\/wp\/v2\/media?parent=49866"}],"wp:term":[{"taxonomy":"category","embeddable":true,"href":"https:\/\/noticiasdestaque.com.br\/index.php\/wp-json\/wp\/v2\/categories?post=49866"},{"taxonomy":"post_tag","embeddable":true,"href":"https:\/\/noticiasdestaque.com.br\/index.php\/wp-json\/wp\/v2\/tags?post=49866"}],"curies":[{"name":"wp","href":"https:\/\/api.w.org\/{rel}","templated":true}]}}