{"id":49860,"date":"2026-02-06T04:55:00","date_gmt":"2026-02-06T07:55:00","guid":{"rendered":"https:\/\/noticiasdestaque.com.br\/index.php\/2026\/02\/06\/gasto-brasil-despesas-publicas-superam-r-560-bi-em-2026\/"},"modified":"2026-02-07T01:11:02","modified_gmt":"2026-02-07T04:11:02","slug":"gasto-brasil-despesas-publicas-superam-r-560-bi-em-2026","status":"publish","type":"post","link":"https:\/\/noticiasdestaque.com.br\/index.php\/2026\/02\/06\/gasto-brasil-despesas-publicas-superam-r-560-bi-em-2026\/","title":{"rendered":"Gasto Brasil: despesas p\u00fablicas superam R$ 560 bi em 2026"},"content":{"rendered":"<p>\t\t\t\t\t\t\t\t\t\t<audio controls class=\"b61_audio_player\" data-noticia=\"87612\" src=\"https:\/\/brasil61.com\/rails\/active_storage\/blobs\/eyJfcmFpbHMiOnsibWVzc2FnZSI6IkJBaHBBMkgwQXc9PSIsImV4cCI6bnVsbCwicHVyIjoiYmxvYl9pZCJ9fQ==--f386465ef18f56252c749e154e7a5f146e4b7e1f\/CACB260119A\"><\/audio><\/p>\n<p><strong>As despesas p\u00fablicas brasileiras j\u00e1 ultrapassaram R$ 560 bilh\u00f5es em 2026<\/strong>. O dado pode ser acompanhado em tempo real na <a href=\"https:\/\/gastobrasil.com.br\/\" target=\"_blank\"><strong>plataforma Gasto Brasil<\/strong><\/a>, ferramenta desenvolvida pela <a href=\"https:\/\/cacb.org.br\/\" target=\"_blank\">Confedera\u00e7\u00e3o das Associa\u00e7\u00f5es Comerciais e Empresariais do Brasil (CACB)<\/a>, em parceria com a <a href=\"https:\/\/acsp.com.br\/\" target=\"_blank\">Associa\u00e7\u00e3o Comercial e Empresarial de S\u00e3o Paulo (ACSP)<\/a>.<\/p>\n<p>Do total apurado, mais de <strong>R$ 230 bilh\u00f5es<\/strong> correspondem a gastos da Uni\u00e3o, <strong>R$ 160 bilh\u00f5es<\/strong> dos estados e do Distrito Federal e <strong>R$ 175 bilh\u00f5es<\/strong> dos munic\u00edpios. Os n\u00fameros foram consolidados na segunda-feira (2) e englobam <strong>despesas com pessoal e encargos sociais, investimentos, invers\u00f5es financeiras e outros gastos correntes<\/strong>.<\/p>\n<p>Na compara\u00e7\u00e3o com a <strong>arrecada\u00e7\u00e3o tribut\u00e1ria<\/strong> registrada pelo <a href=\"https:\/\/www.acsp.com.br\/impostometro\/\" target=\"_blank\"><strong>Impost\u00f4metro<\/strong><\/a>, tamb\u00e9m nesta segunda-feira, o Gasto Brasil mostra que a despesa p\u00fablica j\u00e1 supera a receita. At\u00e9 o momento, a arrecada\u00e7\u00e3o somou cerca de <strong>R$ 480 bilh\u00f5es<\/strong>. O Impost\u00f4metro contabiliza todos os tributos recolhidos pelas tr\u00eas esferas de governo, incluindo <strong>impostos, taxas, contribui\u00e7\u00f5es, multas, juros e corre\u00e7\u00e3o monet\u00e1ria<\/strong>.<\/p>\n<h2>Equil\u00edbrio fiscal<\/h2>\n<p>Em ano de elei\u00e7\u00f5es e Copa do Mundo, o <strong>governo federal dever\u00e1 concentrar esfor\u00e7os na busca pelo equil\u00edbrio fiscal<\/strong>. \u00c9 o que orienta o <a href=\"https:\/\/www12.senado.leg.br\/ifi\/pdf\/raf108_jan2026.pdf\" target=\"_blank\">primeiro <strong>Relat\u00f3rio de Acompanhamento Fiscal (RAF)<\/strong> do ano<\/a>, divulgado pela <a href=\"https:\/\/www12.senado.leg.br\/ifi\" target=\"_blank\">Institui\u00e7\u00e3o Fiscal Independente (IFI)<\/a>.<\/p>\n<p>Segundo o relat\u00f3rio, em 2025, o <strong>d\u00e9ficit prim\u00e1rio legal <\/strong>\u2014 que desconsidera determinados gastos autorizados pela legisla\u00e7\u00e3o \u2014 <strong>foi de R$ 9,5 bilh\u00f5es<\/strong>, o equivalente a <strong>0,1% do Produto Interno Bruto (PIB)<\/strong>. O resultado ficou dentro da meta fiscal, que admite d\u00e9ficit ou super\u00e1vit de at\u00e9 <strong>0,25% do PIB<\/strong>.<\/p>\n<p>J\u00e1 o<strong> d\u00e9ficit efetivo<\/strong>, que considera todas as despesas sem exce\u00e7\u00f5es, alcan\u00e7ou R$ 61,7 bilh\u00f5es, ou <strong>0,5% do PIB<\/strong>. Embora a meta tenha sido formalmente cumprida, a IFI ressalta que o resultado efetivo contribui para o <strong>aumento da d\u00edvida bruta do governo central<\/strong>.<\/p>\n<p>Para 2026, o projeto da Lei de Diretrizes Or\u00e7ament\u00e1rias previa exce\u00e7\u00f5es ao arcabou\u00e7o fiscal equivalentes a<strong> 6,7% das despesas<\/strong>. Esse percentual, no entanto, foi ampliado para <strong>8,2%<\/strong> na <a href=\"https:\/\/www.planalto.gov.br\/ccivil_03\/_ato2023-2026\/2025\/lei\/L15321.htm\" target=\"_blank\">lei sancionada<\/a>, o que representa cerca de <strong>R$ 230 bilh\u00f5es em gastos exclu\u00eddos das regras fiscais<\/strong>.<\/p>\n<p>O diretor da IFI, <strong>Alexandre Andrade<\/strong>, alerta para os <strong>riscos na execu\u00e7\u00e3o do or\u00e7amento de 2026<\/strong>, especialmente no que se refere \u00e0s<strong> despesas com benef\u00edcios previdenci\u00e1rios<\/strong>.<\/p>\n<p>\u201cOs par\u00e2metros utilizados foram relativamente otimistas, e a dota\u00e7\u00e3o desta despesa foi reduzida entre a fase de san\u00e7\u00e3o do or\u00e7amento e a proposta original. Ent\u00e3o, identificamos <strong>riscos de aumento de conten\u00e7\u00f5es<\/strong>, seja por <strong>bloqueios ou contingenciamento de despesas discricion\u00e1rias<\/strong>\u201d, avalia.<\/p>\n<p><strong>Cl\u00e1udio Queiroz<\/strong>, coordenador do Gasto Brasil e consultor da CACB, entende ser <strong>inevit\u00e1vel<\/strong>, em algum momento, <strong>a<\/strong> <strong>aprova\u00e7\u00e3o de reformas impopulares<\/strong>, como a administrativa e a previdenci\u00e1ria, al\u00e9m da tribut\u00e1ria, que come\u00e7ou a vigorar este ano.<\/p>\n<p>\u201cSeja qual for o governo, n\u00e3o importa se ele \u00e9 de direita, esquerda ou centro. Vai chegar em 2027 e vai ter que mexer com algumas reformas de impacto para tentar equilibrar as contas p\u00fablicas\u201d, afirma.<\/p>\n<h2>Despesas obrigat\u00f3rias comprimem investimentos<\/h2>\n<p>A elevada participa\u00e7\u00e3o das <strong>despesas obrigat\u00f3rias <\/strong>no or\u00e7amento tamb\u00e9m preocupa a IFI. Segundo Andrade, <strong>o espa\u00e7o para despesas discricion\u00e1rias \u00e9 limitado<\/strong>, variando entre <strong>5% e 10% do total<\/strong>, o que tem impacto direto sobre os investimentos p\u00fablicos.<\/p>\n<p>\u201cEsse <strong>baixo n\u00edvel de investimentos do governo<\/strong> afeta a taxa de investimento da economia e<strong> limita a capacidade de crescimento do pa\u00eds<\/strong>, ou o que os economistas chamam de PIB potencial\u201d, destaca.<\/p>\n<p>Diante desse cen\u00e1rio, a IFI avalia que, em 2026, o governo federal dever\u00e1 priorizar uma<strong> gest\u00e3o fiscal de curto prazo e adiar medidas estruturais<\/strong>, tanto de <strong>aumento de tributos uanto de cortes expressivos de gastos<\/strong>. Com a dificuldade de obter apoio parlamentar, o objetivo tende a ser <strong>zerar o d\u00e9ficit prim\u00e1rio<\/strong>, e n\u00e3o alcan\u00e7ar o centro da meta de super\u00e1vit, fixado em <strong>0,25% do PIB<\/strong>.<\/p>\n<p>Esse patamar, no entanto, ainda est\u00e1 distante do que a IFI considera necess\u00e1rio para estabilizar a trajet\u00f3ria da d\u00edvida p\u00fablica: um <strong>super\u00e1vit prim\u00e1rio superior a 2% do PIB<\/strong>.<\/p>\n<p><em>*Com informa\u00e7\u00f5es da Senado Not\u00edcias<\/em><\/p>\n<p><strong>VEJA MAIS:<\/strong><\/p>\n<ul>\n<li><a href=\"https:\/\/brasil61.com\/n\/gastos-publicos-superam-r-233-bilhoes-no-inicio-de-2026-cacb260109\" target=\"_blank\">Gastos p\u00fablicos superam R$ 233 bilh\u00f5es no in\u00edcio de 2026<\/a><\/li>\n<li><a href=\"https:\/\/brasil61.com\/n\/congresso-inicia-ano-eleitoral-com-analise-de-vetos-presidenciais-bras2615733\" target=\"_blank\">Congresso inicia ano eleitoral com an\u00e1lise de vetos presidenciais<\/a><\/li>\n<\/ul>\n<p>\t\t\t\t\t\t\t\t\t<img loading=\"lazy\" decoding=\"async\" src=\"https:\/\/brasil61.com\/api\/v1\/serve_pixel\/17677\/87612\" alt=\"Pixel Brasil 61\" class=\"b61_pixel\" width=\"0\" height=\"0\"><\/p>\n<input type=\"hidden\" id=\"baseurl\" value=\"https:\/\/noticiasdestaque.com.br\"><input type=\"hidden\" id=\"audio_nonce\" value=\"6a24ca502e\">","protected":false},"excerpt":{"rendered":"<p>Governo federal deve buscar equil\u00edbrio fiscal, orienta IFI<\/p>\n","protected":false},"author":1,"featured_media":49891,"comment_status":"open","ping_status":"open","sticky":false,"template":"","format":"standard","meta":{"fifu_image_url":"","fifu_image_alt":"","footnotes":""},"categories":[59],"tags":[],"class_list":["post-49860","post","type-post","status-publish","format-standard","has-post-thumbnail","hentry","category-economia"],"distributor_meta":false,"distributor_terms":false,"distributor_media":false,"distributor_original_site_name":"Noticias em Destaque","distributor_original_site_url":"https:\/\/noticiasdestaque.com.br","push-errors":false,"_links":{"self":[{"href":"https:\/\/noticiasdestaque.com.br\/index.php\/wp-json\/wp\/v2\/posts\/49860","targetHints":{"allow":["GET"]}}],"collection":[{"href":"https:\/\/noticiasdestaque.com.br\/index.php\/wp-json\/wp\/v2\/posts"}],"about":[{"href":"https:\/\/noticiasdestaque.com.br\/index.php\/wp-json\/wp\/v2\/types\/post"}],"author":[{"embeddable":true,"href":"https:\/\/noticiasdestaque.com.br\/index.php\/wp-json\/wp\/v2\/users\/1"}],"replies":[{"embeddable":true,"href":"https:\/\/noticiasdestaque.com.br\/index.php\/wp-json\/wp\/v2\/comments?post=49860"}],"version-history":[{"count":1,"href":"https:\/\/noticiasdestaque.com.br\/index.php\/wp-json\/wp\/v2\/posts\/49860\/revisions"}],"predecessor-version":[{"id":49890,"href":"https:\/\/noticiasdestaque.com.br\/index.php\/wp-json\/wp\/v2\/posts\/49860\/revisions\/49890"}],"wp:featuredmedia":[{"embeddable":true,"href":"https:\/\/noticiasdestaque.com.br\/index.php\/wp-json\/wp\/v2\/media\/49891"}],"wp:attachment":[{"href":"https:\/\/noticiasdestaque.com.br\/index.php\/wp-json\/wp\/v2\/media?parent=49860"}],"wp:term":[{"taxonomy":"category","embeddable":true,"href":"https:\/\/noticiasdestaque.com.br\/index.php\/wp-json\/wp\/v2\/categories?post=49860"},{"taxonomy":"post_tag","embeddable":true,"href":"https:\/\/noticiasdestaque.com.br\/index.php\/wp-json\/wp\/v2\/tags?post=49860"}],"curies":[{"name":"wp","href":"https:\/\/api.w.org\/{rel}","templated":true}]}}