{"id":49854,"date":"2026-02-06T04:25:00","date_gmt":"2026-02-06T07:25:00","guid":{"rendered":"https:\/\/noticiasdestaque.com.br\/index.php\/2026\/02\/06\/frentes-parlamentares-se-unem-para-promover-e-fortalecer-o-mercado-brasileiro-de-biocombustiveis\/"},"modified":"2026-02-08T01:09:57","modified_gmt":"2026-02-08T04:09:57","slug":"frentes-parlamentares-se-unem-para-promover-e-fortalecer-o-mercado-brasileiro-de-biocombustiveis","status":"publish","type":"post","link":"https:\/\/noticiasdestaque.com.br\/index.php\/2026\/02\/06\/frentes-parlamentares-se-unem-para-promover-e-fortalecer-o-mercado-brasileiro-de-biocombustiveis\/","title":{"rendered":"Frentes parlamentares se unem para promover e fortalecer o mercado brasileiro de biocombust\u00edveis"},"content":{"rendered":"<p>\t\t\t\t\t\t\t\t\t\t<audio controls class=\"b61_audio_player\" data-noticia=\"87609\" src=\"https:\/\/brasil61.com\/rails\/active_storage\/blobs\/eyJfcmFpbHMiOnsibWVzc2FnZSI6IkJBaHBBMlAwQXc9PSIsImV4cCI6bnVsbCwicHVyIjoiYmxvYl9pZCJ9fQ==--bd64cde996fe101d9383092d39f607f4c082d408\/BRAS2615796A\"><\/audio><\/p>\n<p>Lan\u00e7ada na <a href=\"https:\/\/brasil61.com\/noticias\/tag\/camara-dos-deputados\">C\u00e2mara dos Deputados<\/a> na quarta-feira (4), a Coaliz\u00e3o dos Biocombust\u00edveis surge como um espa\u00e7o de articula\u00e7\u00e3o entre o Legislativo e o setor produtivo para fortalecer os biocombust\u00edveis como eixo central da transi\u00e7\u00e3o energ\u00e9tica brasileira. A Coaliz\u00e3o \u00e9 formada inicialmente pelas <a href=\"https:\/\/fpagropecuaria.org.br\/\">Frentes Parlamentares da Agropecu\u00e1ria (FPA)<\/a>, do <a href=\"https:\/\/fpbiodiesel.com.br\/\">Biodiesel (FPBio)<\/a>, do <a href=\"https:\/\/www.camara.leg.br\/internet\/deputado\/frenteDetalhe.asp?id=54565\">Etanol (FPEtanol)<\/a> e da <a href=\"https:\/\/www.camara.leg.br\/internet\/deputado\/frenteDetalhe.asp?id=54545\">Economia Verde<\/a>.\u00a0<\/p>\n<p>Com atua\u00e7\u00e3o junto ao Executivo, o grupo rec\u00e9m inaugurado pretende contribuir para a formula\u00e7\u00e3o de pol\u00edticas, metas e instrumentos que consolidem o Brasil como refer\u00eancia global em energia limpa, conciliando desenvolvimento econ\u00f4mico, inclus\u00e3o social e sustentabilidade ambiental.<\/p>\n<p>A coordena\u00e7\u00e3o da bancada ficou com o deputado <a href=\"https:\/\/brasil61.com\/noticias\/tag\/deputado-arnaldo-jardim-cidadania-sp\">Arnaldo Jardim (Cidadania-SP)<\/a>, que j\u00e1 acumula as fun\u00e7\u00f5es de coordenador das frentes parlamentares do Cooperativismo (<a href=\"https:\/\/www.camara.leg.br\/internet\/deputado\/frenteDetalhe.asp?id=54501\">Frencoop<\/a>) e da Economia Verde, al\u00e9m da <a href=\"https:\/\/www2.camara.leg.br\/atividade-legislativa\/comissoes\/comissoes-temporarias\/especiais\/57a-legislatura\/transicao-energetica-e-producao-de-hidrogenio-verde\">Comiss\u00e3o de Transi\u00e7\u00e3o Energ\u00e9tica<\/a> da C\u00e2mara dos Deputados. Ele foi o relator do projeto que virou a <a href=\"https:\/\/www.planalto.gov.br\/ccivil_03\/_ato2023-2026\/2024\/lei\/l14993.htm\">Lei dos Combust\u00edveis do Futuro<\/a>, um dos principais impulsionadores do movimento, respons\u00e1vel por direcionar cerca de R$ 260 bilh\u00f5es de investimento.<\/p>\n<h2>Objetivos<\/h2>\n<p>Entre os princ\u00edpios defendidos pela coaliz\u00e3o est\u00e3o o reconhecimento dos biocombust\u00edveis como pol\u00edtica de Estado, a integra\u00e7\u00e3o entre energia, ind\u00fastria, agropecu\u00e1ria e meio ambiente, o est\u00edmulo \u00e0 produ\u00e7\u00e3o nacional, \u00e0 valoriza\u00e7\u00e3o da economia circular e ao uso de res\u00edduos na gera\u00e7\u00e3o de energia limpa. A iniciativa tamb\u00e9m destaca a import\u00e2ncia da Avalia\u00e7\u00e3o do Ciclo de Vida (ACV) como crit\u00e9rio t\u00e9cnico para mensurar o impacto ambiental dos combust\u00edveis.<\/p>\n<p>Al\u00e9m disso, o grupo defende um planejamento estruturado para a substitui\u00e7\u00e3o gradual dos combust\u00edveis f\u00f3sseis, com metas claras, instrumentos de financiamento e a discuss\u00e3o sobre a cria\u00e7\u00e3o de um Fundo Nacional para a Transi\u00e7\u00e3o Energ\u00e9tica. Para os participantes, o Brasil re\u00fane condi\u00e7\u00f5es \u00fanicas para liderar a economia de baixo carbono, com impactos positivos ambientais, sociais e econ\u00f4micos.<\/p>\n<p>Um dos primeiros desafios do bloco ser\u00e1 barrar a possibilidade de importa\u00e7\u00e3o de biodiesel, tema que entrou em debate ap\u00f3s a abertura de consulta p\u00fablica pelo <a href=\"https:\/\/www.gov.br\/mme\/pt-br\">Minist\u00e9rio de Minas e Energia<\/a>. O setor argumenta que a produ\u00e7\u00e3o nacional \u00e9 suficiente para atender \u00e0 demanda e que a importa\u00e7\u00e3o pode prejudicar as ind\u00fastrias brasileiras.<\/p>\n<h2>COP 30<\/h2>\n<p>Um dos principais resultados da <a href=\"https:\/\/brasil61.com\/noticias\/tag\/cop-30\">COP 30<\/a>, realizada em Bel\u00e9m do Par\u00e1 no ano passado, foi o compromisso assumido pelo governo federal de criar um mapa do caminho para a descarboniza\u00e7\u00e3o energ\u00e9tica, com os biocombust\u00edveis ganhando destaque na tarefa de substituir a utiliza\u00e7\u00e3o de combust\u00edveis f\u00f3sseis, mais nocivos ao meio ambiente.\u00a0<\/p>\n<p>Eles s\u00e3o produzidos a partir de rejeitos ou dejetos de origem animal e vegetal, como o baga\u00e7o de cana ou fezes su\u00ednas. Dessas biomassas surgem o etanol, o biodiesel e o biog\u00e1s, capazes de fazer mover ve\u00edculos \u00e0 combust\u00e3o, com a vantagem de emitir menos gases poluentes, e ainda aproveitam mat\u00e9rias que antes eram descartadas na natureza.<\/p>\n<p>\t\t\t\t\t\t\t\t\t<img loading=\"lazy\" decoding=\"async\" src=\"https:\/\/brasil61.com\/api\/v1\/serve_pixel\/17677\/87609\" alt=\"Pixel Brasil 61\" class=\"b61_pixel\" width=\"0\" height=\"0\"><\/p>\n<input type=\"hidden\" id=\"baseurl\" value=\"https:\/\/noticiasdestaque.com.br\"><input type=\"hidden\" id=\"audio_nonce\" value=\"6a24ca502e\">","protected":false},"excerpt":{"rendered":"<p>Coaliz\u00e3o dos Biocombust\u00edveis re\u00fane lideran\u00e7as pol\u00edticas e empresariais em prol do protagonismo do Brasil na transi\u00e7\u00e3o energ\u00e9tica<\/p>\n","protected":false},"author":1,"featured_media":49904,"comment_status":"open","ping_status":"open","sticky":false,"template":"","format":"standard","meta":{"fifu_image_url":"","fifu_image_alt":"","footnotes":""},"categories":[50],"tags":[],"class_list":["post-49854","post","type-post","status-publish","format-standard","has-post-thumbnail","hentry","category-politica"],"distributor_meta":false,"distributor_terms":false,"distributor_media":false,"distributor_original_site_name":"Noticias em Destaque","distributor_original_site_url":"https:\/\/noticiasdestaque.com.br","push-errors":false,"_links":{"self":[{"href":"https:\/\/noticiasdestaque.com.br\/index.php\/wp-json\/wp\/v2\/posts\/49854","targetHints":{"allow":["GET"]}}],"collection":[{"href":"https:\/\/noticiasdestaque.com.br\/index.php\/wp-json\/wp\/v2\/posts"}],"about":[{"href":"https:\/\/noticiasdestaque.com.br\/index.php\/wp-json\/wp\/v2\/types\/post"}],"author":[{"embeddable":true,"href":"https:\/\/noticiasdestaque.com.br\/index.php\/wp-json\/wp\/v2\/users\/1"}],"replies":[{"embeddable":true,"href":"https:\/\/noticiasdestaque.com.br\/index.php\/wp-json\/wp\/v2\/comments?post=49854"}],"version-history":[{"count":1,"href":"https:\/\/noticiasdestaque.com.br\/index.php\/wp-json\/wp\/v2\/posts\/49854\/revisions"}],"predecessor-version":[{"id":49903,"href":"https:\/\/noticiasdestaque.com.br\/index.php\/wp-json\/wp\/v2\/posts\/49854\/revisions\/49903"}],"wp:featuredmedia":[{"embeddable":true,"href":"https:\/\/noticiasdestaque.com.br\/index.php\/wp-json\/wp\/v2\/media\/49904"}],"wp:attachment":[{"href":"https:\/\/noticiasdestaque.com.br\/index.php\/wp-json\/wp\/v2\/media?parent=49854"}],"wp:term":[{"taxonomy":"category","embeddable":true,"href":"https:\/\/noticiasdestaque.com.br\/index.php\/wp-json\/wp\/v2\/categories?post=49854"},{"taxonomy":"post_tag","embeddable":true,"href":"https:\/\/noticiasdestaque.com.br\/index.php\/wp-json\/wp\/v2\/tags?post=49854"}],"curies":[{"name":"wp","href":"https:\/\/api.w.org\/{rel}","templated":true}]}}