{"id":49850,"date":"2026-02-06T04:20:00","date_gmt":"2026-02-06T07:20:00","guid":{"rendered":"https:\/\/noticiasdestaque.com.br\/index.php\/2026\/02\/06\/oms-alerta-para-aumento-expressivo-de-casos-de-sarampo-nas-americas\/"},"modified":"2026-02-08T01:09:56","modified_gmt":"2026-02-08T04:09:56","slug":"oms-alerta-para-aumento-expressivo-de-casos-de-sarampo-nas-americas","status":"publish","type":"post","link":"https:\/\/noticiasdestaque.com.br\/index.php\/2026\/02\/06\/oms-alerta-para-aumento-expressivo-de-casos-de-sarampo-nas-americas\/","title":{"rendered":"OMS alerta para aumento expressivo de casos de sarampo nas Am\u00e9ricas"},"content":{"rendered":"<p>\t\t\t\t\t\t\t\t\t\t<audio controls class=\"b61_audio_player\" data-noticia=\"87601\" src=\"https:\/\/brasil61.com\/rails\/active_storage\/blobs\/eyJfcmFpbHMiOnsibWVzc2FnZSI6IkJBaHBBMTMwQXc9PSIsImV4cCI6bnVsbCwicHVyIjoiYmxvYl9pZCJ9fQ==--fcfc7e28695d235cd0ed3dc745a0fdb4aeff37c9\/BRAS2615795A\"><\/audio><\/p>\n<p>A Organiza\u00e7\u00e3o Pan-Americana da Sa\u00fade (<a href=\"https:\/\/www.paho.org\/pt\/brasil\">OPAS<\/a>), vinculada \u00e0 Organiza\u00e7\u00e3o Mundial da Sa\u00fade (<a href=\"https:\/\/www.who.int\/pt\/about\">OMS<\/a>), emitiu um <a href=\"https:\/\/www.paho.org\/pt\/noticias\/4-2-2026-opas-emite-alerta-epidemiologico-diante-da-persistencia-do-sarampo-nas-americas-e\">alerta<\/a> diante do<strong> aumento acentuado dos casos de <a href=\"https:\/\/www.paho.org\/pt\/topicos\/sarampo\">sarampo<\/a> na Regi\u00e3o das Am\u00e9ricas<\/strong>. Ap\u00f3s cinco anos de baixa circula\u00e7\u00e3o, a <strong>doen\u00e7a voltou a apresentar persist\u00eancia de casos e surtos em diversos pa\u00edses ao longo de 2025<\/strong>, <strong>tend\u00eancia que<\/strong>, segundo a entidade, <strong>se mant\u00e9m no in\u00edcio de 2026<\/strong>.<\/p>\n<p>No ano anterior, foram confirmados <strong>14.891 casos<\/strong>, dos quais 29 evolu\u00edram para \u00f3bito. M\u00e9xico, Canad\u00e1 e Estados Unidos concentraram cerca de 95% das notifica\u00e7\u00f5es, com um total de 14.106 casos.<\/p>\n<p><strong>Confira a distribui\u00e7\u00e3o das incid\u00eancias de sarampo nas Am\u00e9ricas em 2025:<\/strong><\/p>\n<table>\n<tbody>\n<tr>\n<th style=\"text-align:center\">Pa\u00eds<\/th>\n<th style=\"text-align:center\">Casos notificados<\/th>\n<th style=\"text-align:center\">\u00d3bitos<\/th>\n<\/tr>\n<tr>\n<td>Argentina<\/td>\n<td style=\"text-align:center\">36<\/td>\n<td style=\"text-align:center\">&#8211;<\/td>\n<\/tr>\n<tr>\n<td>Belize<\/td>\n<td style=\"text-align:center\">44<\/td>\n<td style=\"text-align:center\">&#8211;<\/td>\n<\/tr>\n<tr>\n<td>Bol\u00edvia (Estado Plurinacional)<\/td>\n<td style=\"text-align:center\">597<\/td>\n<td style=\"text-align:center\">&#8211;<\/td>\n<\/tr>\n<tr>\n<td>Brasil<\/td>\n<td style=\"text-align:center\">38<\/td>\n<td style=\"text-align:center\">&#8211;<\/td>\n<\/tr>\n<tr>\n<td>Canad\u00e1<\/td>\n<td style=\"text-align:center\">5.436<\/td>\n<td style=\"text-align:center\">2<\/td>\n<\/tr>\n<tr>\n<td>Costa Rica<\/td>\n<td style=\"text-align:center\">1<\/td>\n<td style=\"text-align:center\">&#8211;<\/td>\n<\/tr>\n<tr>\n<td>El Salvador<\/td>\n<td style=\"text-align:center\">1<\/td>\n<td style=\"text-align:center\">&#8211;<\/td>\n<\/tr>\n<tr>\n<td>Estados Unidos da Am\u00e9rica<\/td>\n<td style=\"text-align:center\">2.242<\/td>\n<td style=\"text-align:center\">3<\/td>\n<\/tr>\n<tr>\n<td>Guatemala<\/td>\n<td style=\"text-align:center\">1<\/td>\n<td style=\"text-align:center\">&#8211;<\/td>\n<\/tr>\n<tr>\n<td>M\u00e9xico<\/td>\n<td style=\"text-align:center\">6.428<\/td>\n<td style=\"text-align:center\">24<\/td>\n<\/tr>\n<tr>\n<td>Paraguai<\/td>\n<td style=\"text-align:center\">49<\/td>\n<td style=\"text-align:center\">&#8211;<\/td>\n<\/tr>\n<tr>\n<td>Peru<\/td>\n<td style=\"text-align:center\">5<\/td>\n<td style=\"text-align:center\">&#8211;<\/td>\n<\/tr>\n<tr>\n<td>Uruguai<\/td>\n<td style=\"text-align:center\">13<\/td>\n<td style=\"text-align:center\">&#8211;<\/td>\n<\/tr>\n<\/tbody>\n<\/table>\n<p><em><span style=\"font-size:10px\"><a href=\"https:\/\/www.paho.org\/pt\/documentos\/alerta-epidemiologico-sarampo-na-regiao-das-americas-3-fevereiro-2026\">Fonte: OPAS<\/a><\/span><\/em><\/p>\n<h2>Aumento acentuado em 2026<\/h2>\n<p>Em <strong>2026<\/strong>, entre a Semana Epidemiol\u00f3gica (SE) 1 e a SE 3,<strong> foram confirmados 1.031 casos da doen\u00e7a na Regi\u00e3o das Am\u00e9ricas<\/strong>, sem registro de \u00f3bitos at\u00e9 o momento. O n\u00famero representa um <strong>aumento de 45 vezes em rela\u00e7\u00e3o<\/strong> aos 23 casos registrados no <strong>mesmo per\u00edodo de 2025<\/strong>. Os<strong> pa\u00edses com notifica\u00e7\u00f5es no in\u00edcio deste ano <\/strong>foram:<\/p>\n<table>\n<tbody>\n<tr>\n<th style=\"text-align:center\">Pa\u00eds<\/th>\n<th style=\"text-align:center\">Casos confirmados<\/th>\n<\/tr>\n<tr>\n<td>Bol\u00edvia<\/td>\n<td style=\"text-align:center\">10<\/td>\n<\/tr>\n<tr>\n<td>Canad\u00e1<\/td>\n<td style=\"text-align:center\">67<\/td>\n<\/tr>\n<tr>\n<td>Chile<\/td>\n<td style=\"text-align:center\">1<\/td>\n<\/tr>\n<tr>\n<td>Estados Unidos da Am\u00e9rica<\/td>\n<td style=\"text-align:center\">171<\/td>\n<\/tr>\n<tr>\n<td>Guatemala<\/td>\n<td style=\"text-align:center\">41<\/td>\n<\/tr>\n<tr>\n<td>M\u00e9xico<\/td>\n<td style=\"text-align:center\">740<\/td>\n<\/tr>\n<tr>\n<td>Uruguai<\/td>\n<td style=\"text-align:center\">2<\/td>\n<\/tr>\n<\/tbody>\n<\/table>\n<p><em><span style=\"font-size:10px\"><a href=\"https:\/\/www.paho.org\/pt\/documentos\/alerta-epidemiologico-sarampo-na-regiao-das-americas-3-fevereiro-2026\">Fonte: OPAS<\/a><\/span><\/em><\/p>\n<p>De acordo com a OPAS, entre os casos confirmados com informa\u00e7\u00f5es dispon\u00edveis, <strong>78% n\u00e3o estavam vacinados<\/strong>.<\/p>\n<h2>Brasil<\/h2>\n<p>Apesar do aumento de casos em pa\u00edses das Am\u00e9ricas, o Brasil segue <a href=\"https:\/\/www.paho.org\/pt\/noticias\/12-11-2024-opas-verifica-que-brasil-e-mais-uma-vez-um-pais-livre-do-sarampo\">livre da circula\u00e7\u00e3o end\u00eamica<\/a> do v\u00edrus, conforme reconhecimento da OPAS. Em 2025, foram confirmados 38 casos de sarampo no pa\u00eds, registrados no Distrito Federal (1) e em seis estados:\u00a0<\/p>\n<ul>\n<li>Maranh\u00e3o (1);<\/li>\n<li>Mato Grosso (6);<\/li>\n<li>Rio de Janeiro (2);<\/li>\n<li>S\u00e3o Paulo (2);<\/li>\n<li>Rio Grande do Sul (1); e\u00a0<\/li>\n<li>Tocantins (25).\u00a0<\/li>\n<\/ul>\n<p>Do total, dez registros foram importados \u2014 contra\u00eddos no exterior \u2014, 25 estiveram relacionados \u00e0 importa\u00e7\u00e3o e tr\u00eas tiveram fonte de infec\u00e7\u00e3o desconhecida. Em rela\u00e7\u00e3o ao hist\u00f3rico vacinal, <strong>94,7% das ocorr\u00eancias envolveram pessoas n\u00e3o vacinadas <\/strong>ou com situa\u00e7\u00e3o vacinal desconhecida.<\/p>\n<p>Segundo o <a href=\"https:\/\/www.paho.org\/pt\/documentos\/alerta-epidemiologico-sarampo-na-regiao-das-americas-3-fevereiro-2026\">Alerta Epidemiol\u00f3gico<\/a>, a distribui\u00e7\u00e3o et\u00e1ria evidencia maior impacto em crian\u00e7as menores de 5 anos, que concentraram 30,6% dos casos (11 registros). Pessoas entre 5 e 19 anos representaram 22,2% (8 casos), enquanto adultos com mais de 20 anos corresponderam a 50% (19 casos).<\/p>\n<h2>Recomenda\u00e7\u00f5es OPAS<\/h2>\n<p>Diante do cen\u00e1rio, a OPAS\/OMS \u201cinsta os Estados Membros a refor\u00e7arem, com car\u00e1ter priorit\u00e1rio, as atividades de vigil\u00e2ncia e vacina\u00e7\u00e3o de rotina e a garantirem uma resposta r\u00e1pida e oportuna aos casos suspeitos\u201d. Entre as recomenda\u00e7\u00f5es est\u00e3o:<\/p>\n<ul>\n<li>o fortalecimento da vigil\u00e2ncia epidemiol\u00f3gica;\u00a0<\/li>\n<li>a amplia\u00e7\u00e3o da vacina\u00e7\u00e3o de rotina; e\u00a0<\/li>\n<li>a resposta r\u00e1pida a casos suspeitos.<\/li>\n<\/ul>\n<h2>Quais os sintomas e como se proteger do sarampo?<\/h2>\n<p>O <a href=\"http:\/\/www.gov.br\/saude\/pt-br\/assuntos\/saude-de-a-a-z\/s\/sarampo\">sarampo<\/a> \u00e9 uma <strong>doen\u00e7a infecciosa altamente transmiss\u00edvel<\/strong>. Os principais sintomas incluem <strong>febre alta (acima de 38,5 \u00b0C) e manchas vermelhas na pele, acompanhadas de tosse seca, conjuntivite, coriza e mal-estar intenso<\/strong>.<\/p>\n<p>Conforme a OMS, a<strong> <a href=\"https:\/\/www.gov.br\/saude\/pt-br\/vacinacao\">vacina\u00e7\u00e3o<\/a> \u00e9 a medida mais eficaz para prevenir o sarampo<\/strong>. No Brasil, a popula\u00e7\u00e3o de 12 meses a 59 anos t\u00eam indica\u00e7\u00e3o para vacina\u00e7\u00e3o. Adolescentes e adultos n\u00e3o vacinados ou com esquema incompleto devem iniciar ou completar a imuniza\u00e7\u00e3o conforme o <a href=\"https:\/\/www.gov.br\/saude\/pt-br\/vacinacao\/calendario\">Calend\u00e1rio Nacional de Vacina\u00e7\u00e3o<\/a>.<\/p>\n<p>O Sistema \u00danico de Sa\u00fade (<a href=\"https:\/\/www.gov.br\/saude\/pt-br\/sus\">SUS<\/a>) <strong>disponibiliza gratuitamente duas vacinas<\/strong>: a tr\u00edplice viral, que protege contra sarampo, caxumba e rub\u00e9ola, e a tetraviral, que inclui tamb\u00e9m a varicela.<\/p>\n<p><strong>VEJA MAIS:\u00a0<\/strong><\/p>\n<ul>\n<li><a href=\"https:\/\/brasil61.com\/n\/brasil-reforca-vacinacao-para-manter-pais-livre-do-sarampo-vaci250322\">Brasil refor\u00e7a vacina\u00e7\u00e3o para manter pa\u00eds livre do sarampo<\/a><\/li>\n<li><a href=\"https:\/\/brasil61.com\/n\/sarampo-quando-suspeitar-blog260791\">Sarampo: quando suspeita<\/a><\/li>\n<\/ul>\n<p>\t\t\t\t\t\t\t\t\t<img loading=\"lazy\" decoding=\"async\" src=\"https:\/\/brasil61.com\/api\/v1\/serve_pixel\/17677\/87601\" alt=\"Pixel Brasil 61\" class=\"b61_pixel\" width=\"0\" height=\"0\"><\/p>\n<input type=\"hidden\" id=\"baseurl\" value=\"https:\/\/noticiasdestaque.com.br\"><input type=\"hidden\" id=\"audio_nonce\" value=\"6a24ca502e\">","protected":false},"excerpt":{"rendered":"<p>M\u00e9xico, Estados Unidos e Canad\u00e1 concentram a maioria dos casos; Brasil segue sem circula\u00e7\u00e3o end\u00eamica<\/p>\n","protected":false},"author":1,"featured_media":49902,"comment_status":"open","ping_status":"open","sticky":false,"template":"","format":"standard","meta":{"fifu_image_url":"","fifu_image_alt":"","footnotes":""},"categories":[51],"tags":[],"class_list":["post-49850","post","type-post","status-publish","format-standard","has-post-thumbnail","hentry","category-saude"],"distributor_meta":false,"distributor_terms":false,"distributor_media":false,"distributor_original_site_name":"Noticias em Destaque","distributor_original_site_url":"https:\/\/noticiasdestaque.com.br","push-errors":false,"_links":{"self":[{"href":"https:\/\/noticiasdestaque.com.br\/index.php\/wp-json\/wp\/v2\/posts\/49850","targetHints":{"allow":["GET"]}}],"collection":[{"href":"https:\/\/noticiasdestaque.com.br\/index.php\/wp-json\/wp\/v2\/posts"}],"about":[{"href":"https:\/\/noticiasdestaque.com.br\/index.php\/wp-json\/wp\/v2\/types\/post"}],"author":[{"embeddable":true,"href":"https:\/\/noticiasdestaque.com.br\/index.php\/wp-json\/wp\/v2\/users\/1"}],"replies":[{"embeddable":true,"href":"https:\/\/noticiasdestaque.com.br\/index.php\/wp-json\/wp\/v2\/comments?post=49850"}],"version-history":[{"count":1,"href":"https:\/\/noticiasdestaque.com.br\/index.php\/wp-json\/wp\/v2\/posts\/49850\/revisions"}],"predecessor-version":[{"id":49901,"href":"https:\/\/noticiasdestaque.com.br\/index.php\/wp-json\/wp\/v2\/posts\/49850\/revisions\/49901"}],"wp:featuredmedia":[{"embeddable":true,"href":"https:\/\/noticiasdestaque.com.br\/index.php\/wp-json\/wp\/v2\/media\/49902"}],"wp:attachment":[{"href":"https:\/\/noticiasdestaque.com.br\/index.php\/wp-json\/wp\/v2\/media?parent=49850"}],"wp:term":[{"taxonomy":"category","embeddable":true,"href":"https:\/\/noticiasdestaque.com.br\/index.php\/wp-json\/wp\/v2\/categories?post=49850"},{"taxonomy":"post_tag","embeddable":true,"href":"https:\/\/noticiasdestaque.com.br\/index.php\/wp-json\/wp\/v2\/tags?post=49850"}],"curies":[{"name":"wp","href":"https:\/\/api.w.org\/{rel}","templated":true}]}}