{"id":4985,"date":"2023-01-05T11:27:16","date_gmt":"2023-01-05T14:27:16","guid":{"rendered":"https:\/\/noticiasdestaque.com.br\/index.php\/2023\/01\/05\/lula-fara-reuniao-com-todos-os-governadores-no-dia-de-janeiro\/"},"modified":"2023-01-05T11:27:16","modified_gmt":"2023-01-05T14:27:16","slug":"lula-fara-reuniao-com-todos-os-governadores-no-dia-de-janeiro","status":"publish","type":"post","link":"https:\/\/noticiasdestaque.com.br\/index.php\/2023\/01\/05\/lula-fara-reuniao-com-todos-os-governadores-no-dia-de-janeiro\/","title":{"rendered":"Lula far\u00e1 reuni\u00e3o com todos os governadores no dia\u00a027 de janeiro"},"content":{"rendered":"<style> bloco.meta {font-style: italic; color: #666;font-weight: 600;font-size: .8em; \/* line-height: .3em; *\/}  text h2 { font-weight: 700 !important;  color: #062f46 !important;} text img { width: none; left: none;}<\/style>\n<\/p>\n<p>O presidente Luiz In\u00e1cio Lula da Silva vai se reunir com os 27 governadores de estado e do Distrito Federal no pr\u00f3ximo dia 27 de janeiro, no Pal\u00e1cio do Planalto, em Bras\u00edlia. A informa\u00e7\u00e3o foi dada pelo ministro da Casa Civil, Rui Costa, em conversa com jornalistas. O encontro j\u00e1 fazia parte dos planos e era verbalizado pelo presidente durante a campanha. <\/p>\n<p>Segundo Rui Costa, a reuni\u00e3o com governadores vai marcar a retomada do di\u00e1logo institucional entre a Uni\u00e3o, estados e munic\u00edpios. <\/p>\n<p>&#8220;A pauta \u00e9 o retorno das rela\u00e7\u00f5es federativas da Uni\u00e3o com os estados e munic\u00edpios, que ficou paralisada todos esses anos. Vamos institucionalizar esse retorno, estabelecer um fluxo. A ideia \u00e9 que o governo tenha reuni\u00f5es regulares com governadores e e com f\u00f3rum de prefeitos para dar capilaridade \u00e0s pol\u00edticas de governo e buscar, eu diria, maior efici\u00eancia no ato de governar&#8221;, afirmou o ministro.   <\/p>\n<p>Ainda segundo Costa, o presidente pedir\u00e1 que os estados tragam seus projetos priorit\u00e1rios para discuss\u00e3o com o governo federal.<\/p>\n<h2>Viagens<\/h2>\n<p>O ministro da Casa Civil tamb\u00e9m informou que Lula far\u00e1 uma primeira viagem a algum estado brasileiro ainda este m\u00eas. O destino ainda est\u00e1 em discuss\u00e3o.  <\/p>\n<p>J\u00e1 a primeira viagem internacional est\u00e1 confirmada para a <a href=\"https:\/\/agenciabrasil.ebc.com.br\/politica\/noticia\/2023-01\/lula-vai-estrear-agenda-internacional-com-viagem-argentina\" target=\"_blank\" rel=\"noopener\">Argentina<\/a>, dias 23 e 24 de janeiro, para uma s\u00e9rie de compromissos, incluindo uma reuni\u00e3o da Comunidade de Estados Latinoamericanos e Caribenhos (Celac), que est\u00e1 sob presid\u00eancia tempor\u00e1ria do pa\u00eds vizinho.<\/p>\n<h2>Reuni\u00e3o ministerial<\/h2>\n<p>J\u00e1 a primeira reuni\u00e3o ministerial do presidente com a equipe ocorrer\u00e1 nesta sexta-feira (6), \u00e0s 9h30, no Pal\u00e1cio do Planalto.<\/p>\n<p>&#8220;A pauta \u00e9 o alinhamento das a\u00e7\u00f5es e procedimentos de governo, garantindo uma a\u00e7\u00e3o coordenada e articulada e uma gest\u00e3o transversal&#8221;, explicou Rui Costa sobre a pauta do encontro. <\/p>\n<p class=\"alt-font font-italic my-2 small text-info\">\n                                                Edi\u00e7\u00e3o:   Aline Leal                    <\/p>\n<p>            <!-- blog End --><\/p>\n<p>            <!-- tag and share --><\/p>\n<p> Fonte: EBC <\/p>\n<input type=\"hidden\" id=\"baseurl\" value=\"https:\/\/noticiasdestaque.com.br\"><input type=\"hidden\" id=\"audio_nonce\" value=\"62ca87eee3\">","protected":false},"excerpt":{"rendered":"<p>Objetivo \u00e9 retomar di\u00e1logo federativo, disse ministro da Casa Civil<\/p>\n","protected":false},"author":1,"featured_media":4986,"comment_status":"open","ping_status":"open","sticky":false,"template":"","format":"standard","meta":{"fifu_image_url":"","fifu_image_alt":"","footnotes":""},"categories":[50],"tags":[],"class_list":["post-4985","post","type-post","status-publish","format-standard","has-post-thumbnail","hentry","category-politica"],"distributor_meta":false,"distributor_terms":false,"distributor_media":false,"distributor_original_site_name":"Portal de Recupera\u00e7\u00e3o","distributor_original_site_url":"https:\/\/portalderecuperacao.com","push-errors":false,"_links":{"self":[{"href":"https:\/\/noticiasdestaque.com.br\/index.php\/wp-json\/wp\/v2\/posts\/4985","targetHints":{"allow":["GET"]}}],"collection":[{"href":"https:\/\/noticiasdestaque.com.br\/index.php\/wp-json\/wp\/v2\/posts"}],"about":[{"href":"https:\/\/noticiasdestaque.com.br\/index.php\/wp-json\/wp\/v2\/types\/post"}],"author":[{"embeddable":true,"href":"https:\/\/noticiasdestaque.com.br\/index.php\/wp-json\/wp\/v2\/users\/1"}],"replies":[{"embeddable":true,"href":"https:\/\/noticiasdestaque.com.br\/index.php\/wp-json\/wp\/v2\/comments?post=4985"}],"version-history":[{"count":0,"href":"https:\/\/noticiasdestaque.com.br\/index.php\/wp-json\/wp\/v2\/posts\/4985\/revisions"}],"wp:featuredmedia":[{"embeddable":true,"href":"https:\/\/noticiasdestaque.com.br\/index.php\/wp-json\/wp\/v2\/media\/4986"}],"wp:attachment":[{"href":"https:\/\/noticiasdestaque.com.br\/index.php\/wp-json\/wp\/v2\/media?parent=4985"}],"wp:term":[{"taxonomy":"category","embeddable":true,"href":"https:\/\/noticiasdestaque.com.br\/index.php\/wp-json\/wp\/v2\/categories?post=4985"},{"taxonomy":"post_tag","embeddable":true,"href":"https:\/\/noticiasdestaque.com.br\/index.php\/wp-json\/wp\/v2\/tags?post=4985"}],"curies":[{"name":"wp","href":"https:\/\/api.w.org\/{rel}","templated":true}]}}