{"id":49835,"date":"2026-02-05T20:30:00","date_gmt":"2026-02-05T23:30:00","guid":{"rendered":"https:\/\/noticiasdestaque.com.br\/index.php\/2026\/02\/05\/caderneta-em-dia-no-tocantins-ministerio-da-saude-reforca-importancia-da-vacinacao-de-criancas-e-adolescentes\/"},"modified":"2026-02-07T01:10:59","modified_gmt":"2026-02-07T04:10:59","slug":"caderneta-em-dia-no-tocantins-ministerio-da-saude-reforca-importancia-da-vacinacao-de-criancas-e-adolescentes","status":"publish","type":"post","link":"https:\/\/noticiasdestaque.com.br\/index.php\/2026\/02\/05\/caderneta-em-dia-no-tocantins-ministerio-da-saude-reforca-importancia-da-vacinacao-de-criancas-e-adolescentes\/","title":{"rendered":"Caderneta em dia no Tocantins: Minist\u00e9rio da Sa\u00fade refor\u00e7a import\u00e2ncia da vacina\u00e7\u00e3o de crian\u00e7as e adolescentes"},"content":{"rendered":"<p>\t\t\t\t\t\t\t\t\t\t<audio controls class=\"b61_audio_player\" data-noticia=\"87598\" src=\"https:\/\/brasil61.com\/rails\/active_storage\/blobs\/eyJfcmFpbHMiOnsibWVzc2FnZSI6IkJBaHBBMWIwQXc9PSIsImV4cCI6bnVsbCwicHVyIjoiYmxvYl9pZCJ9fQ==--31a8a4ca8c5a9d141cdeab4d92cf58bfb02522a6\/VACI260333A\"><\/audio><\/p>\n<p>O Tocantins segue mobilizado para atualizar a caderneta de vacina\u00e7\u00e3o de crian\u00e7as e adolescentes menores de 15 anos. As vacinas do <strong>Calend\u00e1rio Nacional<\/strong> est\u00e3o dispon\u00edveis durante todo o ano nas <strong>Unidades B\u00e1sicas de Sa\u00fade<\/strong>.<\/p>\n<p>Uma das prioridades \u00e9 a vacina tr\u00edplice viral, que protege contra o sarampo. <a href=\"https:\/\/www.gov.br\/saude\/pt-br\/assuntos\/noticias\/2025\/novembro\/esforcos-do-ministerio-da-saude-mantem-o-brasil-livre-do-sarampo-com-reconhecimento-da-opas-oms\" target=\"_blank\">Em 2025, a Regi\u00e3o Norte registrou 25 casos da doen\u00e7a, todos no Tocantins<\/a>. Os registros foram classificados como importados ou relacionados \u00e0 importa\u00e7\u00e3o.<\/p>\n<p>Para ampliar as coberturas vacinais, os gestores de sa\u00fade mant\u00eam campanhas educativas e a mobiliza\u00e7\u00e3o das equipes municipais. Neste in\u00edcio de 2026, o <a href=\"https:\/\/www.gov.br\/saude\/pt-br\/assuntos\/noticias\/2026\/janeiro\/na-contramao-de-decisoes-internacionais-o-brasil-avanca-na-oferta-de-vacinas-para-o-publico-infantil\" target=\"_blank\">Minist\u00e9rio da Sa\u00fade refor\u00e7ou o alerta por meio do aplicativo Meu SUS Digital<\/a>, que envia mensagens aos pais sobre a import\u00e2ncia de manter a vacina\u00e7\u00e3o em dia.<\/p>\n<p>A gerente de Imuniza\u00e7\u00e3o do Tocantins, Marli Jer\u00f4nimo Rodrigues, convoca pais e respons\u00e1veis a levarem as crian\u00e7as para vacinar:<\/p>\n<p>\u201c\u00c9 importante que voc\u00eas mantenham a caderneta de vacina\u00e7\u00e3o dos seus filhos em dia. Procurem a Unidade de Sa\u00fade mais pr\u00f3xima para verificar o calend\u00e1rio vacinal e garantir que todas as doses necess\u00e1rias sejam aplicadas.\u201d\u00a0<br \/>\n\u00a0\u00a0 \u00a0<br \/>\nSegundo o diretor do Departamento do Programa Nacional de Imuniza\u00e7\u00f5es, Eder Gatti, a vacina\u00e7\u00e3o \u00e9 uma das principais formas de prevenir doen\u00e7as e proteger a popula\u00e7\u00e3o. Fa\u00e7a sua parte!<\/p>\n<p>\u201cO Sistema \u00danico de Sa\u00fade, o nosso SUS, est\u00e1 presente em todos os munic\u00edpios do pa\u00eds. E ele leva a vacina at\u00e9 a popula\u00e7\u00e3o. As vacinas oferecidas pelo SUS s\u00e3o muito seguras. N\u00f3s j\u00e1 usamos h\u00e1 muito tempo, ou seja, temos ampla experi\u00eancia no uso dessas vacinas. E s\u00e3o vacinas que protegem e ajudaram a gente a eliminar do nosso territ\u00f3rio doen\u00e7as como a rub\u00e9ola, o sarampo, a paralisia infantil.\u201d<\/p>\n<p><strong>Al\u00e9m do sarampo, o calend\u00e1rio inclui vacinas contra tuberculose, hepatites A e B, poliomielite, difteria, t\u00e9tano, coqueluche, meningites, pneumonia, rotav\u00edrus, febre amarela, influenza, Covid-19 e HPV.<\/strong><\/p>\n<p><a href=\"https:\/\/www.gov.br\/saude\/pt-br\/assuntos\/noticias\/2025\/dezembro\/ministerio-da-saude-amplia-prazo-de-resgate-vacinal-contra-hpv-para-jovens-de-15-a-19-anos-ate-2026\" target=\"_blank\">Sobre o HPV, o Minist\u00e9rio da Sa\u00fade prorrogou at\u00e9 o primeiro semestre de 2026 a estrat\u00e9gia de resgate vacinal para jovens de 15 a 19 anos<\/a> que n\u00e3o receberam a vacina na idade recomendada, entre 9 e 14 anos. A imuniza\u00e7\u00e3o previne diversos tipos de c\u00e2ncer.<\/p>\n<p>Pais e respons\u00e1veis do Tocantins devem atualizar a caderneta de vacina\u00e7\u00e3o de crian\u00e7as e adolescentes menores de 15 anos. A vacina\u00e7\u00e3o est\u00e1 dispon\u00edvel nas Unidades B\u00e1sicas de Sa\u00fade.<\/p>\n<p>Mais informa\u00e7\u00f5es em <a href=\"https:\/\/www.gov.br\/saude\/pt-br\/campanhas-da-saude\/vacinacao\" target=\"_blank\">gov.br\/vacinacao<\/a>.<br \/>\n\u00a0<\/p>\n<p>\t\t\t\t\t\t\t\t\t<img loading=\"lazy\" decoding=\"async\" src=\"https:\/\/brasil61.com\/api\/v1\/serve_pixel\/17677\/87598\" alt=\"Pixel Brasil 61\" class=\"b61_pixel\" width=\"0\" height=\"0\"><\/p>\n<input type=\"hidden\" id=\"baseurl\" value=\"https:\/\/noticiasdestaque.com.br\"><input type=\"hidden\" id=\"audio_nonce\" value=\"6a24ca502e\">","protected":false},"excerpt":{"rendered":"<p>Pais, m\u00e3es e respons\u00e1veis, procurem a Unidade de Sa\u00fade mais pr\u00f3xima e vacinem seus filhos<\/p>\n","protected":false},"author":1,"featured_media":49887,"comment_status":"open","ping_status":"open","sticky":false,"template":"","format":"standard","meta":{"fifu_image_url":"","fifu_image_alt":"","footnotes":""},"categories":[51],"tags":[],"class_list":["post-49835","post","type-post","status-publish","format-standard","has-post-thumbnail","hentry","category-saude"],"distributor_meta":false,"distributor_terms":false,"distributor_media":false,"distributor_original_site_name":"Noticias em Destaque","distributor_original_site_url":"https:\/\/noticiasdestaque.com.br","push-errors":false,"_links":{"self":[{"href":"https:\/\/noticiasdestaque.com.br\/index.php\/wp-json\/wp\/v2\/posts\/49835","targetHints":{"allow":["GET"]}}],"collection":[{"href":"https:\/\/noticiasdestaque.com.br\/index.php\/wp-json\/wp\/v2\/posts"}],"about":[{"href":"https:\/\/noticiasdestaque.com.br\/index.php\/wp-json\/wp\/v2\/types\/post"}],"author":[{"embeddable":true,"href":"https:\/\/noticiasdestaque.com.br\/index.php\/wp-json\/wp\/v2\/users\/1"}],"replies":[{"embeddable":true,"href":"https:\/\/noticiasdestaque.com.br\/index.php\/wp-json\/wp\/v2\/comments?post=49835"}],"version-history":[{"count":1,"href":"https:\/\/noticiasdestaque.com.br\/index.php\/wp-json\/wp\/v2\/posts\/49835\/revisions"}],"predecessor-version":[{"id":49886,"href":"https:\/\/noticiasdestaque.com.br\/index.php\/wp-json\/wp\/v2\/posts\/49835\/revisions\/49886"}],"wp:featuredmedia":[{"embeddable":true,"href":"https:\/\/noticiasdestaque.com.br\/index.php\/wp-json\/wp\/v2\/media\/49887"}],"wp:attachment":[{"href":"https:\/\/noticiasdestaque.com.br\/index.php\/wp-json\/wp\/v2\/media?parent=49835"}],"wp:term":[{"taxonomy":"category","embeddable":true,"href":"https:\/\/noticiasdestaque.com.br\/index.php\/wp-json\/wp\/v2\/categories?post=49835"},{"taxonomy":"post_tag","embeddable":true,"href":"https:\/\/noticiasdestaque.com.br\/index.php\/wp-json\/wp\/v2\/tags?post=49835"}],"curies":[{"name":"wp","href":"https:\/\/api.w.org\/{rel}","templated":true}]}}