{"id":4982,"date":"2023-01-04T12:12:31","date_gmt":"2023-01-04T15:12:31","guid":{"rendered":"https:\/\/noticiasdestaque.com.br\/index.php\/2023\/01\/04\/revogacao-do-decreto-de-armas-provoca-riscos-a-seguranca-no-comercio-e-favorecimento-a-criminosos-apontam-especialistas\/"},"modified":"2023-01-04T12:12:31","modified_gmt":"2023-01-04T15:12:31","slug":"revogacao-do-decreto-de-armas-provoca-riscos-a-seguranca-no-comercio-e-favorecimento-a-criminosos-apontam-especialistas","status":"publish","type":"post","link":"https:\/\/noticiasdestaque.com.br\/index.php\/2023\/01\/04\/revogacao-do-decreto-de-armas-provoca-riscos-a-seguranca-no-comercio-e-favorecimento-a-criminosos-apontam-especialistas\/","title":{"rendered":"Revoga\u00e7\u00e3o do decreto de armas provoca riscos \u00e0 seguran\u00e7a no com\u00e9rcio e favorecimento a criminosos, apontam especialistas"},"content":{"rendered":"<p>Uma das primeiras medidas tomadas pelo rec\u00e9m-empossado presidente da Rep\u00fablica Luiz In\u00e1cio Lula da Silva (PT) foi a revoga\u00e7\u00e3o de uma s\u00e9rie de normas do decreto de armas. A medida foi publicada no Di\u00e1rio Oficial dessa segunda-feira (2) e j\u00e1 est\u00e1 em vigor. A principal mudan\u00e7a est\u00e1 no acesso ao porte e \u00e0 posse desses itens, com a proibi\u00e7\u00e3o da venda de armas e muni\u00e7\u00f5es de uso restrito e limita\u00e7\u00f5es na quantidade de armamentos permitidos por pessoa.<\/p>\n<p>As regulamenta\u00e7\u00f5es sobre flexibiliza\u00e7\u00e3o do porte e posse de armas e muni\u00e7\u00f5es foram sancionadas em 2019, pelo ent\u00e3o presidente Jair Bolsonaro (PL). A medida era uma das promessas de campanha do ex-chefe do Executivo federal. <\/p>\n<p>O ministro da Defesa, Fl\u00e1vio Dino (PSB), que tamb\u00e9m assina o decreto de revoga\u00e7\u00e3o das normas, disse por meio das redes sociais que haver\u00e1 um novo recenseamento geral das armas no Brasil. Segundo o ministro, a medida visa \u201cseparar o joio do trigo\u201d e um grupo de trabalho ser\u00e1 montado para elaborar uma nova regulamenta\u00e7\u00e3o.<\/p>\n<h2>Veja os principais pontos alterados<\/h2>\n<ul>\n<li>Fica proibida a venda de armas e muni\u00e7\u00f5es de uso restrito. Antes, Colecionador, Atirador e Ca\u00e7ador (CAC) tinham direito a ter at\u00e9 60 armas, sendo at\u00e9 30 de uso restrito;<\/li>\n<li>Cada pessoa poder\u00e1 ter, no m\u00e1ximo, tr\u00eas armas de fogo de uso permitido;<\/li>\n<li>Para os CACs, o novo decreto limita a compra de 600 muni\u00e7\u00f5es por arma. Antes era permitido a compra de 5 mil muni\u00e7\u00f5es por arma;<\/li>\n<li>A idade m\u00ednima para ter registro de arma \u00e9 de 25 anos. No antigo decreto, menores de idade poderiam ter acesso a armas de fogo e praticar tiro, desde que com autoriza\u00e7\u00e3o dos pais ou respons\u00e1veis;<\/li>\n<li>Proibi\u00e7\u00e3o do porte de tr\u00e2nsito, o que significa, por exemplo, que CACs n\u00e3o podem mais andar com armas municiadas para ir a competi\u00e7\u00f5es e clubes de tiros;<\/li>\n<li>Suspens\u00e3o de novos registros de CACs e clubes de tiro at\u00e9 nova regulamenta\u00e7\u00e3o.<\/li>\n<\/ul>\n<h2>Consequ\u00eancias da revoga\u00e7\u00e3o<\/h2>\n<p>O instrutor de tiro Lucas Aur\u00e9lio acredita que a medida vai prejudicar o setor como um todo, inclusive na manuten\u00e7\u00e3o e gera\u00e7\u00e3o de empregos. Sobre o porte de tr\u00e2nsito, Aur\u00e9lio, que \u00e9 CAC h\u00e1 tr\u00eas anos, considera que os profissionais ficar\u00e3o mais vulner\u00e1veis a criminosos durante o percurso para competi\u00e7\u00f5es e clubes de tiro.<\/p>\n<p>\u201cA gente vai continuar deixando s\u00f3 o bandido armado. O cidad\u00e3o passa por v\u00e1rias etapas para conseguir uma arma de fogo, demora um per\u00edodo de oito a dez meses, e a gente est\u00e1 vendo tudo ir por \u00e1gua abaixo. Infelizmente \u00e9 o que est\u00e1 acontecendo.\u201d, considera o instrutor de tiro.<\/p>\n<p>Essa preocupa\u00e7\u00e3o tamb\u00e9m \u00e9 compartilhada por especialistas da \u00e1rea de seguran\u00e7a p\u00fablica. De acordo com o cientista pol\u00edtico e especialista em seguran\u00e7a p\u00fablica Ant\u00f4nio Fl\u00e1vio Testa, a revoga\u00e7\u00e3o das normas do decreto das armas foi tomada de forma ideol\u00f3gica. O especialista afirma que a legisla\u00e7\u00e3o e fiscaliza\u00e7\u00e3o no pa\u00eds \u00e9 r\u00edgida para quem possui armamentos e que essa revoga\u00e7\u00e3o vai prejudicar lojistas e profissionais da \u00e1rea, al\u00e9m de favorecer o contrabando.<\/p>\n<p>\u201cFica um discurso ideol\u00f3gico. Voc\u00ea tem no Brasil uma lei que garante o direito de armas legais. N\u00e3o \u00e9 f\u00e1cil voc\u00ea comprar uma arma no Brasil, registrar, \u00e9 muito caro e tem uma burocracia excessiva. Um decreto n\u00e3o pode se sobrepor a uma lei. Fica um discurso ideol\u00f3gico populista.\u201d, analisa Testa.<\/p>\n<p>O especialista em seguran\u00e7a p\u00fablica e privada Leonardo Sant\u2019Anna tamb\u00e9m analisa que a revoga\u00e7\u00e3o \u00e9 equivocada. Para ele, mesmo com o aumento do n\u00famero de registro de armas &#8211; hoje h\u00e1 mais de 2 milh\u00f5es de armas registradas no pa\u00eds &#8211; o n\u00famero de crimes cometidos com esses armamentos n\u00e3o acompanhou esse aumento.<\/p>\n<p>\u201cLocais como o Distrito Federal, por exemplo, que chegou a ter um aumento de 600% na emiss\u00e3o de registro e compras de arma de fogo demonstraram uma redu\u00e7\u00e3o dr\u00e1stica nos \u00edndices de criminalidade, principalmente os CVLI, que s\u00e3o os crimes violentos letais e intencionais.\u201d, analisa Leonardo Sant\u2019Anna.<\/p>\n<h2>Queda nas mortes violentas intencionais <\/h2>\n<p>Em 2017, o Brasil bateu o recorde na taxa de mortes violentas intencionais (MVI), ou crimes violentos letais intencionais (CVLI), segundo o Anu\u00e1rio de Seguran\u00e7a P\u00fablica Brasileiro, com uma m\u00e9dia de 30,9 mortes a cada 100 mil habitantes. No entanto, desde 2018, a m\u00e9dia desse tipo de morte vem caindo no pa\u00eds. Em 2021, segundo dados do Anu\u00e1rio, a taxa caiu para 22,3 mortes a cada 100 mil habitantes.<\/p>\n<p><img decoding=\"async\" alt=\"\" src=\"\/\/s3-sa-east-1.amazonaws.com\/agencia-radio-arb\/5222\/content_Dados_MVI.png\" style=\"width: 100px; height: 68px;\"><\/p>\n<p> Fonte: Brasil61<\/p>\n<input type=\"hidden\" id=\"baseurl\" value=\"https:\/\/noticiasdestaque.com.br\"><input type=\"hidden\" id=\"audio_nonce\" value=\"62ca87eee3\">","protected":false},"excerpt":{"rendered":"<p>Especialistas em seguran\u00e7a p\u00fablica veem medida como equivocada e temem  tamb\u00e9m  pelo aumento do contrabando de armamentos <\/p>\n","protected":false},"author":1,"featured_media":0,"comment_status":"open","ping_status":"open","sticky":false,"template":"","format":"standard","meta":{"fifu_image_url":"","fifu_image_alt":"","footnotes":""},"categories":[48],"tags":[],"class_list":["post-4982","post","type-post","status-publish","format-standard","hentry","category-mundo"],"distributor_meta":false,"distributor_terms":false,"distributor_media":false,"distributor_original_site_name":"Portal de Recupera\u00e7\u00e3o","distributor_original_site_url":"https:\/\/portalderecuperacao.com","push-errors":false,"_links":{"self":[{"href":"https:\/\/noticiasdestaque.com.br\/index.php\/wp-json\/wp\/v2\/posts\/4982","targetHints":{"allow":["GET"]}}],"collection":[{"href":"https:\/\/noticiasdestaque.com.br\/index.php\/wp-json\/wp\/v2\/posts"}],"about":[{"href":"https:\/\/noticiasdestaque.com.br\/index.php\/wp-json\/wp\/v2\/types\/post"}],"author":[{"embeddable":true,"href":"https:\/\/noticiasdestaque.com.br\/index.php\/wp-json\/wp\/v2\/users\/1"}],"replies":[{"embeddable":true,"href":"https:\/\/noticiasdestaque.com.br\/index.php\/wp-json\/wp\/v2\/comments?post=4982"}],"version-history":[{"count":0,"href":"https:\/\/noticiasdestaque.com.br\/index.php\/wp-json\/wp\/v2\/posts\/4982\/revisions"}],"wp:attachment":[{"href":"https:\/\/noticiasdestaque.com.br\/index.php\/wp-json\/wp\/v2\/media?parent=4982"}],"wp:term":[{"taxonomy":"category","embeddable":true,"href":"https:\/\/noticiasdestaque.com.br\/index.php\/wp-json\/wp\/v2\/categories?post=4982"},{"taxonomy":"post_tag","embeddable":true,"href":"https:\/\/noticiasdestaque.com.br\/index.php\/wp-json\/wp\/v2\/tags?post=4982"}],"curies":[{"name":"wp","href":"https:\/\/api.w.org\/{rel}","templated":true}]}}