{"id":49813,"date":"2026-02-05T04:25:00","date_gmt":"2026-02-05T07:25:00","guid":{"rendered":"https:\/\/noticiasdestaque.com.br\/index.php\/2026\/02\/05\/habitacao-mais-de-4-mil-cidades-podem-perder-recursos-federais-por-pendencias-no-snhis\/"},"modified":"2026-02-05T04:25:00","modified_gmt":"2026-02-05T07:25:00","slug":"habitacao-mais-de-4-mil-cidades-podem-perder-recursos-federais-por-pendencias-no-snhis","status":"publish","type":"post","link":"https:\/\/noticiasdestaque.com.br\/index.php\/2026\/02\/05\/habitacao-mais-de-4-mil-cidades-podem-perder-recursos-federais-por-pendencias-no-snhis\/","title":{"rendered":"Habita\u00e7\u00e3o: mais de 4 mil cidades podem perder recursos federais por pend\u00eancias no SNHIS"},"content":{"rendered":"<p>\t\t\t\t\t\t\t\t\t\t\t<audio controls class=\"b61_audio_player\" data-noticia=\"87570\" src=\"https:\/\/brasil61.com\/rails\/active_storage\/blobs\/eyJfcmFpbHMiOnsibWVzc2FnZSI6IkJBaHBBeUR6QXc9PSIsImV4cCI6bnVsbCwicHVyIjoiYmxvYl9pZCJ9fQ==--7c82972a5db7e3d86d745a71e480280c7d884fdd\/BRAS2615783A\"><\/audio><\/p>\n<p>Mais de <strong>4 mil munic\u00edpios brasileiros<\/strong> apresentam <strong>pend\u00eancias <\/strong>no<strong> Sistema Nacional de Habita\u00e7\u00e3o de Interesse Social <\/strong>(<a href=\"https:\/\/www.gov.br\/cidades\/pt-br\/assuntos\/habitacao\/sistema-nacional-de-habitacao-de-interesse-social\">SNHIS<\/a>), o que pode comprometer o acesso a recursos federais destinados \u00e0 habita\u00e7\u00e3o. O alerta consta na Nota T\u00e9cnica 01\/2026 da Confedera\u00e7\u00e3o Nacional de Munic\u00edpios (<a href=\"https:\/\/cnm.org.br\/\">CNM<\/a>).<\/p>\n<\/p>\n<p dir=\"ltr\">De acordo com o levantamento,<strong> 5.430 munic\u00edpios<\/strong> aderiram ao <a href=\"https:\/\/www.gov.br\/cidades\/pt-br\/assuntos\/habitacao\/sistema-nacional-de-habitacao-de-interesse-social\">SNHIS<\/a>, mas apenas <strong>1.423 est\u00e3o com a documenta\u00e7\u00e3o regular<\/strong>, o que representa cerca de 26% do total. Na pr\u00e1tica, aproximadamente 73% das cidades brasileiras seguem em situa\u00e7\u00e3o irregular no sistema.<\/p>\n<p dir=\"ltr\">Entre as principais pend\u00eancias est\u00e3o a<strong> n\u00e3o cria\u00e7\u00e3o do Fundo Local de Habita\u00e7\u00e3o de Interesse Social<\/strong>, a <strong>aus\u00eancia do Conselho Gestor e do Plano Local de Habita\u00e7\u00e3o de Interesse Social<\/strong>, al\u00e9m de falhas no envio de informa\u00e7\u00f5es e relat\u00f3rios exigidos pela legisla\u00e7\u00e3o.<\/p>\n<p dir=\"ltr\">A situa\u00e7\u00e3o \u00e9 considerada mais <strong>cr\u00edtica <\/strong>em munic\u00edpios com at\u00e9 <strong>50 mil habitantes<\/strong>, que concentram a maior parte das irregularidades. As regi\u00f5es <strong>Nordeste <\/strong>e <strong>Sudeste lideram o n\u00famero de cidades com pend\u00eancias<\/strong>, o que pode impactar diretamente a execu\u00e7\u00e3o de pol\u00edticas p\u00fablicas voltadas \u00e0 moradia.<\/p>\n<p dir=\"ltr\">A <a href=\"https:\/\/cnm.org.br\/\">CNM<\/a> tem trabalhado nos pedidos de\u00a0extens\u00e3o dos prazos e na oferta de suporte t\u00e9cnico e financeiro aos munic\u00edpios. A atua\u00e7\u00e3o da entidade levou \u00e0 amplia\u00e7\u00e3o dos prazos, formalizada com a publica\u00e7\u00e3o, em 2024, da Resolu\u00e7\u00e3o CGFNHIS n\u00ba 60\/2024, do Conselho Gestor do Fundo Nacional.\u00a0<\/p>\n<p dir=\"ltr\">A normativa <strong>prorrogou o prazo para que os munic\u00edpios regularizem a situa\u00e7\u00e3o do Plano<\/strong>, do Fundo e do Conselho at\u00e9 <strong>31 de janeiro de 2027<\/strong>, al\u00e9m de estabelecer o prazo at\u00e9 <strong>30 de abril de 2028 <\/strong>para a entrega dos <strong>Relat\u00f3rios Anuais de Gest\u00e3o do Fundo<\/strong>. A regularidade no \u00e2mbito do SNHIS, al\u00e9m de refor\u00e7ar a gest\u00e3o federativa da pol\u00edtica habitacional, previne eventuais impedimentos na contrata\u00e7\u00e3o de determinadas modalidades do Programa Minha Casa, Minha Vida e de outras iniciativas financiadas com recursos do Fundo Nacional de Habita\u00e7\u00e3o de Interesse Social.<\/p>\n<p>\t\t\t\t\t\t\t\t\t\t<img loading=\"lazy\" decoding=\"async\" src=\"https:\/\/brasil61.com\/api\/v1\/serve_pixel\/17677\/87570\" alt=\"Pixel Brasil 61\" class=\"b61_pixel\" width=\"0\" height=\"0\"><\/p>\n<input type=\"hidden\" id=\"baseurl\" value=\"https:\/\/noticiasdestaque.com.br\"><input type=\"hidden\" id=\"audio_nonce\" value=\"6a24ca502e\">","protected":false},"excerpt":{"rendered":"<p>Falta de fundos locais e conselhos gestores compromete a execu\u00e7\u00e3o de pol\u00edticas p\u00fablicas e novos empreendimentos<\/p>\n","protected":false},"author":1,"featured_media":49814,"comment_status":"open","ping_status":"open","sticky":false,"template":"","format":"standard","meta":{"fifu_image_url":"","fifu_image_alt":"","footnotes":""},"categories":[48],"tags":[],"class_list":["post-49813","post","type-post","status-publish","format-standard","has-post-thumbnail","hentry","category-mundo"],"distributor_meta":false,"distributor_terms":false,"distributor_media":false,"distributor_original_site_name":"Noticias em Destaque","distributor_original_site_url":"https:\/\/noticiasdestaque.com.br","push-errors":false,"_links":{"self":[{"href":"https:\/\/noticiasdestaque.com.br\/index.php\/wp-json\/wp\/v2\/posts\/49813","targetHints":{"allow":["GET"]}}],"collection":[{"href":"https:\/\/noticiasdestaque.com.br\/index.php\/wp-json\/wp\/v2\/posts"}],"about":[{"href":"https:\/\/noticiasdestaque.com.br\/index.php\/wp-json\/wp\/v2\/types\/post"}],"author":[{"embeddable":true,"href":"https:\/\/noticiasdestaque.com.br\/index.php\/wp-json\/wp\/v2\/users\/1"}],"replies":[{"embeddable":true,"href":"https:\/\/noticiasdestaque.com.br\/index.php\/wp-json\/wp\/v2\/comments?post=49813"}],"version-history":[{"count":0,"href":"https:\/\/noticiasdestaque.com.br\/index.php\/wp-json\/wp\/v2\/posts\/49813\/revisions"}],"wp:featuredmedia":[{"embeddable":true,"href":"https:\/\/noticiasdestaque.com.br\/index.php\/wp-json\/wp\/v2\/media\/49814"}],"wp:attachment":[{"href":"https:\/\/noticiasdestaque.com.br\/index.php\/wp-json\/wp\/v2\/media?parent=49813"}],"wp:term":[{"taxonomy":"category","embeddable":true,"href":"https:\/\/noticiasdestaque.com.br\/index.php\/wp-json\/wp\/v2\/categories?post=49813"},{"taxonomy":"post_tag","embeddable":true,"href":"https:\/\/noticiasdestaque.com.br\/index.php\/wp-json\/wp\/v2\/tags?post=49813"}],"curies":[{"name":"wp","href":"https:\/\/api.w.org\/{rel}","templated":true}]}}