{"id":4980,"date":"2023-01-04T12:10:17","date_gmt":"2023-01-04T15:10:17","guid":{"rendered":"https:\/\/noticiasdestaque.com.br\/index.php\/2023\/01\/04\/ministerio-da-previdencia-discutira-saidas-para-trabalhador-informal\/"},"modified":"2023-01-04T12:10:17","modified_gmt":"2023-01-04T15:10:17","slug":"ministerio-da-previdencia-discutira-saidas-para-trabalhador-informal","status":"publish","type":"post","link":"https:\/\/noticiasdestaque.com.br\/index.php\/2023\/01\/04\/ministerio-da-previdencia-discutira-saidas-para-trabalhador-informal\/","title":{"rendered":"Minist\u00e9rio da Previd\u00eancia discutir\u00e1 sa\u00eddas para trabalhador informal"},"content":{"rendered":"<style> bloco.meta {font-style: italic; color: #666;font-weight: 600;font-size: .8em; \/* line-height: .3em; *\/}  text h2 { font-weight: 700 !important;  color: #062f46 !important;} text img { width: none; left: none;}<\/style>\n<\/p>\n<p>O novo ministro da Previd\u00eancia, Carlos Lupi, sinalizou a dire\u00e7\u00e3o da nova pasta: encontrar sa\u00eddas de contribui\u00e7\u00e3o para o mercado de trabalho informal. Em conversa com a imprensa no Congresso Nacional no domingo (1\u00ba), momentos antes da posse do presidente Lula, o ministro disse pensar na cria\u00e7\u00e3o de regras diferenciadas para o trabalhador informal poder tamb\u00e9m contribuir para a Previd\u00eancia. Nesta ter\u00e7a-feira (3), <a href=\"https:\/\/agenciabrasil.ebc.com.br\/politica\/noticia\/2023-01\/novo-ministro-da-previdencia-quer-rever-reforma\" target=\"_blank\" rel=\"noopener\">Lupi assumiu oficialmente o minist\u00e9rio<\/a>.<\/p>\n<p>Segundo o ministro, o excesso de trabalho informal, que passou a ser chamado tamb\u00e9m de \u201cuberiza\u00e7\u00e3o do trabalho\u201d, em alus\u00e3o aos aut\u00f4nomos que trabalham para aplicativos de transporte e entrega, \u00e9 uma das quest\u00f5es priorit\u00e1rias a serem resolvidas. A ideia \u00e9 que esses 20 milh\u00f5es de trabalhadores paguem algum valor para a Previd\u00eancia para garantir a aposentadoria e tamb\u00e9m refor\u00e7ar os cofres do seguro social.<\/p>\n<p>\u201cTemos um contingente de 20 milh\u00f5es de brasileiros no servi\u00e7o informal, por conta pr\u00f3pria. E a grande maioria n\u00e3o paga nada para a Previd\u00eancia. Ent\u00e3o, se voc\u00ea cobrar um pre\u00e7o menor para a Previd\u00eancia, dando um teto e um limite diferenciado, voc\u00ea tem uma arrecada\u00e7\u00e3o em potencial que pode melhorar muito a situa\u00e7\u00e3o da Previd\u00eancia\u201d, disse Lupi.<\/p>\n<p>Esse valor cobrado dos informais, segundo o ministro, precisa ser \u201cjusto\u201d. \u201cTem que ser um pre\u00e7o menor e tamb\u00e9m ter um limite diferenciado no valor da Previd\u00eancia. N\u00e3o pode pagar menos para ganhar mais, tem que ser justo\u201d.<\/p>\n<h2>Reforma de 2019<\/h2>\n<p>Lupi tamb\u00e9m criticou a reforma da Previd\u00eancia, aprovada no in\u00edcio do governo passado, em 2019, e quer revis\u00e1-la. Sua proposta envolve reunir representantes do governo, de sindicatos de empregadores, de trabalhadores e de aposentados e fazer uma an\u00e1lise das mudan\u00e7as feitas.<\/p>\n<p>\u201cEu acho que ela foi muito prejudicial \u00e0s classes mais fragilizadas da sociedade. \u00c0s mulheres, aos pobres, os que moram nos grot\u00f5es do Brasil. E eu acho que isso precisa ser analisado com uma vis\u00e3o social. Eu penso que a Previd\u00eancia hoje cumpre um papel de distribui\u00e7\u00e3o de renda como um outro \u00f3rg\u00e3o. S\u00e3o 36 milh\u00f5es de brasileiros que recebem algum tipo de benef\u00edcio da Previd\u00eancia\u201d.<\/p>\n<p class=\"alt-font font-italic my-2 small text-info\">\n                                                Edi\u00e7\u00e3o:   F\u00e1bio Massalli                    <\/p>\n<p>            <!-- blog End --><\/p>\n<p>            <!-- tag and share --><\/p>\n<p> Fonte: EBC <\/p>\n<input type=\"hidden\" id=\"baseurl\" value=\"https:\/\/noticiasdestaque.com.br\"><input type=\"hidden\" id=\"audio_nonce\" value=\"62ca87eee3\">","protected":false},"excerpt":{"rendered":"<p>Carlos Lupi prop\u00f5e regime de contribui\u00e7\u00e3o diferenciado<\/p>\n","protected":false},"author":1,"featured_media":4981,"comment_status":"open","ping_status":"open","sticky":false,"template":"","format":"standard","meta":{"fifu_image_url":"","fifu_image_alt":"","footnotes":""},"categories":[59],"tags":[],"class_list":["post-4980","post","type-post","status-publish","format-standard","has-post-thumbnail","hentry","category-economia"],"distributor_meta":false,"distributor_terms":false,"distributor_media":false,"distributor_original_site_name":"Portal de Recupera\u00e7\u00e3o","distributor_original_site_url":"https:\/\/portalderecuperacao.com","push-errors":false,"_links":{"self":[{"href":"https:\/\/noticiasdestaque.com.br\/index.php\/wp-json\/wp\/v2\/posts\/4980","targetHints":{"allow":["GET"]}}],"collection":[{"href":"https:\/\/noticiasdestaque.com.br\/index.php\/wp-json\/wp\/v2\/posts"}],"about":[{"href":"https:\/\/noticiasdestaque.com.br\/index.php\/wp-json\/wp\/v2\/types\/post"}],"author":[{"embeddable":true,"href":"https:\/\/noticiasdestaque.com.br\/index.php\/wp-json\/wp\/v2\/users\/1"}],"replies":[{"embeddable":true,"href":"https:\/\/noticiasdestaque.com.br\/index.php\/wp-json\/wp\/v2\/comments?post=4980"}],"version-history":[{"count":0,"href":"https:\/\/noticiasdestaque.com.br\/index.php\/wp-json\/wp\/v2\/posts\/4980\/revisions"}],"wp:featuredmedia":[{"embeddable":true,"href":"https:\/\/noticiasdestaque.com.br\/index.php\/wp-json\/wp\/v2\/media\/4981"}],"wp:attachment":[{"href":"https:\/\/noticiasdestaque.com.br\/index.php\/wp-json\/wp\/v2\/media?parent=4980"}],"wp:term":[{"taxonomy":"category","embeddable":true,"href":"https:\/\/noticiasdestaque.com.br\/index.php\/wp-json\/wp\/v2\/categories?post=4980"},{"taxonomy":"post_tag","embeddable":true,"href":"https:\/\/noticiasdestaque.com.br\/index.php\/wp-json\/wp\/v2\/tags?post=4980"}],"curies":[{"name":"wp","href":"https:\/\/api.w.org\/{rel}","templated":true}]}}