{"id":49785,"date":"2026-02-04T18:40:00","date_gmt":"2026-02-04T21:40:00","guid":{"rendered":"https:\/\/noticiasdestaque.com.br\/index.php\/2026\/02\/04\/previsao-do-tempo-quinta-feira-5-de-chuvas-intensas-e-trovoadas-no-sudeste\/"},"modified":"2026-02-07T00:07:32","modified_gmt":"2026-02-07T03:07:32","slug":"previsao-do-tempo-quinta-feira-5-de-chuvas-intensas-e-trovoadas-no-sudeste","status":"publish","type":"post","link":"https:\/\/noticiasdestaque.com.br\/index.php\/2026\/02\/04\/previsao-do-tempo-quinta-feira-5-de-chuvas-intensas-e-trovoadas-no-sudeste\/","title":{"rendered":"PREVIS\u00c3O DO TEMPO: quinta-feira (5) de chuvas intensas e trovoadas no Sudeste"},"content":{"rendered":"<p>\t\t\t\t\t\t\t\t\t\t<audio controls class=\"b61_audio_player\" data-noticia=\"87568\" src=\"https:\/\/brasil61.com\/rails\/active_storage\/blobs\/eyJfcmFpbHMiOnsibWVzc2FnZSI6IkJBaHBBeDd6QXc9PSIsImV4cCI6bnVsbCwicHVyIjoiYmxvYl9pZCJ9fQ==--e5a6fd074ee62fbe15582f3822c9d3b9d1469e52\/PTSD264336A\"><\/audio><\/p>\n<p>A <b>previs\u00e3o do tempo<\/b> para a <b>Regi\u00e3o Sudeste<\/b> do pa\u00eds, nesta <b>quinta-feira (5)<\/b>, \u00e9 de c\u00e9u com <b>muitas<\/b> <b>nuvens<\/b> e <b>pancadas de chuva acompanhadas de trovoadas <\/b>para toda a regi\u00e3o ao longo do dia, com <b>maior intensidade<\/b> a partir da tarde. H\u00e1, ainda, previs\u00e3o de <b>possibilidade de queda de granizo <\/b>para Minas Gerais no in\u00edcio do dia.<\/p>\n<p>Pela <b>manh\u00e3<\/b>, a previs\u00e3o \u00e9 de c\u00e9u de <b>muitas<\/b> <b>nuvens<\/b> com <b>pancadas de chuva isoladas<\/b> para quase toda a regi\u00e3o \u2014 \u00e0 exce\u00e7\u00e3o do Esp\u00edrito Santo, extremo-leste do Rio de Janeiro e nordeste de Minas Gerais, onde n\u00e3o deve chover \u2014, <b>acompanhadas de trovoadas <\/b>no centro-oeste, norte e leste mineiros, extremo-noroeste do Rio e oeste de S\u00e3o Paulo. H\u00e1, ainda, previs\u00e3o de <b>possibilidade de queda de granizo <\/b>para o extremo-noroeste de Minas Gerais.<\/p>\n<p>Durante a <b>tarde<\/b>, as <b>pancadas de chuva isoladas tomam <\/b>toda a regi\u00e3o, mas as<b> trovoadas se restringem <\/b>ao centro-sul do Esp\u00edrito Santo, centro-norte e extremo-oeste de Minas Gerais e oeste de S\u00e3o Paulo.<\/p>\n<p>\u00c0 <b>noite<\/b>, as<b> pancadas de chuva se mant\u00eam <\/b>sobre toda a regi\u00e3o, e as<b> trovoadas tomam <\/b>quase todo o estado mineiro \u2014 \u00e0 exce\u00e7\u00e3o dos extremos-sul e norte \u2014, o norte do Rio de Janeiro e o\u00a0oeste paulista.<\/p>\n<p>O <b>Instituto Nacional de Meteorologia<\/b> (<a href=\"https:\/\/portal.inmet.gov.br\/\">Inmet<\/a>) emitiu alerta de <b>perigo potencial de chuvas intensas<\/b> para toda a regi\u00e3o, al\u00e9m de alerta de <b>perigo de chuvas intensas<\/b> para todo o Rio de Janeiro, centro-sul de Minas Gerais, sul do Esp\u00edrito Santo e norte e extremo-sul do litoral de S\u00e3o Paulo.<\/p>\n<p>Entre as <b>capitais<\/b>, a <b>temperatura<\/b> <b>m\u00ednima<\/b> prevista \u00e9 de <b>18\u00b0C<\/b> em <b>Belo Horizonte e S\u00e3o Paulo<\/b>. J\u00e1 a <b>m\u00e1xima<\/b> pode chegar at\u00e9 <b>33\u00b0C<\/b>, em<b> Vit\u00f3ria<\/b>. A <b>umidade relativa do ar <\/b>varia entre <b>50%<\/b> e <b>100%<\/b>.<\/p>\n<p>\u00a0<\/p>\n<h2>5 motivos para acompanhar as previs\u00f5es do tempo<\/h2>\n<ul>\n<li>Agricultura: garantia de uma boa colheita;<\/li>\n<li>Marinha: prote\u00e7\u00e3o de marinheiros, navios e passageiros;<\/li>\n<li>Aeron\u00e1utica: seguran\u00e7a de pilotos, aeronaves e passageiros;<\/li>\n<li>Pesca: condi\u00e7\u00f5es favor\u00e1veis e seguras para a atividade;<\/li>\n<li>Turismo: garantia de passeios e viagens tranquilas e agrad\u00e1veis.<\/li>\n<\/ul>\n<p>\u00a0<\/p>\n<h2>Import\u00e2ncia das observa\u00e7\u00f5es meteorol\u00f3gicas no INMET<\/h2>\n<p>As observa\u00e7\u00f5es meteorol\u00f3gicas do INMET s\u00e3o essenciais para previs\u00f5es em tempo real, estat\u00edsticas clim\u00e1ticas e coopera\u00e7\u00e3o internacional. Esses dados precisos ajudam a estudar o clima passado e a produzir Normais Climatol\u00f3gicas conforme a Organiza\u00e7\u00e3o Meteorol\u00f3gica Mundial (<a href=\"https:\/\/worldweather.wmo.int\/pt\/home.html\">OMM<\/a>).<\/p>\n<p>As informa\u00e7\u00f5es s\u00e3o do Instituto Nacional de Meteorologia (<a href=\"https:\/\/portal.inmet.gov.br\">Inmet<\/a>).<\/p>\n<p>\t\t\t\t\t\t\t\t\t<img loading=\"lazy\" decoding=\"async\" src=\"https:\/\/brasil61.com\/api\/v1\/serve_pixel\/17677\/87568\" alt=\"Pixel Brasil 61\" class=\"b61_pixel\" width=\"0\" height=\"0\"><\/p>\n<input type=\"hidden\" id=\"baseurl\" value=\"https:\/\/noticiasdestaque.com.br\"><input type=\"hidden\" id=\"audio_nonce\" value=\"6a24ca502e\">","protected":false},"excerpt":{"rendered":"<p>H\u00e1 previs\u00e3o de chuvas intensas com trovoadas para toda a regi\u00e3o ao longo do dia, com maior intensidade a partir da tarde e chance de granizo em MG pela manh\u00e3; temperaturas variam entre 18\u00b0C e 33\u00b0C<\/p>\n","protected":false},"author":1,"featured_media":49885,"comment_status":"open","ping_status":"open","sticky":false,"template":"","format":"standard","meta":{"fifu_image_url":"","fifu_image_alt":"","footnotes":""},"categories":[58],"tags":[],"class_list":["post-49785","post","type-post","status-publish","format-standard","has-post-thumbnail","hentry","category-cotidiano"],"distributor_meta":false,"distributor_terms":false,"distributor_media":false,"distributor_original_site_name":"Noticias em Destaque","distributor_original_site_url":"https:\/\/noticiasdestaque.com.br","push-errors":false,"_links":{"self":[{"href":"https:\/\/noticiasdestaque.com.br\/index.php\/wp-json\/wp\/v2\/posts\/49785","targetHints":{"allow":["GET"]}}],"collection":[{"href":"https:\/\/noticiasdestaque.com.br\/index.php\/wp-json\/wp\/v2\/posts"}],"about":[{"href":"https:\/\/noticiasdestaque.com.br\/index.php\/wp-json\/wp\/v2\/types\/post"}],"author":[{"embeddable":true,"href":"https:\/\/noticiasdestaque.com.br\/index.php\/wp-json\/wp\/v2\/users\/1"}],"replies":[{"embeddable":true,"href":"https:\/\/noticiasdestaque.com.br\/index.php\/wp-json\/wp\/v2\/comments?post=49785"}],"version-history":[{"count":1,"href":"https:\/\/noticiasdestaque.com.br\/index.php\/wp-json\/wp\/v2\/posts\/49785\/revisions"}],"predecessor-version":[{"id":49884,"href":"https:\/\/noticiasdestaque.com.br\/index.php\/wp-json\/wp\/v2\/posts\/49785\/revisions\/49884"}],"wp:featuredmedia":[{"embeddable":true,"href":"https:\/\/noticiasdestaque.com.br\/index.php\/wp-json\/wp\/v2\/media\/49885"}],"wp:attachment":[{"href":"https:\/\/noticiasdestaque.com.br\/index.php\/wp-json\/wp\/v2\/media?parent=49785"}],"wp:term":[{"taxonomy":"category","embeddable":true,"href":"https:\/\/noticiasdestaque.com.br\/index.php\/wp-json\/wp\/v2\/categories?post=49785"},{"taxonomy":"post_tag","embeddable":true,"href":"https:\/\/noticiasdestaque.com.br\/index.php\/wp-json\/wp\/v2\/tags?post=49785"}],"curies":[{"name":"wp","href":"https:\/\/api.w.org\/{rel}","templated":true}]}}