{"id":49777,"date":"2026-02-04T04:55:00","date_gmt":"2026-02-04T07:55:00","guid":{"rendered":"https:\/\/noticiasdestaque.com.br\/index.php\/2026\/02\/04\/reforma-tributaria-parlamentares-e-empresarios-discutem-ajustes-na-regulamentacao\/"},"modified":"2026-02-06T00:07:41","modified_gmt":"2026-02-06T03:07:41","slug":"reforma-tributaria-parlamentares-e-empresarios-discutem-ajustes-na-regulamentacao","status":"publish","type":"post","link":"https:\/\/noticiasdestaque.com.br\/index.php\/2026\/02\/04\/reforma-tributaria-parlamentares-e-empresarios-discutem-ajustes-na-regulamentacao\/","title":{"rendered":"Reforma Tribut\u00e1ria: parlamentares e empres\u00e1rios discutem ajustes na regulamenta\u00e7\u00e3o"},"content":{"rendered":"<p>\t\t\t\t\t\t\t\t\t\t<audio controls class=\"b61_audio_player\" data-noticia=\"87558\" src=\"https:\/\/brasil61.com\/rails\/active_storage\/blobs\/eyJfcmFpbHMiOnsibWVzc2FnZSI6IkJBaHBBeHJ5QXc9PSIsImV4cCI6bnVsbCwicHVyIjoiYmxvYl9pZCJ9fQ==--5995367fe5ac95b06bb23f0a6902589dd683f1b6\/CACB260117A\"><\/audio><\/p>\n<p>A <strong>Frente Parlamentar do Empreendedorismo (FPE) <\/strong>se reuniu nesta ter\u00e7a-feira (3), em Bras\u00edlia, com representantes do setor produtivo e da sociedade civil para debater a <strong>regulamenta\u00e7\u00e3o da Reforma Tribut\u00e1ria sobre o Consumo<\/strong>. Este foi o <strong>primeiro encontro de deputados e senadores do bloco ap\u00f3s o recesso de fim de ano<\/strong>. O tema foi considerado priorit\u00e1rio pelos participantes, j\u00e1 que <a href=\"https:\/\/brasil61.com\/n\/reforma-tributaria-veja-as-principais-mudancas-cacb260110\" target=\"_blank\"><strong>2026 marca o in\u00edcio efetivo da vig\u00eancia da reforma<\/strong><\/a>.<\/p>\n<p>Presente na reuni\u00e3o, o <strong>vice-presidente jur\u00eddico da <a href=\"https:\/\/cacb.org.br\/\" target=\"_blank\">Confedera\u00e7\u00e3o das Associa\u00e7\u00f5es Comerciais e Empresariais do Brasil (CACB)<\/a>, Anderson Trautman Cardoso<\/strong>, avaliou positivamente o encontro e destacou a retomada do di\u00e1logo com o setor produtivo.<\/p>\n<p>\u201cH\u00e1 boas novidades e sinaliza\u00e7\u00f5es positivas. Existe uma cren\u00e7a muito grande de que a reforma tribut\u00e1ria, embora n\u00e3o seja a ideal, possa contribuir para o desenvolvimento do pa\u00eds\u201d, afirmou.<\/p>\n<h2>Impacto no Simples Nacional<\/h2>\n<p>Cardoso tamb\u00e9m chamou aten\u00e7\u00e3o para os <strong>pontos que ainda precisam ser melhorados na reforma<\/strong>, especialmente para as <strong>empresas optantes pelo Simples Nacional<\/strong>.\u00a0<\/p>\n<p>\u201cO sistema foi aprimorado a partir de pleitos apresentados pela CACB, mas ainda temos muitos desafios. A perda de competitividade \u00e9 um deles. Ent\u00e3o, segue aberto o di\u00e1logo para que possamos implementar altera\u00e7\u00f5es pela frente e resgatar a competitividade do Simples Nacional no novo modelo de tributa\u00e7\u00e3o\u201d, destacou.<\/p>\n<p>Atualmente, quando uma pequena empresa vende para outra enquadrada no regime do Lucro Real, a compradora credita integralmente o valor devido a t\u00edtulo de PIS e Cofins \u2014 os chamados <strong>cr\u00e9ditos tribut\u00e1rios<\/strong>.<\/p>\n<p>No novo modelo, esse <strong>aproveitamento de cr\u00e9ditos passa a ser proporcional ao montante recolhido pelo fornecedor, de acordo com a faixa em que estiver enquadrado no Simples<\/strong>. Como o regime possui uma carga tribut\u00e1ria reduzida, o cr\u00e9dito gerado ser\u00e1 menor do que o gerado em compras feitas de empresas do regime geral, o que pode <strong>levar grandes companhias a priorizarem fornecedores fora do Simples<\/strong>.<\/p>\n<p>O <strong>deputado Domingos S\u00e1vio<\/strong> (PL-MG) ressaltou a import\u00e2ncia do Simples Nacional como um instrumento constitucional de <strong>incentivo \u00e0s micro e pequenas empresas<\/strong>, por meio da simplifica\u00e7\u00e3o tribut\u00e1ria e da menor carga de impostos.<\/p>\n<p>\u201cCom a proibi\u00e7\u00e3o de incentivos, o Simples tende a sofrer duras consequ\u00eancias por perder capacidade competitiva frente aos grandes fornecedores. Mas n\u00f3s precisamos ter abertura para continuar debatendo o assunto\u201d, afirmou.<\/p>\n<p>A solu\u00e7\u00e3o prevista na pr\u00f3pria reforma \u00e9 permitir que a <strong>empresa saia do Simples apenas em rela\u00e7\u00e3o aos tributos sobre consumo <\/strong>\u2014 IBS e CBS \u2014 e passe a recolh\u00ea-los pelo regime geral (com cr\u00e9dito e d\u00e9bito).\u00a0<\/p>\n<p>Para o <strong>deputado federal Joaquim Passarinho<\/strong> (PL-PA), essa alternativa representa, na pr\u00e1tica, o enfraquecimento do Simples Nacional.<\/p>\n<p>\u201cInformalmente decreta-se a finaliza\u00e7\u00e3o da microempresa do Simples Nacional. A ideia \u00e9 que possamos ter algum tipo de <strong>compensa\u00e7\u00e3o <\/strong>por isso. Porque, sen\u00e3o, ele vai estar fora do mercado. N\u00f3s discutimos sobre isso durante a reforma. O governo diz que entende, mas, infelizmente, n\u00e3o apresentou uma solu\u00e7\u00e3o\u201d, disse.<\/p>\n<p>Al\u00e9m da regulamenta\u00e7\u00e3o da reforma tribut\u00e1ria, a reuni\u00e3o tamb\u00e9m abordou outros temas de interesse do setor produtivo, como a <strong>redu\u00e7\u00e3o da jornada de trabalho <\/strong>e os impactos da <strong>redu\u00e7\u00e3o de benef\u00edcios fiscais previstos na <a href=\"https:\/\/www.planalto.gov.br\/ccivil_03\/leis\/lcp\/lcp224.htm\" target=\"_blank\">Lei Complementar n\u00ba 224\/2025<\/a><\/strong>.<\/p>\n<p><strong>VEJA MAIS:<\/strong><\/p>\n<ul>\n<li><a href=\"https:\/\/brasil61.com\/n\/reforma-tributaria-amplia-creditos-e-poe-fim-a-cobranca-em-cascata-cacb260115\" target=\"_blank\">Reforma Tribut\u00e1ria amplia cr\u00e9ditos e p\u00f5e fim \u00e0 cobran\u00e7a em cascata<\/a><\/li>\n<li><a href=\"https:\/\/brasil61.com\/n\/reforma-tributaria-simples-nacional-perde-competitividade-cacb260112\" target=\"_blank\">Reforma Tribut\u00e1ria: Simples Nacional perde competitividade<\/a><\/li>\n<\/ul>\n<p>\t\t\t\t\t\t\t\t\t<img loading=\"lazy\" decoding=\"async\" src=\"https:\/\/brasil61.com\/api\/v1\/serve_pixel\/17677\/87558\" alt=\"Pixel Brasil 61\" class=\"b61_pixel\" width=\"0\" height=\"0\"><\/p>\n<input type=\"hidden\" id=\"baseurl\" value=\"https:\/\/noticiasdestaque.com.br\"><input type=\"hidden\" id=\"audio_nonce\" value=\"6a24ca502e\">","protected":false},"excerpt":{"rendered":"<p>Encontro da Frente Parlamentar do Empreendedorismo marca retomada dos trabalhos ap\u00f3s o recesso e destaca desafios para o Simples Nacional<\/p>\n","protected":false},"author":1,"featured_media":49845,"comment_status":"open","ping_status":"open","sticky":false,"template":"","format":"standard","meta":{"fifu_image_url":"","fifu_image_alt":"","footnotes":""},"categories":[59],"tags":[],"class_list":["post-49777","post","type-post","status-publish","format-standard","has-post-thumbnail","hentry","category-economia"],"distributor_meta":false,"distributor_terms":false,"distributor_media":false,"distributor_original_site_name":"Noticias em Destaque","distributor_original_site_url":"https:\/\/noticiasdestaque.com.br","push-errors":false,"_links":{"self":[{"href":"https:\/\/noticiasdestaque.com.br\/index.php\/wp-json\/wp\/v2\/posts\/49777","targetHints":{"allow":["GET"]}}],"collection":[{"href":"https:\/\/noticiasdestaque.com.br\/index.php\/wp-json\/wp\/v2\/posts"}],"about":[{"href":"https:\/\/noticiasdestaque.com.br\/index.php\/wp-json\/wp\/v2\/types\/post"}],"author":[{"embeddable":true,"href":"https:\/\/noticiasdestaque.com.br\/index.php\/wp-json\/wp\/v2\/users\/1"}],"replies":[{"embeddable":true,"href":"https:\/\/noticiasdestaque.com.br\/index.php\/wp-json\/wp\/v2\/comments?post=49777"}],"version-history":[{"count":1,"href":"https:\/\/noticiasdestaque.com.br\/index.php\/wp-json\/wp\/v2\/posts\/49777\/revisions"}],"predecessor-version":[{"id":49844,"href":"https:\/\/noticiasdestaque.com.br\/index.php\/wp-json\/wp\/v2\/posts\/49777\/revisions\/49844"}],"wp:featuredmedia":[{"embeddable":true,"href":"https:\/\/noticiasdestaque.com.br\/index.php\/wp-json\/wp\/v2\/media\/49845"}],"wp:attachment":[{"href":"https:\/\/noticiasdestaque.com.br\/index.php\/wp-json\/wp\/v2\/media?parent=49777"}],"wp:term":[{"taxonomy":"category","embeddable":true,"href":"https:\/\/noticiasdestaque.com.br\/index.php\/wp-json\/wp\/v2\/categories?post=49777"},{"taxonomy":"post_tag","embeddable":true,"href":"https:\/\/noticiasdestaque.com.br\/index.php\/wp-json\/wp\/v2\/tags?post=49777"}],"curies":[{"name":"wp","href":"https:\/\/api.w.org\/{rel}","templated":true}]}}