{"id":49771,"date":"2026-02-04T04:20:00","date_gmt":"2026-02-04T07:20:00","guid":{"rendered":"https:\/\/noticiasdestaque.com.br\/index.php\/2026\/02\/04\/frentes-parlamentares-lancam-painel-para-acompanhar-implementacao-da-reforma-tributaria\/"},"modified":"2026-02-04T04:20:00","modified_gmt":"2026-02-04T07:20:00","slug":"frentes-parlamentares-lancam-painel-para-acompanhar-implementacao-da-reforma-tributaria","status":"publish","type":"post","link":"https:\/\/noticiasdestaque.com.br\/index.php\/2026\/02\/04\/frentes-parlamentares-lancam-painel-para-acompanhar-implementacao-da-reforma-tributaria\/","title":{"rendered":"Frentes parlamentares lan\u00e7am painel para acompanhar implementa\u00e7\u00e3o da Reforma Tribut\u00e1ria"},"content":{"rendered":"<p>\t\t\t\t\t\t\t\t\t\t\t<audio controls class=\"b61_audio_player\" data-noticia=\"87559\" src=\"https:\/\/brasil61.com\/rails\/active_storage\/blobs\/eyJfcmFpbHMiOnsibWVzc2FnZSI6IkJBaHBBeWJ5QXc9PSIsImV4cCI6bnVsbCwicHVyIjoiYmxvYl9pZCJ9fQ==--60035a7b69763262c2d6e791691ec7f14273aee4\/BRAS2615780A\"><\/audio><\/p>\n<p>Cinco entidades pol\u00edticas representantes do setor produtivo lan\u00e7aram, nesta ter\u00e7a-feira (3), um grupo de trabalho para acompanhar e ajudar a explicar as novidades do novo sistema tribut\u00e1rio no pa\u00eds. O <strong>Monitor da Implementa\u00e7\u00e3o da <a href=\"https:\/\/brasil61.com\/noticias\/tag\/reforma-tributaria\">Reforma Tribut\u00e1ria<\/a><\/strong> \u00e9 uma iniciativa das frentes parlamentares do <a href=\"https:\/\/www.camara.leg.br\/internet\/deputado\/frenteDetalhe.asp?id=54284\">Empreendedorismo (FPE)<\/a>, do <a href=\"https:\/\/fcscomercio.org.br\/\">Com\u00e9rcio e Servi\u00e7os (FCS)<\/a>, da <a href=\"https:\/\/fpagropecuaria.org.br\/\">Agropecu\u00e1ria (FPA)<\/a>, do <a href=\"http:\/\/fpbiodiesel.com.br\/\">Biodiesel (FPBio)<\/a> e do <a href=\"https:\/\/www.camara.leg.br\/internet\/deputado\/frenteDetalhe.asp?id=54565\">Etanol (FPEtanol)<\/a>.<\/p>\n<p>O painel vai ser formado por parlamentares, t\u00e9cnicos tributaristas, empres\u00e1rios e servidores da <a href=\"https:\/\/brasil61.com\/noticias\/tag\/receita-federal\">Receita Federal<\/a>, com reuni\u00f5es a cada duas semanas e in\u00edcio ap\u00f3s o Carnaval. O objetivo \u00e9 promover discuss\u00f5es e debates sobre a implementa\u00e7\u00e3o da reforma no pa\u00eds, fortalecendo a transpar\u00eancia, o di\u00e1logo institucional e o papel do Poder Legislativo.<\/p>\n<p>Segundo o presidente da FPE, deputado Joaquim Passarinho (PL-PA), a atua\u00e7\u00e3o do grupo vai servir de ponte entre os empreendedores e o fisco. \u201c\u00c9 importante que a gente possa ter esse caminho, um caminho sem burocracia, sem atropelo, sem partidarismo, mas precisamos dar essa tranquilidade para voc\u00eas durante a implanta\u00e7\u00e3o da reforma\u201d, afirmou o parlamentar para representantes de associa\u00e7\u00f5es empresariais.<\/p>\n<p>Pedro Lupion (Republicanos-PR), presidente da FPA, declara que \u00e9 natural as d\u00favidas quanto \u00e0 implementa\u00e7\u00e3o das novas regras tribut\u00e1rias, por isso a iniciativa \u00e9 bem-vinda. \u201cO que a gente espera \u00e9 uma implementa\u00e7\u00e3o mais previs\u00edvel e operacionalmente vi\u00e1vel. Uma redu\u00e7\u00e3o de incertezas, custos e conformidades e riscos de litigiosidade. Qualifica\u00e7\u00e3o do di\u00e1logo institucional, melhoria das decis\u00f5es regulat\u00f3rias, propostas objetivas tecnicamente fundamentadas e com rastreabilidade\u201d.<\/p>\n<p>Para o coordenador das frentes parlamentares do Cooperativismo (<a href=\"https:\/\/www.agendainstitucional.coop.br\/frencoop\/\">Frencoop<\/a>) e da <a href=\"https:\/\/www.camara.leg.br\/internet\/deputado\/frenteDetalhe.asp?id=54545\">Economia Verde<\/a>, deputado Arnaldo Jardim (Cidadania-SP), di\u00e1logo \u00e9 a principal palavra para o grupo. \u201cEu sei que n\u00f3s temos v\u00e1rios escrit\u00f3rios, v\u00e1rios competentes advogados tributaristas e a ideia que possa ser tamb\u00e9m um espa\u00e7o de elucida\u00e7\u00e3o de quest\u00f5es, para que problemas possam ser aqui levantados pelas entidades, encaminhamentos, sugest\u00f5es e propostas sendo tamb\u00e9m feitas ao Executivo\u201d, esclareceu o pol\u00edtico.<\/p>\n<h2>Cronograma de transi\u00e7\u00e3o<\/h2>\n<p>O ano de 2026 marca o in\u00edcio da chamada <a href=\"https:\/\/brasil61.com\/n\/reforma-tributaria-saiba-como-funcionara-a-fase-de-testes-em-2026-bras2615477\">fase de testes operacionais do novo sistema de impostos<\/a> institu\u00eddo pela Reforma Tribut\u00e1ria. A mudan\u00e7a prev\u00ea a extin\u00e7\u00e3o gradual de cinco tributos \u2014 <strong>IPI, PIS, Cofins, ICMS e ISS<\/strong> \u2014 e a implanta\u00e7\u00e3o do <strong>IVA dual <\/strong>brasileiro, composto pelo Imposto sobre Bens e Servi\u00e7os (<strong>IBS<\/strong>), de compet\u00eancia estadual e municipal, e pela Contribui\u00e7\u00e3o sobre Bens e Servi\u00e7os (<strong>CBS<\/strong>), de \u00e2mbito federal.<\/p>\n<p><strong>Confira as principais etapas da transi\u00e7\u00e3o:<\/strong><\/p>\n<ul>\n<li><u>2026 <\/u>(fase inicial): cobran\u00e7a de teste da al\u00edquota de 1% (0,9% CBS e 0,1% IBS). PIS e Cofins permanecem em vigor, com possibilidade de compensa\u00e7\u00e3o dos valores recolhidos no teste.<\/li>\n<li><u>2027<\/u>: extin\u00e7\u00e3o definitiva do PIS e da Cofins. A CBS passa a vigorar com al\u00edquota cheia, estimada em cerca de 8,8%. O IPI \u00e9 zerado para a maioria dos produtos, com exce\u00e7\u00e3o dos fabricados na Zona Franca de Manaus.<\/li>\n<li><u>2029 a 2032<\/u>: transi\u00e7\u00e3o gradual para estados e munic\u00edpios, com redu\u00e7\u00e3o progressiva do ICMS e do ISS e aumento proporcional do IBS:<\/li>\n<li><u>2033<\/u>: entrada em vigor do sistema definitivo, com extin\u00e7\u00e3o total do ICMS e do ISS e aplica\u00e7\u00e3o integral da al\u00edquota plena do novo modelo tribut\u00e1rio.\u00a0<\/li>\n<\/ul>\n<p>\t\t\t\t\t\t\t\t\t\t<img loading=\"lazy\" decoding=\"async\" src=\"https:\/\/brasil61.com\/api\/v1\/serve_pixel\/17677\/87559\" alt=\"Pixel Brasil 61\" class=\"b61_pixel\" width=\"0\" height=\"0\"><\/p>\n<input type=\"hidden\" id=\"baseurl\" value=\"https:\/\/noticiasdestaque.com.br\"><input type=\"hidden\" id=\"audio_nonce\" value=\"6a24ca502e\">","protected":false},"excerpt":{"rendered":"<p>Grupo vai ter participa\u00e7\u00e3o de parlamentares, empres\u00e1rios e t\u00e9cnicos para esclarecer d\u00favidas e discutir aprimoramentos na fase de transi\u00e7\u00e3o para o novo sistema tribut\u00e1rio<\/p>\n","protected":false},"author":1,"featured_media":49772,"comment_status":"open","ping_status":"open","sticky":false,"template":"","format":"standard","meta":{"fifu_image_url":"","fifu_image_alt":"","footnotes":""},"categories":[50],"tags":[],"class_list":["post-49771","post","type-post","status-publish","format-standard","has-post-thumbnail","hentry","category-politica"],"distributor_meta":false,"distributor_terms":false,"distributor_media":false,"distributor_original_site_name":"Noticias em Destaque","distributor_original_site_url":"https:\/\/noticiasdestaque.com.br","push-errors":false,"_links":{"self":[{"href":"https:\/\/noticiasdestaque.com.br\/index.php\/wp-json\/wp\/v2\/posts\/49771","targetHints":{"allow":["GET"]}}],"collection":[{"href":"https:\/\/noticiasdestaque.com.br\/index.php\/wp-json\/wp\/v2\/posts"}],"about":[{"href":"https:\/\/noticiasdestaque.com.br\/index.php\/wp-json\/wp\/v2\/types\/post"}],"author":[{"embeddable":true,"href":"https:\/\/noticiasdestaque.com.br\/index.php\/wp-json\/wp\/v2\/users\/1"}],"replies":[{"embeddable":true,"href":"https:\/\/noticiasdestaque.com.br\/index.php\/wp-json\/wp\/v2\/comments?post=49771"}],"version-history":[{"count":0,"href":"https:\/\/noticiasdestaque.com.br\/index.php\/wp-json\/wp\/v2\/posts\/49771\/revisions"}],"wp:featuredmedia":[{"embeddable":true,"href":"https:\/\/noticiasdestaque.com.br\/index.php\/wp-json\/wp\/v2\/media\/49772"}],"wp:attachment":[{"href":"https:\/\/noticiasdestaque.com.br\/index.php\/wp-json\/wp\/v2\/media?parent=49771"}],"wp:term":[{"taxonomy":"category","embeddable":true,"href":"https:\/\/noticiasdestaque.com.br\/index.php\/wp-json\/wp\/v2\/categories?post=49771"},{"taxonomy":"post_tag","embeddable":true,"href":"https:\/\/noticiasdestaque.com.br\/index.php\/wp-json\/wp\/v2\/tags?post=49771"}],"curies":[{"name":"wp","href":"https:\/\/api.w.org\/{rel}","templated":true}]}}