{"id":4976,"date":"2023-01-02T22:40:31","date_gmt":"2023-01-03T01:40:31","guid":{"rendered":"https:\/\/noticiasdestaque.com.br\/index.php\/2023\/01\/02\/ministra-da-gestao-assume-cargo-e-promete-reforma-administrativa\/"},"modified":"2023-01-02T22:40:31","modified_gmt":"2023-01-03T01:40:31","slug":"ministra-da-gestao-assume-cargo-e-promete-reforma-administrativa","status":"publish","type":"post","link":"https:\/\/noticiasdestaque.com.br\/index.php\/2023\/01\/02\/ministra-da-gestao-assume-cargo-e-promete-reforma-administrativa\/","title":{"rendered":"Ministra da Gest\u00e3o assume cargo e promete reforma administrativa"},"content":{"rendered":"<style> bloco.meta {font-style: italic; color: #666;font-weight: 600;font-size: .8em; \/* line-height: .3em; *\/}  text h2 { font-weight: 700 !important;  color: #062f46 !important;} text img { width: none; left: none;}<\/style>\n<\/p>\n<p>A economista Esther Dweck assumiu hoje (2) \u00e0 tarde o rec\u00e9m-criado Minist\u00e9rio da Gest\u00e3o e Inova\u00e7\u00e3o em Servi\u00e7os P\u00fablicos prometendo uma reforma administrativa para melhorar a estrutura de carreiras e melhorar o atendimento \u00e0 popula\u00e7\u00e3o. Na cerim\u00f4nia de posse, Esther tamb\u00e9m defendeu a rediscuss\u00e3o da governan\u00e7a das empresas estatais e anunciou a abertura de uma mesa permanente de negocia\u00e7\u00e3o com os servidores p\u00fablicos.<\/p>\n<p>Segundo a ministra, uma boa reforma administrativa resultar\u00e1 no aumento da efici\u00eancia do Estado. \u201cCom esse objetivo, tamb\u00e9m vamos criar o escrit\u00f3rio de projetos de inova\u00e7\u00e3o na gest\u00e3o e parcerias com a Enap [Escola Nacional de Administra\u00e7\u00e3o P\u00fablica] e o Ipea [Instituto de Pesquisa Econ\u00f4mica Aplicada]. \u00c9 algo que j\u00e1 existe, mas que vamos incentivar para que facilite a troca de experi\u00eancias adquiridas\u201d, declarou Esther Dweck ao assumir o cargo.<\/p>\n<p>A proposta de reforma administrativa seria elaborada pela Secretaria Extraordin\u00e1ria de Transforma\u00e7\u00e3o do Estado, cujo ocupante, segundo a ministra, ser\u00e1 anunciado na pr\u00f3xima semana, com o restante da equipe. Hoje, a ministra anunciou a servidora Cristina Kiomi Mori como secret\u00e1ria executiva da pasta e Cilair Abreu como secret\u00e1rio de Gest\u00e3o Corporativa.<\/p>\n<h2>Experi\u00eancias<\/h2>\n<p>A ministra disse que pretende aproveitar experi\u00eancias \u201cinteressantes\u201d do governo anterior e trabalhar para fazer as iniciativas \u201cganharem escala\u201d. Entre as medidas anunciadas, est\u00e1 o refor\u00e7o da Central de Compras do Governo Federal como instrumento de inova\u00e7\u00e3o no servi\u00e7o p\u00fablico e de compartilhamento de compras e de servi\u00e7os administrativos.<\/p>\n<p>\u201c[A Central de Compras] tem uma fun\u00e7\u00e3o estrat\u00e9gica, inclusive como instrumento de pol\u00edtica industrial e inova\u00e7\u00e3o tecnol\u00f3gica\u201d, declarou. Esther Dweck tamb\u00e9m disse que pretende ampliar o compartilhamento de servi\u00e7os para maior efici\u00eancia e foco na presta\u00e7\u00e3o de servi\u00e7os p\u00fablicos.<\/p>\n<p>Outro ponto anunciado pela ministra \u00e9 a cria\u00e7\u00e3o de uma plataforma digital de participa\u00e7\u00e3o social, que seria uma evolu\u00e7\u00e3o do fornecimento de servi\u00e7os p\u00fablicos digitais por meio do Portal Gov.br. \u201cTemos o desafio de criar e fortalecer a plataforma digital de participa\u00e7\u00e3o social, al\u00e9m de promover solu\u00e7\u00f5es tecnol\u00f3gicas centralizadas, segundo as necessidades dos \u00f3rg\u00e3os p\u00fablicos para uma transforma\u00e7\u00e3o digital dos servi\u00e7os prestados pelo governo federal \u00e0 popula\u00e7\u00e3o\u201d, destacou.<\/p>\n<h2>Estatais<\/h2>\n<p>O novo minist\u00e9rio ficar\u00e1 com a Secretaria de Coordena\u00e7\u00e3o e Governan\u00e7a das Estatais (Sest), que era vinculada \u00e0 Secretaria Especial de Desestatiza\u00e7\u00e3o, Desinvestimento e Mercados no governo anterior. Esther Dweck defendeu a rediscuss\u00e3o da governan\u00e7a de empresas estatais para melhorar a execu\u00e7\u00e3o de pol\u00edticas p\u00fablicas. A pasta ter\u00e1 direito a indicar um membro do conselho de administra\u00e7\u00e3o das principais estatais federais.<\/p>\n<p>Secret\u00e1ria de Or\u00e7amento Federal em 2015 e 2016 e chefe da Assessoria Econ\u00f4mica do governo Dilma Rousseff, a ministra criticou o teto de gastos e a privatiza\u00e7\u00e3o de estatais e se p\u00f4s \u00e0 disposi\u00e7\u00e3o para ajudar na discuss\u00e3o de uma nova regra fiscal, que dever\u00e1 ser enviada ao Congresso Nacional at\u00e9 agosto.<\/p>\n<p>\u201cContribuirei, naquilo que me compete, com os ministros [da Fazenda] Fernando Haddad e com a ministra [do Planejamento] Simone Tebet na formula\u00e7\u00e3o de um arcabou\u00e7o que garanta responsabilidade fiscal e social, transpar\u00eancia e previsibilidade\u201d, afirmou. No Gabinete de Transi\u00e7\u00e3o para o atual governo, ela participou do grupo de Planejamento, Or\u00e7amento e Gest\u00e3o.<\/p>\n<p>A cerim\u00f4nia teve a presen\u00e7a de v\u00e1rias autoridades, como a ex-presidente Dilma Rousseff, o diretor do Banco Nacional de Desenvolvimento Econ\u00f4mico e Social, Nelson Barbosa, e a secret\u00e1ria executiva da Casa Civil, ex-ministra do Planejamento e ex-presidente da Caixa Econ\u00f4mica Federal, Miriam Belchior. A futura ministra do Planejamento, Simone Tebet, e a presidente do PT, Gleisi Hoffmann, tamb\u00e9m participaram da solenidade.<\/p>\n<p class=\"alt-font font-italic my-2 small text-info\">\n                                                Edi\u00e7\u00e3o:   N\u00e1dia Franco                    <\/p>\n<p>            <!-- blog End --><\/p>\n<p>            <!-- tag and share --><\/p>\n<p> Fonte: EBC <\/p>\n<input type=\"hidden\" id=\"baseurl\" value=\"https:\/\/noticiasdestaque.com.br\"><input type=\"hidden\" id=\"audio_nonce\" value=\"62ca87eee3\">","protected":false},"excerpt":{"rendered":"<p>Esther Dweck defende rediscuss\u00e3o de governan\u00e7a das estatais<\/p>\n","protected":false},"author":1,"featured_media":4977,"comment_status":"open","ping_status":"open","sticky":false,"template":"","format":"standard","meta":{"fifu_image_url":"","fifu_image_alt":"","footnotes":""},"categories":[50],"tags":[],"class_list":["post-4976","post","type-post","status-publish","format-standard","has-post-thumbnail","hentry","category-politica"],"distributor_meta":false,"distributor_terms":false,"distributor_media":false,"distributor_original_site_name":"Portal de Recupera\u00e7\u00e3o","distributor_original_site_url":"https:\/\/portalderecuperacao.com","push-errors":false,"_links":{"self":[{"href":"https:\/\/noticiasdestaque.com.br\/index.php\/wp-json\/wp\/v2\/posts\/4976","targetHints":{"allow":["GET"]}}],"collection":[{"href":"https:\/\/noticiasdestaque.com.br\/index.php\/wp-json\/wp\/v2\/posts"}],"about":[{"href":"https:\/\/noticiasdestaque.com.br\/index.php\/wp-json\/wp\/v2\/types\/post"}],"author":[{"embeddable":true,"href":"https:\/\/noticiasdestaque.com.br\/index.php\/wp-json\/wp\/v2\/users\/1"}],"replies":[{"embeddable":true,"href":"https:\/\/noticiasdestaque.com.br\/index.php\/wp-json\/wp\/v2\/comments?post=4976"}],"version-history":[{"count":0,"href":"https:\/\/noticiasdestaque.com.br\/index.php\/wp-json\/wp\/v2\/posts\/4976\/revisions"}],"wp:featuredmedia":[{"embeddable":true,"href":"https:\/\/noticiasdestaque.com.br\/index.php\/wp-json\/wp\/v2\/media\/4977"}],"wp:attachment":[{"href":"https:\/\/noticiasdestaque.com.br\/index.php\/wp-json\/wp\/v2\/media?parent=4976"}],"wp:term":[{"taxonomy":"category","embeddable":true,"href":"https:\/\/noticiasdestaque.com.br\/index.php\/wp-json\/wp\/v2\/categories?post=4976"},{"taxonomy":"post_tag","embeddable":true,"href":"https:\/\/noticiasdestaque.com.br\/index.php\/wp-json\/wp\/v2\/tags?post=4976"}],"curies":[{"name":"wp","href":"https:\/\/api.w.org\/{rel}","templated":true}]}}