{"id":49747,"date":"2026-02-03T18:00:00","date_gmt":"2026-02-03T21:00:00","guid":{"rendered":"https:\/\/noticiasdestaque.com.br\/index.php\/2026\/02\/03\/previsao-do-tempo-nordeste-entra-em-alerta-de-acumulado-de-chuva-nesta-quarta-feira-4\/"},"modified":"2026-02-03T18:00:00","modified_gmt":"2026-02-03T21:00:00","slug":"previsao-do-tempo-nordeste-entra-em-alerta-de-acumulado-de-chuva-nesta-quarta-feira-4","status":"publish","type":"post","link":"https:\/\/noticiasdestaque.com.br\/index.php\/2026\/02\/03\/previsao-do-tempo-nordeste-entra-em-alerta-de-acumulado-de-chuva-nesta-quarta-feira-4\/","title":{"rendered":"PREVIS\u00c3O DO TEMPO: Nordeste entra em alerta de acumulado de chuva nesta quarta-feira (4)"},"content":{"rendered":"<p>\t\t\t\t\t\t\t\t\t\t\t<audio controls class=\"b61_audio_player\" data-noticia=\"87543\" src=\"https:\/\/brasil61.com\/rails\/active_storage\/blobs\/eyJfcmFpbHMiOnsibWVzc2FnZSI6IkJBaHBBK0h4QXc9PSIsImV4cCI6bnVsbCwicHVyIjoiYmxvYl9pZCJ9fQ==--af5f13c81f3247d5554e5ff9f64112a0a80e513c\/PTND264946A\"><\/audio><\/p>\n<p>\u00a0<\/p>\n<\/p>\n<p>O <strong>Instituto Nacional de Meteorologia<\/strong> (<a href=\"https:\/\/portal.inmet.gov.br\/\">Inmet<\/a>) emitiu <strong>alerta de perigo potencial de acumulado de chuva<\/strong> para todo o Nordeste brasileiro nesta quarta-feira (4). A previs\u00e3o indica volumes elevados em pontos espec\u00edficos da regi\u00e3o, al\u00e9m de muita nebulosidade ao longo do dia.<\/p>\n<p>No <strong>Maranh\u00e3o<\/strong>, as <strong>precipita\u00e7\u00f5es <\/strong>mais intensas devem atingir munic\u00edpios do Sul maranhense, como Alto Parna\u00edba, Balsas e Nova Colinas.<\/p>\n<p>No <strong>Piau\u00ed<\/strong>, a <strong>chuva <\/strong>mais significativa se concentra no Sudoeste do estado, alcan\u00e7ando S\u00e3o Gon\u00e7alo do Gurgu\u00e9ia, Monte Alegre do Piau\u00ed e Santa Filomena.<\/p>\n<p>Na <strong>Bahia<\/strong>, a <strong>instabilidade <\/strong>pode atingir grande parte do estado, com maior intensidade no Oeste baiano, especialmente em Serra Dourada, Santana e S\u00e3o F\u00e9lix do Coribe.<\/p>\n<p>No <strong>Cear\u00e1 <\/strong>e no <strong>Rio Grande do Norte<\/strong>, a expectativa \u00e9 de<strong> muitas nuvens, com possibilidade de chuva isolada<\/strong> em diferentes \u00e1reas.<\/p>\n<p>Na <strong>Para\u00edba<\/strong>, pode<strong> chover de forma isolada <\/strong>em munic\u00edpios do Sert\u00e3o, como Sousa, Po\u00e7o de Jos\u00e9 de Moura e Aparecida.<\/p>\n<p>Em <strong>Pernambuco<\/strong>, a <strong>chuva <\/strong>deve atingir \u00e1reas do Sert\u00e3o do Araripe, com destaque para Dormentes, Araripina e Bodoc\u00f3.<\/p>\n<p>J\u00e1 em <strong>Alagoas <\/strong>e <strong>Sergipe<\/strong>, o dia ser\u00e1 marcado por<strong> muitas nuvens, com instabilidade<\/strong> persistente ao longo do dia.<\/p>\n<p>Entre as capitais, a temperatura m\u00ednima prevista \u00e9 de 23\u00b0C em Macei\u00f3. J\u00e1 a m\u00e1xima pode chegar a 32\u00b0C, em Salvador e Aracaju. A umidade relativa do ar varia entre 55% e 100%.<\/p>\n<h2>5 motivos para acompanhar as previs\u00f5es do tempo<\/h2>\n<ul>\n<li>Agricultura: garantia de uma boa colheita;<\/li>\n<li>Marinha: prote\u00e7\u00e3o de marinheiros, navios e passageiros;<\/li>\n<li>Aeron\u00e1utica: seguran\u00e7a de pilotos, aeronaves e passageiros;<\/li>\n<li>Pesca: condi\u00e7\u00f5es favor\u00e1veis e seguras para a atividade;<\/li>\n<li>Turismo: garantia de passeios e viagens tranquilas e agrad\u00e1veis.<\/li>\n<\/ul>\n<h2>Import\u00e2ncia das observa\u00e7\u00f5es meteorol\u00f3gicas no INMET<\/h2>\n<p>As observa\u00e7\u00f5es meteorol\u00f3gicas do <a href=\"https:\/\/portal.inmet.gov.br\/\">INMET<\/a> s\u00e3o essenciais para previs\u00f5es em tempo real, estat\u00edsticas clim\u00e1ticas e coopera\u00e7\u00e3o internacional. Esses dados precisos ajudam a estudar o clima passado e a produzir Normais Climatol\u00f3gicas conforme a <strong>Organiza\u00e7\u00e3o Meteorol\u00f3gica Mundial<\/strong> (<a href=\"https:\/\/worldweather.wmo.int\/pt\/home.html\">OMM<\/a>).<\/p>\n<p>As informa\u00e7\u00f5es s\u00e3o do <strong>Instituto Nacional de Meteorologia<\/strong> (<a href=\"https:\/\/portal.inmet.gov.br\/\">Inmet<\/a>).<br \/>\n\u00a0<\/p>\n<p>\t\t\t\t\t\t\t\t\t\t<img loading=\"lazy\" decoding=\"async\" src=\"https:\/\/brasil61.com\/api\/v1\/serve_pixel\/17677\/87543\" alt=\"Pixel Brasil 61\" class=\"b61_pixel\" width=\"0\" height=\"0\"><\/p>\n<input type=\"hidden\" id=\"baseurl\" value=\"https:\/\/noticiasdestaque.com.br\"><input type=\"hidden\" id=\"audio_nonce\" value=\"6a24ca502e\">","protected":false},"excerpt":{"rendered":"<p>No Maranh\u00e3o, as precipita\u00e7\u00f5es mais intensas devem atingir munic\u00edpios do Sul maranhense, como Alto Parna\u00edba, Balsas e Nova Colinas<\/p>\n","protected":false},"author":1,"featured_media":49748,"comment_status":"open","ping_status":"open","sticky":false,"template":"","format":"standard","meta":{"fifu_image_url":"","fifu_image_alt":"","footnotes":""},"categories":[58],"tags":[],"class_list":["post-49747","post","type-post","status-publish","format-standard","has-post-thumbnail","hentry","category-cotidiano"],"distributor_meta":false,"distributor_terms":false,"distributor_media":false,"distributor_original_site_name":"Noticias em Destaque","distributor_original_site_url":"https:\/\/noticiasdestaque.com.br","push-errors":false,"_links":{"self":[{"href":"https:\/\/noticiasdestaque.com.br\/index.php\/wp-json\/wp\/v2\/posts\/49747","targetHints":{"allow":["GET"]}}],"collection":[{"href":"https:\/\/noticiasdestaque.com.br\/index.php\/wp-json\/wp\/v2\/posts"}],"about":[{"href":"https:\/\/noticiasdestaque.com.br\/index.php\/wp-json\/wp\/v2\/types\/post"}],"author":[{"embeddable":true,"href":"https:\/\/noticiasdestaque.com.br\/index.php\/wp-json\/wp\/v2\/users\/1"}],"replies":[{"embeddable":true,"href":"https:\/\/noticiasdestaque.com.br\/index.php\/wp-json\/wp\/v2\/comments?post=49747"}],"version-history":[{"count":0,"href":"https:\/\/noticiasdestaque.com.br\/index.php\/wp-json\/wp\/v2\/posts\/49747\/revisions"}],"wp:featuredmedia":[{"embeddable":true,"href":"https:\/\/noticiasdestaque.com.br\/index.php\/wp-json\/wp\/v2\/media\/49748"}],"wp:attachment":[{"href":"https:\/\/noticiasdestaque.com.br\/index.php\/wp-json\/wp\/v2\/media?parent=49747"}],"wp:term":[{"taxonomy":"category","embeddable":true,"href":"https:\/\/noticiasdestaque.com.br\/index.php\/wp-json\/wp\/v2\/categories?post=49747"},{"taxonomy":"post_tag","embeddable":true,"href":"https:\/\/noticiasdestaque.com.br\/index.php\/wp-json\/wp\/v2\/tags?post=49747"}],"curies":[{"name":"wp","href":"https:\/\/api.w.org\/{rel}","templated":true}]}}