{"id":49745,"date":"2026-02-03T15:45:00","date_gmt":"2026-02-03T18:45:00","guid":{"rendered":"https:\/\/noticiasdestaque.com.br\/index.php\/2026\/02\/03\/cooperar-para-exportar-iniciativa-da-apexbrasil-estreia-na-gulfood-2026-e-projeta-expansao-do-cooperativismo-nacional\/"},"modified":"2026-02-05T23:38:11","modified_gmt":"2026-02-06T02:38:11","slug":"cooperar-para-exportar-iniciativa-da-apexbrasil-estreia-na-gulfood-2026-e-projeta-expansao-do-cooperativismo-nacional","status":"publish","type":"post","link":"https:\/\/noticiasdestaque.com.br\/index.php\/2026\/02\/03\/cooperar-para-exportar-iniciativa-da-apexbrasil-estreia-na-gulfood-2026-e-projeta-expansao-do-cooperativismo-nacional\/","title":{"rendered":"Cooperar para Exportar: iniciativa da ApexBrasil estreia na Gulfood 2026 e projeta expans\u00e3o do cooperativismo nacional"},"content":{"rendered":"<p>\t\t\t\t\t\t\t\t\t\t<audio controls class=\"b61_audio_player\" data-noticia=\"87541\" src=\"https:\/\/brasil61.com\/rails\/active_storage\/blobs\/eyJfcmFpbHMiOnsibWVzc2FnZSI6IkJBaHBBMGJ4QXc9PSIsImV4cCI6bnVsbCwicHVyIjoiYmxvYl9pZCJ9fQ==--98edf8c9f567540af4a92ce83462f4a85173216a\/APEX260101A\"><\/audio><\/p>\n<p><strong>O Programa Cooperar para Exportar, lan\u00e7ado pela Ag\u00eancia Brasileira de Promo\u00e7\u00e3o de Exporta\u00e7\u00f5es e Investimentos <a href=\"https:\/\/apexbrasil.com.br\/\" target=\"_blank\">(ApexBrasil)<\/a>, foi destaque na <a href=\"https:\/\/visit.gulfood.com\/campaign\/cmp182586357?utm_source=google&amp;utm_medium=cpc&amp;utm_campaign=LS_Paid_GF_Google_Search_Conv_Brand_West_Brazil_0925&amp;utm_adgroup=Brand_English&amp;utm_term=gulfood%202026&amp;utm_matchtype=p&amp;utm_target=kwd-2405036150359&amp;utm_network=g&amp;utm_device=c&amp;utm_content=792455580200&amp;utm_location=20089&amp;utm_Sitelink=&amp;utm_campid=23195854032&amp;utm_adgroupid=188218223696&amp;utm_placement=&amp;gad_source=1&amp;gad_campaignid=23195854032&amp;gbraid=0AAAABByV0l7AMXefR9ShjDNTjR6e18MY5&amp;gclid=CjwKCAiAssfLBhBDEiwAcLpwfkRvypU3C6WuaMQOx8nqs_uYvTBkYnj1uXl_NMggMeRkkwya2P_TMhoCcWcQAvD_BwE\" target=\"_blank\">Gulfood 2026<\/a>, considerada a maior feira de alimentos e bebidas do Oriente M\u00e9dio. A participa\u00e7\u00e3o no evento marcou a estreia internacional da iniciativa.<\/strong><\/p>\n<p>Apresentado inicialmente durante o Exporta Mais Cooperativas, em dezembro de 2025, em Salvador (BA), o programa tem como objetivo ampliar a inser\u00e7\u00e3o do cooperativismo brasileiro no mercado externo por meio de a\u00e7\u00f5es estruturadas de capacita\u00e7\u00e3o, promo\u00e7\u00e3o comercial e gera\u00e7\u00e3o de neg\u00f3cios.<\/p>\n<p>O presidente da ApexBrasil, Jorge Viana, avalia que a presen\u00e7a brasileira na Gulfood representa um avan\u00e7o estrat\u00e9gico para o cooperativismo nacional. Segundo ele, o Brasil vem ampliando de forma significativa o n\u00famero de empresas participantes da feira, o que demonstra a expans\u00e3o das oportunidades de neg\u00f3cios no exterior.<\/p>\n<p>\u201cTrouxemos quase 200 empresas \u2014 antes, a m\u00e9dia era de 90. A novidade nesta edi\u00e7\u00e3o \u00e9 a presen\u00e7a das cooperativas. Com o novo programa da ApexBrasil, o Cooperar para Exportar, realizado em parceria com o Minist\u00e9rio da Agricultura, o Minist\u00e9rio do Desenvolvimento Regional e o Minist\u00e9rio do Desenvolvimento Agr\u00e1rio, vamos fazer com que o Brasil venda ainda mais\u201d, destacou.<\/p>\n<p><strong>Viana tamb\u00e9m projetou que os neg\u00f3cios gerados ao longo da feira devem alcan\u00e7ar cerca de US$3,5 bilh\u00f5es em 2026, refor\u00e7ando a relev\u00e2ncia do evento como plataforma estrat\u00e9gica para a expans\u00e3o das exporta\u00e7\u00f5es brasileiras no Oriente M\u00e9dio.<\/strong><\/p>\n<p><strong>A Gulfood 2026 foi realizada em Dubai, nos Emirados \u00c1rabes Unidos, entre os dias 26 e 30 de janeiro de 2026. Pela primeira vez, o evento ocorreu simultaneamente em dois locais: o Dubai World Trade Centre (DWTC) e o Dubai Exhibition Centre (DEC), localizado na Expo City Dubai.<\/strong><\/p>\n<p>A feira foi organizada por setores. Carnes, prote\u00ednas e bebidas ficaram concentradas no DWTC, enquanto gr\u00e3os, pulses, world food e segmentos emergentes de alto valor agregado foram apresentados no DEC.<\/p>\n<h2>Cooperar para Exportar<\/h2>\n<p><strong>Em 2026, o Programa Cooperar para Exportar estima atender cerca de 450 cooperativas em todo o pa\u00eds. As a\u00e7\u00f5es incluem qualifica\u00e7\u00e3o para exporta\u00e7\u00e3o, participa\u00e7\u00e3o em feiras internacionais, miss\u00f5es comerciais e rodadas de neg\u00f3cios.<\/strong><\/p>\n<p><a href=\"https:\/\/brasil61.com\/n\/brasil-projeta-us-950-milhoes-em-negocios-na-gulfood-2026-apexbrasil-coordena-participacao-de-97-empresas-nacionais-apex260098\" target=\"_blank\"><strong>Brasil projeta US$ 950 milh\u00f5es em neg\u00f3cios na Gulfood 2026; ApexBrasil coordena participa\u00e7\u00e3o de 97 empresas nacionais<\/strong><\/a><\/p>\n<p><a href=\"https:\/\/brasil61.com\/n\/presidente-da-apexbrasil-destaca-otimismo-com-futuro-do-acordo-mercosul-ue-e-promocao-do-brasil-na-europa-apex260100\" target=\"_blank\"><strong>Presidente da ApexBrasil destaca otimismo com futuro do Acordo Mercosul\u2013UE e promo\u00e7\u00e3o do Brasil na Europa<\/strong><\/a><\/p>\n<p>Na Gulfood, nove cooperativas integraram a delega\u00e7\u00e3o brasileira, representando diferentes regi\u00f5es e cadeias produtivas. Na ocasi\u00e3o, o gerente de Agroneg\u00f3cio da ApexBrasil, Laudemir Muller, destacou o papel do programa no fortalecimento dos pequenos neg\u00f3cios e da agricultura familiar.<\/p>\n<p>\u201cEstamos na primeira grande a\u00e7\u00e3o internacional do Cooperar para Exportar. Aqui na Gulfood contamos com a presen\u00e7a de nove cooperativas. Estamos apresentando ao p\u00fablico internacional a agricultura familiar e o cooperativismo do Brasil. Tamb\u00e9m mostramos a integra\u00e7\u00e3o da Apex com \u00f3rg\u00e3os e institui\u00e7\u00f5es parceiras do governo\u201d, afirmou.<\/p>\n<p>Participaram da feira as seguintes cooperativas:<\/p>\n<ul>\n<li>Amazonbai (AP)<\/li>\n<li>Bio + A\u00e7a\u00ed (AP)<\/li>\n<li>Coopemapi (MG)<\/li>\n<li>Cooperativa Grande Sert\u00e3o (MG)<\/li>\n<li>Coopercaraj\u00e1s (DF)<\/li>\n<li>Coopercuc (BA)<\/li>\n<li>Eldorado Foods Amidos (MS)<\/li>\n<li>Unicafes (DF)<\/li>\n<li>Unicafes Bahia (BA)<\/li>\n<\/ul>\n<p>Para a ApexBrasil, a presen\u00e7a dessas cooperativas evidencia a diversidade e o potencial competitivo do cooperativismo brasileiro no mercado internacional, com produtos que v\u00e3o do a\u00e7a\u00ed amaz\u00f4nico a frutas do semi\u00e1rido, al\u00e9m de mel, caf\u00e9s especiais e derivados de mandioca.<\/p>\n<p>Entre os destaques est\u00e1 a Cooperativa Agropecu\u00e1ria Familiar de Canudos, Uau\u00e1 e Cura\u00e7\u00e1 (Coopercuc), da Bahia. A fundadora Jussara Dantas apresentou o umbu, fruta t\u00edpica do semi\u00e1rido ainda pouco conhecida no mercado internacional.<\/p>\n<p>\u201cJ\u00e1 exportamos para Fran\u00e7a, \u00c1ustria, It\u00e1lia, Alemanha e agora estamos enviando para o Reino Unido\u201d, relatou.<br \/>\nSegundo a empreendedora, a cooperativa re\u00fane 298 agricultores familiares de tr\u00eas munic\u00edpios, sendo 70% mulheres.<\/p>\n<h2>Oportunidades de neg\u00f3cio nos Emirados \u00c1rabes Unidos<\/h2>\n<p><strong>O Perfil de Com\u00e9rcio e Investimentos da ApexBrasil identificou 446 oportunidades para produtos brasileiros nos Emirados \u00c1rabes Unidos. <\/strong>Entre os setores mais representativos est\u00e3o os de produtos aliment\u00edcios \u2014 como castanha de caju, cevada e extratos \u2014 al\u00e9m de artigos manufaturados, como vidros, pneus, couros e peles.<br \/>\n\u00a0<\/p>\n<p>\t\t\t\t\t\t\t\t\t<img loading=\"lazy\" decoding=\"async\" src=\"https:\/\/brasil61.com\/api\/v1\/serve_pixel\/17677\/87541\" alt=\"Pixel Brasil 61\" class=\"b61_pixel\" width=\"0\" height=\"0\"><\/p>\n<input type=\"hidden\" id=\"baseurl\" value=\"https:\/\/noticiasdestaque.com.br\"><input type=\"hidden\" id=\"audio_nonce\" value=\"6a24ca502e\">","protected":false},"excerpt":{"rendered":"<p>Ao longo de 2026, o Programa Cooperar para Exportar estima atender cerca de 450 cooperativas em todo o pa\u00eds; objetivo \u00e9 ampliar inser\u00e7\u00e3o dessa categoria de empresa no mercado internacional<\/p>\n","protected":false},"author":1,"featured_media":49841,"comment_status":"open","ping_status":"open","sticky":false,"template":"","format":"standard","meta":{"fifu_image_url":"","fifu_image_alt":"","footnotes":""},"categories":[59],"tags":[],"class_list":["post-49745","post","type-post","status-publish","format-standard","has-post-thumbnail","hentry","category-economia"],"distributor_meta":false,"distributor_terms":false,"distributor_media":false,"distributor_original_site_name":"Noticias em Destaque","distributor_original_site_url":"https:\/\/noticiasdestaque.com.br","push-errors":false,"_links":{"self":[{"href":"https:\/\/noticiasdestaque.com.br\/index.php\/wp-json\/wp\/v2\/posts\/49745","targetHints":{"allow":["GET"]}}],"collection":[{"href":"https:\/\/noticiasdestaque.com.br\/index.php\/wp-json\/wp\/v2\/posts"}],"about":[{"href":"https:\/\/noticiasdestaque.com.br\/index.php\/wp-json\/wp\/v2\/types\/post"}],"author":[{"embeddable":true,"href":"https:\/\/noticiasdestaque.com.br\/index.php\/wp-json\/wp\/v2\/users\/1"}],"replies":[{"embeddable":true,"href":"https:\/\/noticiasdestaque.com.br\/index.php\/wp-json\/wp\/v2\/comments?post=49745"}],"version-history":[{"count":1,"href":"https:\/\/noticiasdestaque.com.br\/index.php\/wp-json\/wp\/v2\/posts\/49745\/revisions"}],"predecessor-version":[{"id":49767,"href":"https:\/\/noticiasdestaque.com.br\/index.php\/wp-json\/wp\/v2\/posts\/49745\/revisions\/49767"}],"wp:featuredmedia":[{"embeddable":true,"href":"https:\/\/noticiasdestaque.com.br\/index.php\/wp-json\/wp\/v2\/media\/49841"}],"wp:attachment":[{"href":"https:\/\/noticiasdestaque.com.br\/index.php\/wp-json\/wp\/v2\/media?parent=49745"}],"wp:term":[{"taxonomy":"category","embeddable":true,"href":"https:\/\/noticiasdestaque.com.br\/index.php\/wp-json\/wp\/v2\/categories?post=49745"},{"taxonomy":"post_tag","embeddable":true,"href":"https:\/\/noticiasdestaque.com.br\/index.php\/wp-json\/wp\/v2\/tags?post=49745"}],"curies":[{"name":"wp","href":"https:\/\/api.w.org\/{rel}","templated":true}]}}