{"id":49741,"date":"2026-02-03T04:55:00","date_gmt":"2026-02-03T07:55:00","guid":{"rendered":"https:\/\/noticiasdestaque.com.br\/index.php\/2026\/02\/03\/cras-porta-de-entrada-do-suas-garante-acesso-a-assistencia-social-em-todo-o-brasil\/"},"modified":"2026-02-03T09:37:25","modified_gmt":"2026-02-03T12:37:25","slug":"cras-porta-de-entrada-do-suas-garante-acesso-a-assistencia-social-em-todo-o-brasil","status":"publish","type":"post","link":"https:\/\/noticiasdestaque.com.br\/index.php\/2026\/02\/03\/cras-porta-de-entrada-do-suas-garante-acesso-a-assistencia-social-em-todo-o-brasil\/","title":{"rendered":"CRAS: porta de entrada do SUAS garante acesso \u00e0 assist\u00eancia social em todo o Brasil"},"content":{"rendered":"<p>\t\t\t\t\t\t\t\t\t\t<audio controls class=\"b61_audio_player\" data-noticia=\"87500\" src=\"https:\/\/brasil61.com\/rails\/active_storage\/blobs\/eyJfcmFpbHMiOnsibWVzc2FnZSI6IkJBaHBBN3p3QXc9PSIsImV4cCI6bnVsbCwicHVyIjoiYmxvYl9pZCJ9fQ==--801fecdeeac71c7e73b1ebbcd59d6da765639954\/BRAS2615744A\"><\/audio><\/p>\n<p>O cidad\u00e3o que se encontra em situa\u00e7\u00e3o de vulnerabilidade ou risco social tem o <strong>direito de ser amparado pelo Sistema \u00danico de Assist\u00eancia Social <\/strong>(<a href=\"https:\/\/www.gov.br\/mds\/pt-br\/acoes-e-programas\/suas\/servicos-e-programas\/o-que-e\">SUAS<\/a>). Essa pol\u00edtica p\u00fablica, vinculada ao Minist\u00e9rio do Desenvolvimento e Assist\u00eancia Social, Fam\u00edlia e Combate \u00e0 Fome (<a href=\"https:\/\/www.gov.br\/mds\/pt-br\">MDS<\/a>), \u00e9 respons\u00e1vel por organizar e executar os <a href=\"https:\/\/www.gov.br\/mds\/pt-br\/acoes-e-programas\/suas\/servicos-e-programas\">servi\u00e7os<\/a>\u00a0de acolhimento social em todo o pa\u00eds.<\/p>\n<p><strong>Os<\/strong> <strong>Centros de Refer\u00eancia de Assist\u00eancia Social<\/strong> (<a href=\"https:\/\/www.gov.br\/pt-br\/servicos\/acessar-o-cras-centro-de-referencia-da-assistencia-social\">CRAS<\/a>)<strong> s\u00e3o a principal porta de entrada para o SUAS<\/strong> <strong>e atuam na orienta\u00e7\u00e3o, acolhimento e encaminhamento da popula\u00e7\u00e3o \u00e0s a\u00e7\u00f5es ofertadas pelo sistema<\/strong>. Em 2024, os CRAS realizaram cerca de 40 milh\u00f5es de atendimentos e contabilizaram aproximadamente 220 mil pessoas acolhidas institucionalmente, conforme dados da Pasta.<\/p>\n<p>O SUAS est\u00e1<strong> presente em cerca de 99% dos munic\u00edpios brasileiros<\/strong>, com ao menos uma unidade do CRAS em funcionamento. Segundo o MDS, <strong>existem mais de 8 mil centros distribu\u00eddos pelo pa\u00eds<\/strong>. Para<strong> facilitar a localiza\u00e7\u00e3o dessas unidades<\/strong>, o minist\u00e9rio disponibiliza o <strong><a href=\"https:\/\/www.gov.br\/mds\/pt-br\/noticias-e-conteudos\/dados-e-ferramentas-informacionais\/informacao-pronta-para-usar\/mapa-social\">Mapa Social<\/a><\/strong>, uma ferramenta p\u00fablica e interativa que re\u00fane informa\u00e7\u00f5es sobre os principais locais da rede socioassistencial em todo o territ\u00f3rio nacional.<\/p>\n<h2>Quantidade de CRAS por UF<\/h2>\n<table>\n<tbody>\n<tr>\n<th>UFs<\/th>\n<th>Quantidade de CRAS<\/th>\n<th>% do total<\/th>\n<\/tr>\n<tr>\n<td>Acre<\/td>\n<td>29<\/td>\n<td>0,3%<\/td>\n<\/tr>\n<tr>\n<td>Alagoas<\/td>\n<td>141<\/td>\n<td>1,6%<\/td>\n<\/tr>\n<tr>\n<td>Amazonas<\/td>\n<td>96<\/td>\n<td>1,1%<\/td>\n<\/tr>\n<tr>\n<td>Amap\u00e1<\/td>\n<td>22<\/td>\n<td>0,3%<\/td>\n<\/tr>\n<tr>\n<td>Bahia<\/td>\n<td>652<\/td>\n<td>7,6%<\/td>\n<\/tr>\n<tr>\n<td>Cear\u00e1<\/td>\n<td>408<\/td>\n<td>4,8%<\/td>\n<\/tr>\n<tr>\n<td>Distrito Federal<\/td>\n<td>32<\/td>\n<td>0,4%<\/td>\n<\/tr>\n<tr>\n<td>Esp\u00edrito Santo<\/td>\n<td>156<\/td>\n<td>1,8%<\/td>\n<\/tr>\n<tr>\n<td>Goi\u00e1s<\/td>\n<td>281<\/td>\n<td>3,3%<\/td>\n<\/tr>\n<tr>\n<td>Maranh\u00e3o<\/td>\n<td>322<\/td>\n<td>3,8%<\/td>\n<\/tr>\n<tr>\n<td>Minas Gerais<\/td>\n<td>1.190<\/td>\n<td>13,9%<\/td>\n<\/tr>\n<tr>\n<td>Mato Grosso do Sul<\/td>\n<td>134<\/td>\n<td>1,6%<\/td>\n<\/tr>\n<tr>\n<td>Mato Grosso<\/td>\n<td>164<\/td>\n<td>1,9%<\/td>\n<\/tr>\n<tr>\n<td>Par\u00e1<\/td>\n<td>269<\/td>\n<td>3,1%<\/td>\n<\/tr>\n<tr>\n<td>Para\u00edba<\/td>\n<td>271<\/td>\n<td>3,2%<\/td>\n<\/tr>\n<tr>\n<td>Pernambuco<\/td>\n<td>348<\/td>\n<td>4,1%<\/td>\n<\/tr>\n<tr>\n<td>Piau\u00ed<\/td>\n<td>274<\/td>\n<td>3,2%<\/td>\n<\/tr>\n<tr>\n<td>Paran\u00e1<\/td>\n<td>570<\/td>\n<td>6,7%<\/td>\n<\/tr>\n<tr>\n<td>Rio de Janeiro<\/td>\n<td>478<\/td>\n<td>5,6%<\/td>\n<\/tr>\n<tr>\n<td>Rio Grande do Norte<\/td>\n<td>222<\/td>\n<td>2,6%<\/td>\n<\/tr>\n<tr>\n<td>Rond\u00f4nia<\/td>\n<td>62<\/td>\n<td>0,7%<\/td>\n<\/tr>\n<tr>\n<td>Roraima<\/td>\n<td>22<\/td>\n<td>0,3%<\/td>\n<\/tr>\n<tr>\n<td>Rio Grande do Sul<\/td>\n<td>564<\/td>\n<td>6,6%<\/td>\n<\/tr>\n<tr>\n<td>Santa Catarina<\/td>\n<td>394<\/td>\n<td>4,6%<\/td>\n<\/tr>\n<tr>\n<td>Sergipe<\/td>\n<td>107<\/td>\n<td>1,3%<\/td>\n<\/tr>\n<tr>\n<td>S\u00e3o Paulo<\/td>\n<td>1.185<\/td>\n<td>13,9%<\/td>\n<\/tr>\n<tr>\n<td>Tocantins<\/td>\n<td>153<\/td>\n<td>1,8%<\/td>\n<\/tr>\n<\/tbody>\n<\/table>\n<p><a href=\"https:\/\/aplicacoes.mds.gov.br\/sagi\/snas\/vigilancia\/index2.php\"><em><span style=\"font-size:10px\">Fonte: Censo SUAS<\/span><\/em><\/a><\/p>\n<h2>CRAS: servi\u00e7os oferecidos<\/h2>\n<p>Nos CRAS, a <strong>popula\u00e7\u00e3o \u00e9 atendida pelo Servi\u00e7o de Prote\u00e7\u00e3o e Atendimento Integral \u00e0 Fam\u00edlia<\/strong> (<a href=\"https:\/\/www.gov.br\/mds\/pt-br\/acoes-e-programas\/suas\/servicos-e-programas\/protecao-e-atencao-integral-a-familia\">PAIF<\/a>), que consiste em um trabalho social continuado com as fam\u00edlias, com o objetivo de:<\/p>\n<ul>\n<li>fortalecer a fun\u00e7\u00e3o protetiva;<\/li>\n<li>prevenir a ruptura de v\u00ednculos;<\/li>\n<li>promover o acesso e o usufruto de direitos; e<\/li>\n<li>contribuir para a melhoria da qualidade de vida.<\/li>\n<\/ul>\n<p>Al\u00e9m de acolher, orientar e realizar o acompanhamento das fam\u00edlias, os <strong>centros operacionalizam o registro do Cadastro \u00danico<\/strong> (<a href=\"https:\/\/www.gov.br\/pt-br\/servicos\/consultar-dados-do-cadastro-unico-cadunico\">Cad\u00danico<\/a>), instrumento que garante o acesso a programas sociais como o <a href=\"https:\/\/www.gov.br\/mds\/pt-br\/acoes-e-programas\/bolsa-familia\">Bolsa Fam\u00edlia<\/a> e o Benef\u00edcio de Presta\u00e7\u00e3o Continuada (<a href=\"https:\/\/www.gov.br\/mds\/pt-br\/acoes-e-programas\/suas\/beneficios-assistenciais\/beneficio-assistencial-ao-idoso-e-a-pessoa-com-deficiencia-bpc\">BPC<\/a>). <strong>No CRAS, tamb\u00e9m \u00e9 poss\u00edve<\/strong>l:<\/p>\n<ul>\n<li>solicitar apoio para enfrentar dificuldades de conviv\u00eancia familiar e de cuidados com os filhos;<\/li>\n<li>fortalecer a conviv\u00eancia com a fam\u00edlia e a comunidade;<\/li>\n<li>receber apoio e orienta\u00e7\u00e3o em casos de viol\u00eancia dom\u00e9stica;<\/li>\n<li>obter encaminhamento e informa\u00e7\u00f5es sobre outros servi\u00e7os p\u00fablicos.<\/li>\n<\/ul>\n<p>De acordo com Rosilene Rocha, gerente de projeto da Secretaria Nacional de Assist\u00eancia Social (<a href=\"https:\/\/www.gov.br\/mds\/pt-br\/orgaos\/SNAS\">SNAS<\/a>), \u201co CRAS faz uma esp\u00e9cie de preven\u00e7\u00e3o e mobiliza\u00e7\u00e3o: mobiliza\u00e7\u00e3o para as situa\u00e7\u00f5es de risco e preven\u00e7\u00e3o para que n\u00e3o se instalem vulnerabilidades nas fam\u00edlias e comunidades\u201d.<\/p>\n<p>A gestora refor\u00e7a que<strong> todo e qualquer cidad\u00e3o brasileiro pode acessar o SUAS<\/strong>. Segundo ela, \u00e9 comum que a assist\u00eancia social seja confundida apenas com o atendimento \u00e0 popula\u00e7\u00e3o de baixa renda. No entanto, a <strong>pol\u00edtica atende tanto \u00e0s pessoas em situa\u00e7\u00e3o de pobreza quanto \u00e0quelas que se encontram em diferentes contextos de vulnerabilidade social<\/strong>. \u201cQuem demandar, a porta tem que estar aberta\u201d, destaca.<\/p>\n<p>Rocha acrescenta que, embora haja prioriza\u00e7\u00e3o das fam\u00edlias de baixa renda, em raz\u00e3o do elevado n\u00edvel de desigualdade social existente no Brasil, a vulnerabilidade social \u00e9 distinta da pobreza. \u201cH\u00e1, por exemplo, mulheres de classe m\u00e9dia que sofrem viol\u00eancia dom\u00e9stica, situa\u00e7\u00e3o que as coloca em vulnerabilidade\u201d, explica.<\/p>\n<h2>CRAS: do atendimento \u00e0 participa\u00e7\u00e3o social<\/h2>\n<p>No Brasil h\u00e1 oito anos, a imigrante venezuelana Zuleika Del Valle Viloria, de 34 anos, moradora de S\u00e3o Jos\u00e9 dos Pinhais (<a href=\"https:\/\/www.parana.pr.gov.br\/\">PR<\/a>), acessou os servi\u00e7os do CRAS ap\u00f3s enfrentar uma situa\u00e7\u00e3o de vulnerabilidade social, sem rede de apoio familiar e com dificuldades de inser\u00e7\u00e3o no mercado de trabalho.<\/p>\n<p>Benefici\u00e1ria do Bolsa Fam\u00edlia, <strong>Zuleika relata que o atendimento recebido foi fundamental <\/strong>para garantir prote\u00e7\u00e3o ao filho de 10 anos. \u201cA minha vida tem um antes e um depois de ter conhecido a assist\u00eancia social\u201d, afirma.<\/p>\n<p>A partir do acompanhamento pelo SUAS, ela passou a participar de atividades culturais e socioeducativas e a integrar os espa\u00e7os de controle social da pol\u00edtica de assist\u00eancia. Zuleika foi eleita delegada dos usu\u00e1rios e, posteriormente, tornou-se a primeira usu\u00e1ria escolhida para representar S\u00e3o Jos\u00e9 dos Pinhais no Conselho Estadual de Assist\u00eancia Social do Paran\u00e1, com apoio majorit\u00e1rio de pessoas em situa\u00e7\u00e3o de rua.<\/p>\n<p>Atualmente, segue como usu\u00e1ria da rede socioassistencial, atua como cantora em eventos p\u00fablicos e se prepara para retomar a gradua\u00e7\u00e3o em Jornalismo. Segundo Zuleika, a <strong>assist\u00eancia social \u00e9 um caminho de apoio para quem enfrenta situa\u00e7\u00f5es de vulnerabilidade<\/strong>: \u201caos adolescentes e \u00e0s pessoas que enfrentam problemas com bebida ou drogas, que ainda t\u00eam a esperan\u00e7a de sair dessa situa\u00e7\u00e3o ou que precisam de algu\u00e9m, procurem o CRAS. L\u00e1, voc\u00eas v\u00e3o receber o encaminhamento necess\u00e1rio e v\u00e3o perceber que n\u00e3o est\u00e3o sozinhos\u201d.<\/p>\n<p><strong>VEJA MAIS:<\/strong><\/p>\n<ul>\n<li><a href=\"https:\/\/brasil61.com\/n\/suas-como-funciona-a-assistencia-social-no-brasil-e-onde-buscar-atendimento-bras2615724\">SUAS: como funciona a assist\u00eancia social no Brasil e onde buscar atendimento<\/a><\/li>\n<\/ul>\n<p>\t\t\t\t\t\t\t\t\t<img loading=\"lazy\" decoding=\"async\" src=\"https:\/\/brasil61.com\/api\/v1\/serve_pixel\/17677\/87500\" alt=\"Pixel Brasil 61\" class=\"b61_pixel\" width=\"0\" height=\"0\"><\/p>\n<input type=\"hidden\" id=\"baseurl\" value=\"https:\/\/noticiasdestaque.com.br\"><input type=\"hidden\" id=\"audio_nonce\" value=\"6a24ca502e\">","protected":false},"excerpt":{"rendered":"<p>Presente em 99% dos munic\u00edpios, o Centro de Refer\u00eancia de Assist\u00eancia Social orienta e acolhe cidad\u00e3os em situa\u00e7\u00e3o de vulnerabilidade, al\u00e9m de promover o acesso a direitos e \u00e0 prote\u00e7\u00e3o social<\/p>\n","protected":false},"author":1,"featured_media":49744,"comment_status":"open","ping_status":"open","sticky":false,"template":"","format":"standard","meta":{"fifu_image_url":"","fifu_image_alt":"","footnotes":""},"categories":[48],"tags":[],"class_list":["post-49741","post","type-post","status-publish","format-standard","has-post-thumbnail","hentry","category-mundo"],"distributor_meta":false,"distributor_terms":false,"distributor_media":false,"distributor_original_site_name":"Noticias em Destaque","distributor_original_site_url":"https:\/\/noticiasdestaque.com.br","push-errors":false,"_links":{"self":[{"href":"https:\/\/noticiasdestaque.com.br\/index.php\/wp-json\/wp\/v2\/posts\/49741","targetHints":{"allow":["GET"]}}],"collection":[{"href":"https:\/\/noticiasdestaque.com.br\/index.php\/wp-json\/wp\/v2\/posts"}],"about":[{"href":"https:\/\/noticiasdestaque.com.br\/index.php\/wp-json\/wp\/v2\/types\/post"}],"author":[{"embeddable":true,"href":"https:\/\/noticiasdestaque.com.br\/index.php\/wp-json\/wp\/v2\/users\/1"}],"replies":[{"embeddable":true,"href":"https:\/\/noticiasdestaque.com.br\/index.php\/wp-json\/wp\/v2\/comments?post=49741"}],"version-history":[{"count":1,"href":"https:\/\/noticiasdestaque.com.br\/index.php\/wp-json\/wp\/v2\/posts\/49741\/revisions"}],"predecessor-version":[{"id":49743,"href":"https:\/\/noticiasdestaque.com.br\/index.php\/wp-json\/wp\/v2\/posts\/49741\/revisions\/49743"}],"wp:featuredmedia":[{"embeddable":true,"href":"https:\/\/noticiasdestaque.com.br\/index.php\/wp-json\/wp\/v2\/media\/49744"}],"wp:attachment":[{"href":"https:\/\/noticiasdestaque.com.br\/index.php\/wp-json\/wp\/v2\/media?parent=49741"}],"wp:term":[{"taxonomy":"category","embeddable":true,"href":"https:\/\/noticiasdestaque.com.br\/index.php\/wp-json\/wp\/v2\/categories?post=49741"},{"taxonomy":"post_tag","embeddable":true,"href":"https:\/\/noticiasdestaque.com.br\/index.php\/wp-json\/wp\/v2\/tags?post=49741"}],"curies":[{"name":"wp","href":"https:\/\/api.w.org\/{rel}","templated":true}]}}