{"id":49739,"date":"2026-02-03T04:35:00","date_gmt":"2026-02-03T07:35:00","guid":{"rendered":"https:\/\/noticiasdestaque.com.br\/index.php\/2026\/02\/03\/inflacao-pelo-ipc-s-sobe-059-na-4a-quadrissemana-de-janeiro\/"},"modified":"2026-02-03T04:35:00","modified_gmt":"2026-02-03T07:35:00","slug":"inflacao-pelo-ipc-s-sobe-059-na-4a-quadrissemana-de-janeiro","status":"publish","type":"post","link":"https:\/\/noticiasdestaque.com.br\/index.php\/2026\/02\/03\/inflacao-pelo-ipc-s-sobe-059-na-4a-quadrissemana-de-janeiro\/","title":{"rendered":"Infla\u00e7\u00e3o pelo IPC-S sobe 0,59% na 4\u00aa quadrissemana de janeiro"},"content":{"rendered":"<p>\t\t\t\t\t\t\t\t\t\t\t<audio controls class=\"b61_audio_player\" data-noticia=\"87493\" src=\"https:\/\/brasil61.com\/rails\/active_storage\/blobs\/eyJfcmFpbHMiOnsibWVzc2FnZSI6IkJBaHBBN2Z3QXc9PSIsImV4cCI6bnVsbCwicHVyIjoiYmxvYl9pZCJ9fQ==--d2e23e0eb7445a559d8ade4ad12781d4c208403f\/BRAS2615740A\"><\/audio><\/p>\n<p>Divulgado nesta segunda-feira (2) pela <b>Funda\u00e7\u00e3o Get\u00falio Vargas (FGV)<\/b>, o <b>\u00cdndice de Pre\u00e7os ao Consumidor &#8211; Semanal (IPC-S) <\/b>da <b>quarta quadrissemana de janeiro<\/b> <b>subiu 0,59%<\/b>\u00a0e <b>acumula varia\u00e7\u00e3o de 4,60% nos \u00faltimos 12 meses<\/b>.<\/p>\n<p><b>Cinco das oito classes de despesas<\/b> que comp\u00f5em o \u00edndice <b>apresentaram aumento<\/b> nas suas taxas de varia\u00e7\u00e3o. A <b>maior contribui\u00e7\u00e3o<\/b> para o resultado do IPC-S veio do grupo <b>Transportes<\/b> \u2014 cuja varia\u00e7\u00e3o passou de um <b>crescimento de 0,86%<\/b> na terceira quadrissemana de janeiro para um de <b>1,18% <\/b>na quarta \u2014, seguido por <b>Habita\u00e7\u00e3o<\/b> (0,06% para 0,23%), <b>Despesas Diversas<\/b> (0,19% para 0,23%), <b>Sa\u00fade e Cuidados Pessoais<\/b> (0,44% para 0,46%) e <b>Educa\u00e7\u00e3o, Leitura e Recrea\u00e7\u00e3o<\/b> (1,14% para 1,16%).<\/p>\n<p>Enquanto os grupos <b>Alimenta\u00e7\u00e3o<\/b> e <b>Comunica\u00e7\u00e3o<\/b> repetiram as taxas de varia\u00e7\u00e3o da \u00faltima apura\u00e7\u00e3o, de <b>0,70%<\/b> e <b>0,00%<\/b>, respectivamente, o grupo <b>Vestu\u00e1rio<\/b> foi o <b>\u00fanico a apresentar recuo<\/b>, <b>de -0,39% para -0,62%<\/b>.<\/p>\n<p>O<b> IPC-S<\/b> atua como um <b>medidor a curto prazo da infla\u00e7\u00e3o<\/b> para fam\u00edlias de renda entre <b>um e 33 sal\u00e1rios m\u00ednimos<\/b>, e pode <b>auxiliar na identifica\u00e7\u00e3o de tend\u00eancias<\/b>. O per\u00edodo avaliado pelo \u00edndice corresponde \u00e0s <b>quatro semanas entre os dias 31 de dezembro de 2025 e 31 de janeiro de 2026<\/b>.<\/p>\n<p>Com informa\u00e7\u00f5es da <a href=\"https:\/\/portalibre.fgv.br\/system\/files\/divulgacao\/noticias\/mat-complementar\/2026-02\/IPC-S_1111%20FGV%20press%20release.pdf\">FGV<\/a>.<\/p>\n<p>\t\t\t\t\t\t\t\t\t\t<img loading=\"lazy\" decoding=\"async\" src=\"https:\/\/brasil61.com\/api\/v1\/serve_pixel\/17677\/87493\" alt=\"Pixel Brasil 61\" class=\"b61_pixel\" width=\"0\" height=\"0\"><\/p>\n<input type=\"hidden\" id=\"baseurl\" value=\"https:\/\/noticiasdestaque.com.br\"><input type=\"hidden\" id=\"audio_nonce\" value=\"6a24ca502e\">","protected":false},"excerpt":{"rendered":"<p>Cinco dos oito grupos de despesas tiveram varia\u00e7\u00f5es positivas frente \u00e0 3\u00aa quadrissemana<\/p>\n","protected":false},"author":1,"featured_media":49740,"comment_status":"open","ping_status":"open","sticky":false,"template":"","format":"standard","meta":{"fifu_image_url":"","fifu_image_alt":"","footnotes":""},"categories":[59],"tags":[],"class_list":["post-49739","post","type-post","status-publish","format-standard","has-post-thumbnail","hentry","category-economia"],"distributor_meta":false,"distributor_terms":false,"distributor_media":false,"distributor_original_site_name":"Noticias em Destaque","distributor_original_site_url":"https:\/\/noticiasdestaque.com.br","push-errors":false,"_links":{"self":[{"href":"https:\/\/noticiasdestaque.com.br\/index.php\/wp-json\/wp\/v2\/posts\/49739","targetHints":{"allow":["GET"]}}],"collection":[{"href":"https:\/\/noticiasdestaque.com.br\/index.php\/wp-json\/wp\/v2\/posts"}],"about":[{"href":"https:\/\/noticiasdestaque.com.br\/index.php\/wp-json\/wp\/v2\/types\/post"}],"author":[{"embeddable":true,"href":"https:\/\/noticiasdestaque.com.br\/index.php\/wp-json\/wp\/v2\/users\/1"}],"replies":[{"embeddable":true,"href":"https:\/\/noticiasdestaque.com.br\/index.php\/wp-json\/wp\/v2\/comments?post=49739"}],"version-history":[{"count":0,"href":"https:\/\/noticiasdestaque.com.br\/index.php\/wp-json\/wp\/v2\/posts\/49739\/revisions"}],"wp:featuredmedia":[{"embeddable":true,"href":"https:\/\/noticiasdestaque.com.br\/index.php\/wp-json\/wp\/v2\/media\/49740"}],"wp:attachment":[{"href":"https:\/\/noticiasdestaque.com.br\/index.php\/wp-json\/wp\/v2\/media?parent=49739"}],"wp:term":[{"taxonomy":"category","embeddable":true,"href":"https:\/\/noticiasdestaque.com.br\/index.php\/wp-json\/wp\/v2\/categories?post=49739"},{"taxonomy":"post_tag","embeddable":true,"href":"https:\/\/noticiasdestaque.com.br\/index.php\/wp-json\/wp\/v2\/tags?post=49739"}],"curies":[{"name":"wp","href":"https:\/\/api.w.org\/{rel}","templated":true}]}}