{"id":49737,"date":"2026-02-03T04:30:00","date_gmt":"2026-02-03T07:30:00","guid":{"rendered":"https:\/\/noticiasdestaque.com.br\/index.php\/2026\/02\/03\/rio-de-janeiro-concentra-75-da-producao-de-gas-natural-do-brasil\/"},"modified":"2026-02-04T23:37:44","modified_gmt":"2026-02-05T02:37:44","slug":"rio-de-janeiro-concentra-75-da-producao-de-gas-natural-do-brasil","status":"publish","type":"post","link":"https:\/\/noticiasdestaque.com.br\/index.php\/2026\/02\/03\/rio-de-janeiro-concentra-75-da-producao-de-gas-natural-do-brasil\/","title":{"rendered":"Rio de Janeiro concentra 75% da produ\u00e7\u00e3o de g\u00e1s natural do Brasil"},"content":{"rendered":"<p>\t\t\t\t\t\t\t\t\t\t<audio controls class=\"b61_audio_player\" data-noticia=\"87491\" src=\"https:\/\/brasil61.com\/rails\/active_storage\/blobs\/eyJfcmFpbHMiOnsibWVzc2FnZSI6IkJBaHBBN3Z3QXc9PSIsImV4cCI6bnVsbCwicHVyIjoiYmxvYl9pZCJ9fQ==--fd4a24cad341ef90c7e91631d6165f8302d78f91\/BRAS2615739A\"><\/audio><\/p>\n<p>\u00a0<\/p>\n<\/p>\n<p>O estado do Rio de Janeiro mant\u00e9m a lideran\u00e7a na produ\u00e7\u00e3o de g\u00e1s natural no Brasil. De acordo com a 8\u00aa edi\u00e7\u00e3o do relat\u00f3rio Perspectivas do G\u00e1s no Rio 2025-2026, elaborado pela <a href=\"https:\/\/firjan.com.br\/sesi\/\">Firjan SENAI SESI<\/a>, o estado responde por <strong>75% de todo o volume produzido no pa\u00eds<\/strong>, com uma produ\u00e7\u00e3o di\u00e1ria de <strong>137 milh\u00f5es de metros c\u00fabicos<\/strong>, resultado <strong>20% superior ao registrado no ano anterior<\/strong>.<\/p>\n<p>O estudo aponta que o mercado de g\u00e1s natural atravessa uma transforma\u00e7\u00e3o estrutural, impulsionada pelos cinco anos da Nova Lei do G\u00e1s, por avan\u00e7os regulat\u00f3rios, novos investimentos em infraestrutura e pela ado\u00e7\u00e3o de modelos de neg\u00f3cio mais flex\u00edveis, incluindo novos contratos e o uso do biog\u00e1s.<\/p>\n<p>Nesse contexto, o Rio de Janeiro se consolida como o principal polo de movimenta\u00e7\u00e3o e processamento de g\u00e1s natural do Brasil. O relat\u00f3rio refor\u00e7a que o g\u00e1s natural deixou de ser apenas um insumo energ\u00e9tico e passou a ocupar papel central na competitividade industrial e na seguran\u00e7a energ\u00e9tica nacional.<\/p>\n<h2>G\u00e1s nacional efetivamente dispon\u00edvel ao mercado<\/h2>\n<p>Um dos principais desafios do setor \u00e9 ampliar o aproveitamento do g\u00e1s produzido internamente. Os dados indicam que, proporcionalmente, uma parcela menor da produ\u00e7\u00e3o chegou ao mercado em 2025 quando comparada a 2021, passando de 42% para 33%.<\/p>\n<p>Esse movimento n\u00e3o representa retrocesso na oferta, mas sim um crescimento da produ\u00e7\u00e3o em ritmo superior ao da disponibiliza\u00e7\u00e3o ao mercado.<\/p>\n<p>A entrada em opera\u00e7\u00e3o do <strong>gasoduto Rota 3<\/strong> e da <strong>Unidade de Processamento de G\u00e1s Natural (UPGN) do Complexo Boaventura<\/strong> foi determinante para ampliar o volume de g\u00e1s nacional ofertado, revertendo a tend\u00eancia de queda observada nos \u00faltimos anos.<\/p>\n<p><strong>Evolu\u00e7\u00e3o do g\u00e1s nacional dispon\u00edvel:<\/strong><\/p>\n<ul>\n<li>Brasil (2024\u20132025): de 50 milh\u00f5es para 59 milh\u00f5es de m\u00b3\/dia (+18%)<\/li>\n<li>Brasil (2021\u20132025): de 55 milh\u00f5es para 59 milh\u00f5es de m\u00b3\/dia (+6%)<\/li>\n<li>Rio de Janeiro (2024\u20132025): de 26 milh\u00f5es para 33 milh\u00f5es de m\u00b3\/dia (+24%)<\/li>\n<li>Rio de Janeiro (2021\u20132025): de 24 milh\u00f5es para 33 milh\u00f5es de m\u00b3\/dia (+6%)<\/li>\n<\/ul>\n<h2>Pre\u00e7os do g\u00e1s e competitividade no Rio de Janeiro<\/h2>\n<p>A <a href=\"https:\/\/firjan.com.br\/sesi\/\">Firjan SENAI SESI<\/a> destaca que a redu\u00e7\u00e3o dos pre\u00e7os do g\u00e1s natural \u00e9 essencial para ampliar a competitividade da ind\u00fastria. A forma\u00e7\u00e3o do pre\u00e7o final envolve toda a cadeia, da produ\u00e7\u00e3o \u00e0 distribui\u00e7\u00e3o, exigindo equil\u00edbrio entre modicidade tarif\u00e1ria e retorno adequado aos investimentos.<\/p>\n<p><strong>No Rio de Janeiro, a composi\u00e7\u00e3o do pre\u00e7o ao consumidor industrial \u00e9 estimada em:<\/strong><\/p>\n<ul>\n<li>13% referentes \u00e0 mol\u00e9cula do g\u00e1s;<\/li>\n<li>10% ao escoamento;<\/li>\n<li>36% ao processamento;<\/li>\n<li>21% ao transporte e \u00e0 distribui\u00e7\u00e3o;<\/li>\n<li>cerca de 20% em tributos.<\/li>\n<\/ul>\n<p>A federa\u00e7\u00e3o ressalta a import\u00e2ncia de iniciativas que promovam a redu\u00e7\u00e3o de custos em todas essas etapas, de forma coordenada, para fortalecer a competitividade do setor produtivo e garantir seguran\u00e7a jur\u00eddica aos investimentos.<\/p>\n<p>\n\u00a0<\/p>\n<p>\t\t\t\t\t\t\t\t\t<img loading=\"lazy\" decoding=\"async\" src=\"https:\/\/brasil61.com\/api\/v1\/serve_pixel\/17677\/87491\" alt=\"Pixel Brasil 61\" class=\"b61_pixel\" width=\"0\" height=\"0\"><\/p>\n<input type=\"hidden\" id=\"baseurl\" value=\"https:\/\/noticiasdestaque.com.br\"><input type=\"hidden\" id=\"audio_nonce\" value=\"6a24ca502e\">","protected":false},"excerpt":{"rendered":"<p>Relat\u00f3rio da Firjan SENAI SESI destaca lideran\u00e7a fluminense na produ\u00e7\u00e3o, desafios para ampliar a oferta ao mercado e impactos do pre\u00e7o do g\u00e1s na competitividade industrial<\/p>\n","protected":false},"author":1,"featured_media":49806,"comment_status":"open","ping_status":"open","sticky":false,"template":"","format":"standard","meta":{"fifu_image_url":"","fifu_image_alt":"","footnotes":""},"categories":[48],"tags":[],"class_list":["post-49737","post","type-post","status-publish","format-standard","has-post-thumbnail","hentry","category-mundo"],"distributor_meta":false,"distributor_terms":false,"distributor_media":false,"distributor_original_site_name":"Noticias em Destaque","distributor_original_site_url":"https:\/\/noticiasdestaque.com.br","push-errors":false,"_links":{"self":[{"href":"https:\/\/noticiasdestaque.com.br\/index.php\/wp-json\/wp\/v2\/posts\/49737","targetHints":{"allow":["GET"]}}],"collection":[{"href":"https:\/\/noticiasdestaque.com.br\/index.php\/wp-json\/wp\/v2\/posts"}],"about":[{"href":"https:\/\/noticiasdestaque.com.br\/index.php\/wp-json\/wp\/v2\/types\/post"}],"author":[{"embeddable":true,"href":"https:\/\/noticiasdestaque.com.br\/index.php\/wp-json\/wp\/v2\/users\/1"}],"replies":[{"embeddable":true,"href":"https:\/\/noticiasdestaque.com.br\/index.php\/wp-json\/wp\/v2\/comments?post=49737"}],"version-history":[{"count":1,"href":"https:\/\/noticiasdestaque.com.br\/index.php\/wp-json\/wp\/v2\/posts\/49737\/revisions"}],"predecessor-version":[{"id":49805,"href":"https:\/\/noticiasdestaque.com.br\/index.php\/wp-json\/wp\/v2\/posts\/49737\/revisions\/49805"}],"wp:featuredmedia":[{"embeddable":true,"href":"https:\/\/noticiasdestaque.com.br\/index.php\/wp-json\/wp\/v2\/media\/49806"}],"wp:attachment":[{"href":"https:\/\/noticiasdestaque.com.br\/index.php\/wp-json\/wp\/v2\/media?parent=49737"}],"wp:term":[{"taxonomy":"category","embeddable":true,"href":"https:\/\/noticiasdestaque.com.br\/index.php\/wp-json\/wp\/v2\/categories?post=49737"},{"taxonomy":"post_tag","embeddable":true,"href":"https:\/\/noticiasdestaque.com.br\/index.php\/wp-json\/wp\/v2\/tags?post=49737"}],"curies":[{"name":"wp","href":"https:\/\/api.w.org\/{rel}","templated":true}]}}