{"id":49733,"date":"2026-02-03T04:20:00","date_gmt":"2026-02-03T07:20:00","guid":{"rendered":"https:\/\/noticiasdestaque.com.br\/index.php\/2026\/02\/03\/fachin-defende-criacao-de-codigo-etica-para-respaldar-stf-de-criticas\/"},"modified":"2026-02-03T04:20:00","modified_gmt":"2026-02-03T07:20:00","slug":"fachin-defende-criacao-de-codigo-etica-para-respaldar-stf-de-criticas","status":"publish","type":"post","link":"https:\/\/noticiasdestaque.com.br\/index.php\/2026\/02\/03\/fachin-defende-criacao-de-codigo-etica-para-respaldar-stf-de-criticas\/","title":{"rendered":"Fachin defende cria\u00e7\u00e3o de C\u00f3digo \u00c9tica para respaldar STF de cr\u00edticas"},"content":{"rendered":"<p>\t\t\t\t\t\t\t\t\t\t\t<audio controls class=\"b61_audio_player\" data-noticia=\"87497\" src=\"https:\/\/brasil61.com\/rails\/active_storage\/blobs\/eyJfcmFpbHMiOnsibWVzc2FnZSI6IkJBaHBBOXp3QXc9PSIsImV4cCI6bnVsbCwicHVyIjoiYmxvYl9pZCJ9fQ==--b6a6256b2fc685715433d8e6b2371529b44d2a08\/BRAS2615741A\"><\/audio><\/p>\n<p>\u201cO protagonismo tem seus \u00f4nus e efeitos para a legitimidade institucional. Os ministros respondem pelas escolhas que fazem, as decis\u00f5es que n\u00f3s todos tomamos, os casos que priorizamos, a forma como nos comunicamos, tudo isso importa.\u201d<\/p>\n<p>Foi com essa declara\u00e7\u00e3o que o presidente do <a href=\"https:\/\/brasil61.com\/noticias\/tag\/stf\">Supremo Tribunal Federal<\/a>, ministro Edson Fachin, deu in\u00edcio ao ano judici\u00e1rio em 2026. A fala ocorre em meio \u00e0 acusa\u00e7\u00f5es de parcialidade e decis\u00f5es contradit\u00f3rias de alguns integrantes da Suprema Corte brasileira, principalmente dos ministros Dias Toffoli e Alexandre de Moraes, envolvidos nas investiga\u00e7\u00f5es da fraude bilion\u00e1ria relacionada ao Banco Master, liquidado no fim do ano passado pelo <a href=\"https:\/\/brasil61.com\/noticias\/tag\/banco-central\">Banco Central<\/a>.<\/p>\n<p>Diante desse panorama, Fachin defendeu publicamente a cria\u00e7\u00e3o do C\u00f3digo de \u00c9tica e de Conduta para o STF. Segundo o ministro, esse \u00e9 o projeto central de sua gest\u00e3o \u00e0 frente da Corte, que ter\u00e1 a relatoria da ministra Carmen L\u00facia, e \u00e9 essencial para arrefecer a disputa entre os Poderes da Rep\u00fablica.<\/p>\n<p>\u201cA quest\u00e3o \u00e9 a de saber se chegou a hora de o Tribunal sinalizar, por seus atos pr\u00f3prios, que o momento \u00e9 outro. Minha convic\u00e7\u00e3o \u00e9 que esse momento chegou. A fase agora \u00e9 a da retomada plena da constru\u00e7\u00e3o institucional de longo prazo. Cabe ent\u00e3o refletir sobre a causa, e n\u00e3o apenas quanto aos sintomas\u201d, avaliou o presidente do STF.<\/p>\n<h2><a href=\"https:\/\/brasil61.com\/noticias\/tag\/eleicao\">Elei\u00e7\u00f5es<\/a><\/h2>\n<p>As elei\u00e7\u00f5es de 2026 tamb\u00e9m ganharam men\u00e7\u00e3o do magistrado. Fachin exaltou a condu\u00e7\u00e3o dos \u00faltimos pleitos pela <a href=\"https:\/\/brasil61.com\/noticias\/tag\/justica-eleitoral\">Justi\u00e7a Eleitoral<\/a>, com foco no combate \u00e0s informa\u00e7\u00f5es falsas, e instruiu \u00e0 Justi\u00e7a se manter equidistante de quaisquer posi\u00e7\u00f5es pol\u00edticas.<\/p>\n<p>\u201cSe os tempos exigerem mais de n\u00f3s, sejamos maiores que os desafios. Enquanto a magistratura brasileira permanecer \u00edntegra e firme, a democracia permanecer\u00e1 em p\u00e9 com plena legitimidade\u201d, finalizou Fachin.<\/p>\n<h2>Presen\u00e7as<\/h2>\n<p>A cerim\u00f4nia contou com a presen\u00e7a dos chefes dos outros dois poderes da Rep\u00fablica: o presidente do Executivo, <a href=\"https:\/\/brasil61.com\/noticias\/tag\/lula\">Luiz In\u00e1cio Lula da Silva (PT)<\/a>, e os do Legislativo: <a href=\"https:\/\/brasil61.com\/noticias\/tag\/senador-davi-alcolumbre-dem-ap\">Davi Alcolumbre (Uni\u00e3o-AP)<\/a>, presidente do <a href=\"https:\/\/brasil61.com\/noticias\/tag\/senado\">Senado Federal<\/a>, e <a href=\"https:\/\/brasil61.com\/noticias\/tag\/deputado-hugo-motta-republicanos-pb\">Hugo Motta (Republicanos-PB)<\/a>, da <a href=\"https:\/\/brasil61.com\/noticias\/tag\/camara-dos-deputados\">C\u00e2mara dos Deputados<\/a>.\u00a0<\/p>\n<p>Os demais 9 ministros titulares do STF tamb\u00e9m marcaram presen\u00e7a, al\u00e9m de Jorge Messias, indicado por Lula para substituir o aposentado Lu\u00eds Roberto Barroso e que deve ser sabatinado pelo Senado nas pr\u00f3ximas semanas.<\/p>\n<p>\t\t\t\t\t\t\t\t\t\t<img loading=\"lazy\" decoding=\"async\" src=\"https:\/\/brasil61.com\/api\/v1\/serve_pixel\/17677\/87497\" alt=\"Pixel Brasil 61\" class=\"b61_pixel\" width=\"0\" height=\"0\"><\/p>\n<input type=\"hidden\" id=\"baseurl\" value=\"https:\/\/noticiasdestaque.com.br\"><input type=\"hidden\" id=\"audio_nonce\" value=\"6a24ca502e\">","protected":false},"excerpt":{"rendered":"<p>Ministro defendeu a corte e individualizou condutas na abertura do Ano Judici\u00e1rio de 2026<\/p>\n","protected":false},"author":1,"featured_media":49734,"comment_status":"open","ping_status":"open","sticky":false,"template":"","format":"standard","meta":{"fifu_image_url":"","fifu_image_alt":"","footnotes":""},"categories":[50],"tags":[],"class_list":["post-49733","post","type-post","status-publish","format-standard","has-post-thumbnail","hentry","category-politica"],"distributor_meta":false,"distributor_terms":false,"distributor_media":false,"distributor_original_site_name":"Noticias em Destaque","distributor_original_site_url":"https:\/\/noticiasdestaque.com.br","push-errors":false,"_links":{"self":[{"href":"https:\/\/noticiasdestaque.com.br\/index.php\/wp-json\/wp\/v2\/posts\/49733","targetHints":{"allow":["GET"]}}],"collection":[{"href":"https:\/\/noticiasdestaque.com.br\/index.php\/wp-json\/wp\/v2\/posts"}],"about":[{"href":"https:\/\/noticiasdestaque.com.br\/index.php\/wp-json\/wp\/v2\/types\/post"}],"author":[{"embeddable":true,"href":"https:\/\/noticiasdestaque.com.br\/index.php\/wp-json\/wp\/v2\/users\/1"}],"replies":[{"embeddable":true,"href":"https:\/\/noticiasdestaque.com.br\/index.php\/wp-json\/wp\/v2\/comments?post=49733"}],"version-history":[{"count":0,"href":"https:\/\/noticiasdestaque.com.br\/index.php\/wp-json\/wp\/v2\/posts\/49733\/revisions"}],"wp:featuredmedia":[{"embeddable":true,"href":"https:\/\/noticiasdestaque.com.br\/index.php\/wp-json\/wp\/v2\/media\/49734"}],"wp:attachment":[{"href":"https:\/\/noticiasdestaque.com.br\/index.php\/wp-json\/wp\/v2\/media?parent=49733"}],"wp:term":[{"taxonomy":"category","embeddable":true,"href":"https:\/\/noticiasdestaque.com.br\/index.php\/wp-json\/wp\/v2\/categories?post=49733"},{"taxonomy":"post_tag","embeddable":true,"href":"https:\/\/noticiasdestaque.com.br\/index.php\/wp-json\/wp\/v2\/tags?post=49733"}],"curies":[{"name":"wp","href":"https:\/\/api.w.org\/{rel}","templated":true}]}}