{"id":49731,"date":"2026-02-03T04:15:00","date_gmt":"2026-02-03T07:15:00","guid":{"rendered":"https:\/\/noticiasdestaque.com.br\/index.php\/2026\/02\/03\/presidentes-do-senado-e-da-camara-dos-deputados-abrem-ano-do-legislativo-com-discurso-apaziguador\/"},"modified":"2026-02-03T04:15:00","modified_gmt":"2026-02-03T07:15:00","slug":"presidentes-do-senado-e-da-camara-dos-deputados-abrem-ano-do-legislativo-com-discurso-apaziguador","status":"publish","type":"post","link":"https:\/\/noticiasdestaque.com.br\/index.php\/2026\/02\/03\/presidentes-do-senado-e-da-camara-dos-deputados-abrem-ano-do-legislativo-com-discurso-apaziguador\/","title":{"rendered":"Presidentes do Senado e da C\u00e2mara dos Deputados abrem ano do Legislativo com discurso apaziguador"},"content":{"rendered":"<p>\t\t\t\t\t\t\t\t\t\t\t<audio controls class=\"b61_audio_player\" data-noticia=\"87522\" src=\"https:\/\/brasil61.com\/rails\/active_storage\/blobs\/eyJfcmFpbHMiOnsibWVzc2FnZSI6IkJBaHBBOVB3QXc9PSIsImV4cCI6bnVsbCwicHVyIjoiYmxvYl9pZCJ9fQ==--5bd4a42ff9f1165aa7df360d086bba2101c7d95e\/BRAS2615757A\"><\/audio><\/p>\n<p>Os trabalhos do Poder Legislativo tiveram in\u00edcio nesta segunda-feira (2) com uma sess\u00e3o solene conjunta entre deputados e senadores. O ano de 2026 marca os 200 anos da primeira sess\u00e3o legislativa do Brasil, marco que foi ressaltado tanto pelo presidente do Congresso Nacional e do <a href=\"https:\/\/brasil61.com\/noticias\/tag\/senado\">Senado Federal<\/a>, <a href=\"https:\/\/brasil61.com\/noticias\/tag\/senador-davi-alcolumbre-dem-ap\">Davi Alcolumbre (Uni\u00e3o-AP)<\/a>, quanto pelo mandat\u00e1rio da <a href=\"https:\/\/brasil61.com\/noticias\/tag\/camara-dos-deputados\">C\u00e2mara dos Deputados<\/a>, <a href=\"https:\/\/brasil61.com\/noticias\/tag\/deputado-hugo-motta-republicanos-pb\">Hugo Motta (Republicanos-PB)<\/a>.<\/p>\n<p>No seu discurso, Alcolumbre\u00a0defendeu o Legislativo como o poder da pacifica\u00e7\u00e3o de conflitos, mas ressaltou que essa postura n\u00e3o significa omiss\u00e3o. \u201cEste \u00e9 o compromisso que assumo como Presidente do Congresso Nacional: n\u00e3o ampliar conflitos, mas ajudar a resolv\u00ea-los; n\u00e3o estimular extremismos, mas construir consensos poss\u00edveis; n\u00e3o fugir das tens\u00f5es pr\u00f3prias da vida democr\u00e1tica, mas trat\u00e1-las com seriedade e com maturidade.\u201d<\/p>\n<p>Minutos antes, foi Hugo Motta\u00a0quem fez uso da palavra. O paraibano anunciou as mat\u00e9rias priorit\u00e1rias, acordadas com os l\u00edderes partid\u00e1rios, para discuss\u00e3o neste ano, que deve ser concentrado no primeiro semestre devido \u00e0s elei\u00e7\u00f5es. Entre elas os pacotes de combate ao crime organizado, a PEC da Escala 6&#215;1 e a ratifica\u00e7\u00e3o do acordo <a href=\"https:\/\/brasil61.com\/noticias\/tag\/mercosul-e-uniao-europeia\">Uni\u00e3o Europeia-Mercosul<\/a>. \u201cConto com os nobres pares para fazermos de 2026 um ano de serenidade, de firmeza institucional e de entregas concretas\u201d, concluiu Motta.<\/p>\n<h2>Executivo<\/h2>\n<p>O primeiro ato foi a leitura da mensagem do Poder Executivo com as entregas de 2025 e as prioridades para 2026. O texto foi apresentado pelo ministro da Casa Civil, Rui Costa (PT-BA), e lido pelo 1\u00ba Secret\u00e1rio-Geral da Mesa da C\u00e2mara dos Deputados, deputado Carlos Veras (PT-BA).\u00a0<\/p>\n<p><strong>Os pontos destacados:<\/strong><\/p>\n<ul>\n<li>PIB cresceu pelo terceiro ano consecutivo;<\/li>\n<li>D\u00f3lar teve a maior queda dos \u00faltimos nove anos;<\/li>\n<li>Bolsa de Valores cresceu 34% em rela\u00e7\u00e3o a 2024 e ultrapassou, pela primeira vez, a marca de 160 mil pontos;<\/li>\n<li>Maior volume de investimentos estrangeiros dos \u00faltimos sete anos: US$77,7 bi;<\/li>\n<li>Segundo destino mais atrativo para o capital externo;<\/li>\n<li>Desemprego caiu para 5,2%, a menor taxa da s\u00e9rie hist\u00f3rica;<\/li>\n<li>Renda m\u00e9dia dos trabalhadores subiu para R$ 3.574;<\/li>\n<li>Registrada a menor infla\u00e7\u00e3o em sete anos (4,26%);<\/li>\n<li>521 novos mercados abertos \u00e0s exporta\u00e7\u00f5es;<\/li>\n<li>Exporta\u00e7\u00f5es atingiram a marca recorde de US$348,7 bilh\u00f5es.<\/li>\n<\/ul>\n<p>Para 2026, a Presid\u00eancia da Rep\u00fablica alega estar comprometida com a responsabilidade fiscal e promete seguir investindo no desenvolvimento do pa\u00eds, com maior atra\u00e7\u00e3o de capital exterior e aumento da renda das fam\u00edlias. No \u00e2mbito do Legislativo, o Pal\u00e1cio do Planalto compartilha a prioriza\u00e7\u00e3o do combate ao crime organizado, com a <a href=\"https:\/\/www.camara.leg.br\/proposicoesWeb\/fichadetramitacao?idProposicao=2500080\">PEC da Seguran\u00e7a P\u00fablica<\/a> e o <a href=\"https:\/\/www.camara.leg.br\/proposicoesWeb\/fichadetramitacao?idProposicao=2579832\">PL Antifac\u00e7\u00e3o<\/a>, bem como a <a href=\"https:\/\/www.camara.leg.br\/proposicoesWeb\/fichadetramitacao?idProposicao=2485341\">PEC da Escala 6&#215;1<\/a> sem redu\u00e7\u00e3o de sal\u00e1rio, a regula\u00e7\u00e3o do trabalho por aplicativos e o esfor\u00e7o nacional para conter a onda de feminic\u00eddios.<\/p>\n<h2>Judici\u00e1rio<\/h2>\n<p>Ap\u00f3s realizar a abertura do Ano Judici\u00e1rio, o presidente do <a href=\"https:\/\/brasil61.com\/noticias\/tag\/stf\">Supremo Tribunal Federal<\/a>, ministro Edson Fachin, tamb\u00e9m compareceu \u00e0 cerim\u00f4nia do Legislativo. A inten\u00e7\u00e3o foi passar uma mensagem de uni\u00e3o institucional com os demais poderes, al\u00e9m de se colocar \u00e0 disposi\u00e7\u00e3o para trabalhar nas quest\u00f5es de interesse nacional.<\/p>\n<p>\t\t\t\t\t\t\t\t\t\t<img loading=\"lazy\" decoding=\"async\" src=\"https:\/\/brasil61.com\/api\/v1\/serve_pixel\/17677\/87522\" alt=\"Pixel Brasil 61\" class=\"b61_pixel\" width=\"0\" height=\"0\"><\/p>\n<input type=\"hidden\" id=\"baseurl\" value=\"https:\/\/noticiasdestaque.com.br\"><input type=\"hidden\" id=\"audio_nonce\" value=\"6a24ca502e\">","protected":false},"excerpt":{"rendered":"<p>Alcolumbre e Motta defendem priorizar mat\u00e9rias de interesse popular, como escala 6&#215;1 e pacote anti-crime<\/p>\n","protected":false},"author":1,"featured_media":49732,"comment_status":"open","ping_status":"open","sticky":false,"template":"","format":"standard","meta":{"fifu_image_url":"","fifu_image_alt":"","footnotes":""},"categories":[50],"tags":[],"class_list":["post-49731","post","type-post","status-publish","format-standard","has-post-thumbnail","hentry","category-politica"],"distributor_meta":false,"distributor_terms":false,"distributor_media":false,"distributor_original_site_name":"Noticias em Destaque","distributor_original_site_url":"https:\/\/noticiasdestaque.com.br","push-errors":false,"_links":{"self":[{"href":"https:\/\/noticiasdestaque.com.br\/index.php\/wp-json\/wp\/v2\/posts\/49731","targetHints":{"allow":["GET"]}}],"collection":[{"href":"https:\/\/noticiasdestaque.com.br\/index.php\/wp-json\/wp\/v2\/posts"}],"about":[{"href":"https:\/\/noticiasdestaque.com.br\/index.php\/wp-json\/wp\/v2\/types\/post"}],"author":[{"embeddable":true,"href":"https:\/\/noticiasdestaque.com.br\/index.php\/wp-json\/wp\/v2\/users\/1"}],"replies":[{"embeddable":true,"href":"https:\/\/noticiasdestaque.com.br\/index.php\/wp-json\/wp\/v2\/comments?post=49731"}],"version-history":[{"count":0,"href":"https:\/\/noticiasdestaque.com.br\/index.php\/wp-json\/wp\/v2\/posts\/49731\/revisions"}],"wp:featuredmedia":[{"embeddable":true,"href":"https:\/\/noticiasdestaque.com.br\/index.php\/wp-json\/wp\/v2\/media\/49732"}],"wp:attachment":[{"href":"https:\/\/noticiasdestaque.com.br\/index.php\/wp-json\/wp\/v2\/media?parent=49731"}],"wp:term":[{"taxonomy":"category","embeddable":true,"href":"https:\/\/noticiasdestaque.com.br\/index.php\/wp-json\/wp\/v2\/categories?post=49731"},{"taxonomy":"post_tag","embeddable":true,"href":"https:\/\/noticiasdestaque.com.br\/index.php\/wp-json\/wp\/v2\/tags?post=49731"}],"curies":[{"name":"wp","href":"https:\/\/api.w.org\/{rel}","templated":true}]}}