{"id":4971,"date":"2022-12-28T11:07:07","date_gmt":"2022-12-28T14:07:07","guid":{"rendered":"https:\/\/noticiasdestaque.com.br\/index.php\/2022\/12\/28\/mp-muda-normas-de-gestao-de-florestas-para-fomentar-mercado-de-carbono\/"},"modified":"2022-12-28T11:07:07","modified_gmt":"2022-12-28T14:07:07","slug":"mp-muda-normas-de-gestao-de-florestas-para-fomentar-mercado-de-carbono","status":"publish","type":"post","link":"https:\/\/noticiasdestaque.com.br\/index.php\/2022\/12\/28\/mp-muda-normas-de-gestao-de-florestas-para-fomentar-mercado-de-carbono\/","title":{"rendered":"MP muda normas de gest\u00e3o de florestas para fomentar mercado de carbono"},"content":{"rendered":"<style> bloco.meta {font-style: italic; color: #666;font-weight: 600;font-size: .8em; \/* line-height: .3em; *\/}  text h2 { font-weight: 700 !important;  color: #062f46 !important;} text img { width: none; left: none;}<\/style>\n<\/p>\n<p>Proposta pelos minist\u00e9rios da Economia, da Agricultura, Pecu\u00e1ria e Abastecimento e do Meio Ambiente, para atualizar a <a href=\"https:\/\/www.camara.leg.br\/proposicoesWeb\/prop_mostrarintegra?codteor=592110\">Lei n\u00ba 11.284, de 2 de mar\u00e7o de 2006<\/a>, que trata da gest\u00e3o de florestas para a produ\u00e7\u00e3o sustent\u00e1vel, o presidente da Rep\u00fablica, Jair Bolsonaro, editou nessa segunda-feira (26) uma medida provis\u00f3ria (MP) que altera normas de gest\u00e3o de florestas p\u00fablicas para impulsionar mercado de cr\u00e9ditos de carbono no pa\u00eds.<\/p>\n<p>A <a href=\"https:\/\/www.in.gov.br\/en\/web\/dou\/-\/medida-provisoria-n-1.151-de-26-de-dezembro-de-2022-453738894\" target=\"_blank\" rel=\"noopener\">MP n\u00ba 1.151, de 26 de dezembro de 2022<\/a>, publicada no <em>Di\u00e1rio Oficial da Uni\u00e3o<\/em> desta ter\u00e7a-feira (27), objetiva fomentar o mercado de cr\u00e9ditos de carbono no pa\u00eds e aproveitar o potencial de conserva\u00e7\u00e3o da biodiversidade do Brasil, que det\u00e9m uma das maiores \u00e1reas florestadas do planeta, correspondendo a 58,5% de florestas nativas ou plantadas em rela\u00e7\u00e3o ao territ\u00f3rio.<\/p>\n<p>Com as mudan\u00e7as promovidas pela MP, na Lei n\u00ba 11.284, o contrato de concess\u00e3o de florestas p\u00fablicas \u201cpassa a prever o direito de comercializar cr\u00e9ditos de carbono e produtos e servi\u00e7os florestais n\u00e3o madeireiros, tais como: servi\u00e7os ambientais; acesso ao patrim\u00f4nio gen\u00e9tico ou conhecimento tradicional associado para fins de conserva\u00e7\u00e3o, pesquisa, desenvolvimento e bioprospec\u00e7\u00e3o; restaura\u00e7\u00e3o e reflorestamento de \u00e1reas degradadas; atividades de manejo voltadas a conserva\u00e7\u00e3o da vegeta\u00e7\u00e3o nativa ou ao desmatamento evitado; turismo e visita\u00e7\u00e3o na \u00e1rea outorgada; produtos obtidos da biodiversidade local, entre outros\u201d, informa nota publicada pela Secretaria-Geral da Presid\u00eancia da Rep\u00fablica.<\/p>\n<p>Os cr\u00e9ditos de carbono e servi\u00e7os ambientais poder\u00e3o decorrer: da redu\u00e7\u00e3o de emiss\u00f5es ou remo\u00e7\u00e3o de gases de efeito estufa; da manuten\u00e7\u00e3o ou aumento do estoque de carbono florestal; da conserva\u00e7\u00e3o e melhoria da biodiversidade, do solo e do clima; ou outros benef\u00edcios ecossist\u00eamicos, conforme a Pol\u00edtica Nacional de Pagamento por Servi\u00e7os Ambientais, institu\u00edda pela <a href=\"https:\/\/www.in.gov.br\/en\/web\/dou\/-\/lei-n-14.119-de-13-de-janeiro-de-2021-298899394\" target=\"_blank\" rel=\"noopener\">Lei n\u00ba 14.119\/2021<\/a>.<\/p>\n<p>A MP ainda prever que o Banco Nacional de Desenvolvimento e Social (BNDES) poder\u00e1 habilitar agentes financeiros ou <em>fintechs<\/em>, p\u00fablicos ou privados, para atuar nas opera\u00e7\u00f5es de financiamento com recursos do Fundo Nacional sobre Mudan\u00e7a do Clima. \u201cAntes somente poderiam ser habilitados o Banco do Brasil, a Caixa Econ\u00f4mica Federal e outros agentes financeiros p\u00fablicos\u201d.<\/p>\n<p>\u201cA medida provis\u00f3ria \u00e9 urgente j\u00e1 que o Brasil assumiu o compromisso de reduzir at\u00e9 2030 cinquenta por cento das suas emiss\u00f5es de CO2eq com base nas emiss\u00f5es de 2005. As inova\u00e7\u00f5es retiram entraves regulat\u00f3rios da Lei n\u00ba 11.284, de 2006, que reduziam a atratividade das concess\u00f5es em unidades de manejo florestal, conforme evidencia o avan\u00e7o bastante aqu\u00e9m do potencial das concess\u00f5es em unidades de manejo florestal, sobretudo na regi\u00e3o amaz\u00f4nica\u201d, diz ainda a nota da Secretaria-Geral.<\/p>\n<p class=\"alt-font font-italic my-2 small text-info\">\n                                                Edi\u00e7\u00e3o:   A\u00e9cio Amado                    <\/p>\n<p>            <!-- blog End --><\/p>\n<p>            <!-- tag and share --><\/p>\n<p> Fonte: EBC <\/p>\n<input type=\"hidden\" id=\"baseurl\" value=\"https:\/\/noticiasdestaque.com.br\"><input type=\"hidden\" id=\"audio_nonce\" value=\"62ca87eee3\">","protected":false},"excerpt":{"rendered":"<p>A MP n\u00ba 1.151\/2022 est\u00e1 publicada no Di\u00e1rio Oficial da Uni\u00e3o de hoje<\/p>\n","protected":false},"author":1,"featured_media":4972,"comment_status":"open","ping_status":"open","sticky":false,"template":"","format":"standard","meta":{"fifu_image_url":"","fifu_image_alt":"","footnotes":""},"categories":[48],"tags":[],"class_list":["post-4971","post","type-post","status-publish","format-standard","has-post-thumbnail","hentry","category-mundo"],"distributor_meta":false,"distributor_terms":false,"distributor_media":false,"distributor_original_site_name":"Portal de Recupera\u00e7\u00e3o","distributor_original_site_url":"https:\/\/portalderecuperacao.com","push-errors":false,"_links":{"self":[{"href":"https:\/\/noticiasdestaque.com.br\/index.php\/wp-json\/wp\/v2\/posts\/4971","targetHints":{"allow":["GET"]}}],"collection":[{"href":"https:\/\/noticiasdestaque.com.br\/index.php\/wp-json\/wp\/v2\/posts"}],"about":[{"href":"https:\/\/noticiasdestaque.com.br\/index.php\/wp-json\/wp\/v2\/types\/post"}],"author":[{"embeddable":true,"href":"https:\/\/noticiasdestaque.com.br\/index.php\/wp-json\/wp\/v2\/users\/1"}],"replies":[{"embeddable":true,"href":"https:\/\/noticiasdestaque.com.br\/index.php\/wp-json\/wp\/v2\/comments?post=4971"}],"version-history":[{"count":0,"href":"https:\/\/noticiasdestaque.com.br\/index.php\/wp-json\/wp\/v2\/posts\/4971\/revisions"}],"wp:featuredmedia":[{"embeddable":true,"href":"https:\/\/noticiasdestaque.com.br\/index.php\/wp-json\/wp\/v2\/media\/4972"}],"wp:attachment":[{"href":"https:\/\/noticiasdestaque.com.br\/index.php\/wp-json\/wp\/v2\/media?parent=4971"}],"wp:term":[{"taxonomy":"category","embeddable":true,"href":"https:\/\/noticiasdestaque.com.br\/index.php\/wp-json\/wp\/v2\/categories?post=4971"},{"taxonomy":"post_tag","embeddable":true,"href":"https:\/\/noticiasdestaque.com.br\/index.php\/wp-json\/wp\/v2\/tags?post=4971"}],"curies":[{"name":"wp","href":"https:\/\/api.w.org\/{rel}","templated":true}]}}