{"id":4969,"date":"2022-12-28T11:04:23","date_gmt":"2022-12-28T14:04:23","guid":{"rendered":"https:\/\/noticiasdestaque.com.br\/index.php\/2022\/12\/28\/biden-declara-emergencia-no-estado-de-nova-york\/"},"modified":"2022-12-28T11:04:23","modified_gmt":"2022-12-28T14:04:23","slug":"biden-declara-emergencia-no-estado-de-nova-york","status":"publish","type":"post","link":"https:\/\/noticiasdestaque.com.br\/index.php\/2022\/12\/28\/biden-declara-emergencia-no-estado-de-nova-york\/","title":{"rendered":"Biden declara emerg\u00eancia no estado de Nova York"},"content":{"rendered":"<style> bloco.meta {font-style: italic; color: #666;font-weight: 600;font-size: .8em; \/* line-height: .3em; *\/}  text h2 { font-weight: 700 !important;  color: #062f46 !important;} text img { width: none; left: none;}<\/style>\n<\/p>\n<p>O presidente dos Estados Unidos, Joe Biden, aprovou declara\u00e7\u00e3o de emerg\u00eancia para o estado de Nova York, o mais afetado pela tempestade Elliot.<\/p>\n<p>Com esta declara\u00e7\u00e3o, Biden aprova a ajuda federal aos governos estaduais e locais para lidar com as consequ\u00eancias da tempestade, que causou pelo menos 50 mortes em todo o pa\u00eds, 27 dos quais no noroeste daquele estado.<\/p>\n<p>O presidente norte-americano autorizou o Departamento do Interior e a Ag\u00eancia de Gest\u00e3o de Emerg\u00eancia a coordenar as a\u00e7\u00f5es necess\u00e1rias para lidar com a situa\u00e7\u00e3o e &#8220;aliviar a adversidade e o sofrimento&#8221; causados pela tempestade, de acordo com um comunicado da Casa Branca.<\/p>\n<p>Causada por uma frente fria \u00e1rtica, a tempestade afetou os Estados Unidos desde os Grandes Lagos, perto da fronteira com o Canad\u00e1, at\u00e9 ao rio Bravo, ou Grande, na fronteira com o M\u00e9xico, atingindo cerca de 60% da popula\u00e7\u00e3o do pa\u00eds.<\/p>\n<p>Forte nevasca e ventos cicl\u00f4nicos deixaram milhares de pessoas isoladas nas suas casas, passageiros retidos, na v\u00e9spera de Natal, devido a voos cancelados e a estradas bloqueadas, al\u00e9m de cortes no fornecimento de energia em quase 1,7 milh\u00e3o de resid\u00eancias e empresas devido a rupturas na infraestrutura el\u00e9trica.<\/p>\n<p>A cidade de Nova Iorque alcan\u00e7ou uma temperatura m\u00ednima de -10,5\u00b0 Celsius (C) no dia de Natal, o que n\u00e3o acontecia desde 1872, enquanto Washington, a capital dos EUA, esteve com -10\u00b0C no Natal mais frio desde 1983 e Tampa, na Florida, chegou a marcar temperaturas abaixo de zero, o que n\u00e3o acontecia desde 1966.<\/p>\n<p><strong><em>*\u00c9 proibida a reprodu\u00e7\u00e3o deste conte\u00fado. <\/em><\/strong><\/p>\n<p class=\"alt-font font-italic my-2 small text-info\">\n                                                Edi\u00e7\u00e3o:   Kelly Oliveira                    <\/p>\n<p>            <!-- blog End --><\/p>\n<p>            <!-- tag and share --><\/p>\n<p> Fonte: EBC <\/p>\n<input type=\"hidden\" id=\"baseurl\" value=\"https:\/\/noticiasdestaque.com.br\"><input type=\"hidden\" id=\"audio_nonce\" value=\"62ca87eee3\">","protected":false},"excerpt":{"rendered":"<p>Nevasca causou, pelo menos, 50 mortes<\/p>\n","protected":false},"author":1,"featured_media":4970,"comment_status":"open","ping_status":"open","sticky":false,"template":"","format":"standard","meta":{"fifu_image_url":"","fifu_image_alt":"","footnotes":""},"categories":[48],"tags":[],"class_list":["post-4969","post","type-post","status-publish","format-standard","has-post-thumbnail","hentry","category-mundo"],"distributor_meta":false,"distributor_terms":false,"distributor_media":false,"distributor_original_site_name":"Portal de Recupera\u00e7\u00e3o","distributor_original_site_url":"https:\/\/portalderecuperacao.com","push-errors":false,"_links":{"self":[{"href":"https:\/\/noticiasdestaque.com.br\/index.php\/wp-json\/wp\/v2\/posts\/4969","targetHints":{"allow":["GET"]}}],"collection":[{"href":"https:\/\/noticiasdestaque.com.br\/index.php\/wp-json\/wp\/v2\/posts"}],"about":[{"href":"https:\/\/noticiasdestaque.com.br\/index.php\/wp-json\/wp\/v2\/types\/post"}],"author":[{"embeddable":true,"href":"https:\/\/noticiasdestaque.com.br\/index.php\/wp-json\/wp\/v2\/users\/1"}],"replies":[{"embeddable":true,"href":"https:\/\/noticiasdestaque.com.br\/index.php\/wp-json\/wp\/v2\/comments?post=4969"}],"version-history":[{"count":0,"href":"https:\/\/noticiasdestaque.com.br\/index.php\/wp-json\/wp\/v2\/posts\/4969\/revisions"}],"wp:featuredmedia":[{"embeddable":true,"href":"https:\/\/noticiasdestaque.com.br\/index.php\/wp-json\/wp\/v2\/media\/4970"}],"wp:attachment":[{"href":"https:\/\/noticiasdestaque.com.br\/index.php\/wp-json\/wp\/v2\/media?parent=4969"}],"wp:term":[{"taxonomy":"category","embeddable":true,"href":"https:\/\/noticiasdestaque.com.br\/index.php\/wp-json\/wp\/v2\/categories?post=4969"},{"taxonomy":"post_tag","embeddable":true,"href":"https:\/\/noticiasdestaque.com.br\/index.php\/wp-json\/wp\/v2\/tags?post=4969"}],"curies":[{"name":"wp","href":"https:\/\/api.w.org\/{rel}","templated":true}]}}