{"id":4967,"date":"2022-12-27T15:59:00","date_gmt":"2022-12-27T18:59:00","guid":{"rendered":"https:\/\/noticiasdestaque.com.br\/index.php\/2022\/12\/27\/em-live-emocionante-lindaines-deterling-e-felipe-lago-emilia-e-pedrinho-falam-de-picapau-amarelo-e-ccxp\/"},"modified":"2022-12-27T15:59:00","modified_gmt":"2022-12-27T18:59:00","slug":"em-live-emocionante-lindaines-deterling-e-felipe-lago-emilia-e-pedrinho-falam-de-picapau-amarelo-e-ccxp","status":"publish","type":"post","link":"https:\/\/noticiasdestaque.com.br\/index.php\/2022\/12\/27\/em-live-emocionante-lindaines-deterling-e-felipe-lago-emilia-e-pedrinho-falam-de-picapau-amarelo-e-ccxp\/","title":{"rendered":"Em Live emocionante, Lindain\u00eas Deterling e Felipe Lago, Emil\u00eda e Pedrinho, falam de Picapau Amarelo e CCXP"},"content":{"rendered":"\n<p>Na \u00faltima sexta, 23, Lindain\u00eas Deterling, que foi escolhida para ser a Em\u00edlia de Picapau amarelo \u00e0 partir de 2023, participou de uma live para o canal Mem\u00f3rias do Picapau Amarelo &#8211; Especial de Natal &#8211; no YouTube, junto com Felipe Lago, ator e dublador que interpreta Pedrinho.<\/p>\n\n\n\n<p>Entrevistados por Lu\u00eds Henrique, administrador do canal e amigo do diretor de programa, Jefferson Candido, Lindain\u00eas relembrou sua rela\u00e7\u00e3o com a personagem Em\u00edlia desde os seis anos quando j\u00e1 usava a roupa de sua boneca (Em\u00edlia) para se apresentar em escolas p\u00fablicas, sempre com o apoio da fam\u00edlia que reconhecia seu dom para o entretenimento que a levou a ser exitosa com sua empresa que faz anima\u00e7\u00f5es para festas e eventos com um diversidade de outros personagens vivos.<\/p>\n\n\n\n<p>Lu\u00eds Henrique os questionou especialmente sobre a participa\u00e7\u00e3o do elenco no evento internacionalmente famoso CCXP (Comic Con Experience), ocorrido em novembro em S\u00e3o Paulo. Enquanto eles corriam para conhecer alguns famosos, n\u00e3o s\u00f3 do Brasil, que participavam do congresso, acabaram percebendo que eles tamb\u00e9m s\u00e3o celebridades.<\/p>\n\n\n\n<blockquote class=\"wp-block-quote is-layout-flow wp-block-quote-is-layout-flow\"><p>&#8220;Eu fiquei muito emocionada, eu tive a felicidade de ter essa experi\u00eancia com duas senhorinhas, idosas, uma delas em cadeira de rodas, que estava passando com o esposo e me viu, estendeu os bra\u00e7os e disse &#8216;vem boneca de pano&#8217;. Me segurei para n\u00e3o chorar. Como n\u00e3o se apaixonar?&#8221; <\/p><cite>perguntou ela.<\/cite><\/blockquote>\n\n\n\n<p>Como descreveu, o conhecimento das pessoas, sejam elas de qualquer idade, sobre o programa \u00e9 que surpreende, sabendo o nome de qualquer integrante da fam\u00edlia Picapau.<\/p>\n\n\n\n<p>Durante a live eles deram oportunidade para que alguns entusiastas do programa pudessem conversar. Um, inclusive, mais que entusiasta, que \u00e9 o diretor Jefferson Candido, um dos maiores colecionadores de itens do Picapau Amarelo, que tamb\u00e9m falou um pouco sobre como foi a sele\u00e7\u00e3o de Linda, Felipe e dos outros atores.<\/p>\n\n\n\n<blockquote class=\"wp-block-quote is-layout-flow wp-block-quote-is-layout-flow\"><p><em><strong>&#8220;A linda nasceu pra ser Em\u00edlia. No programa da Patr\u00edcia [Abravanel, que Linda participou de um bloco] eu fui pro palco, e n\u00e3o sabia que ela fazia personagens e tinha uma ag\u00eancia. Olhando o instagram da Linda eu vi uma foto da Em\u00edlia. Achei incr\u00edvel, dei um print e guardei<\/strong><\/em>.&#8221; <\/p><cite>Disse Jefferson enquanto elogiava o vestido de Em\u00edlia criado por ela como sendo mais bonito que o original daquela vers\u00e3o.<\/cite><\/blockquote>\n\n\n\n<p>Abaixo n\u00f3s podemos rever a divertida live, onde eles contam v\u00e1rias hist\u00f3rias pessoais que os levaram \u00e0 serem escolhidos e tamb\u00e9m os bastidores da CCXP.<\/p>\n\n\n\n<figure class=\"wp-block-embed is-type-video is-provider-youtube wp-block-embed-youtube wp-embed-aspect-16-9 wp-has-aspect-ratio\"><div class=\"wp-block-embed__wrapper\">\n<div class=\"jeg_video_container jeg_video_content\"><iframe loading=\"lazy\" title=\"Mem\u00f3rias do Picapau Amarelo | ESPECIAL DE NATAL com LINDAIN\u00caS E FELIPE LAGO (Episodio 02)\" width=\"500\" height=\"281\" src=\"https:\/\/www.youtube.com\/embed\/gKmChu_DiIs?feature=oembed\" frameborder=\"0\" allow=\"accelerometer; autoplay; clipboard-write; encrypted-media; gyroscope; picture-in-picture; web-share\" referrerpolicy=\"strict-origin-when-cross-origin\" allowfullscreen><\/iframe><\/div>\n<\/div><\/figure>\n<input type=\"hidden\" id=\"baseurl\" value=\"https:\/\/noticiasdestaque.com.br\"><input type=\"hidden\" id=\"audio_nonce\" value=\"62ca87eee3\">","protected":false},"excerpt":{"rendered":"<p>Na \u00faltima sexta, 23, Lindain\u00eas Deterling, que foi escolhida para ser a Em\u00edlia de Picapau amarelo \u00e0 partir de 2023, participou de uma live para o canal Mem\u00f3rias do Picapau Amarelo &#8211; Especial de Natal &#8211; no YouTube, junto com Felipe Lago, ator e dublador que interpreta Pedrinho. Entrevistados por Lu\u00eds Henrique, administrador do canal [&hellip;]<\/p>\n","protected":false},"author":1,"featured_media":4968,"comment_status":"open","ping_status":"open","sticky":false,"template":"","format":"standard","meta":{"fifu_image_url":"","fifu_image_alt":"","footnotes":""},"categories":[52],"tags":[],"class_list":["post-4967","post","type-post","status-publish","format-standard","has-post-thumbnail","hentry","category-entretenimento"],"distributor_meta":false,"distributor_terms":false,"distributor_media":false,"distributor_original_site_name":"Portal de Recupera\u00e7\u00e3o","distributor_original_site_url":"https:\/\/portalderecuperacao.com","push-errors":false,"_links":{"self":[{"href":"https:\/\/noticiasdestaque.com.br\/index.php\/wp-json\/wp\/v2\/posts\/4967","targetHints":{"allow":["GET"]}}],"collection":[{"href":"https:\/\/noticiasdestaque.com.br\/index.php\/wp-json\/wp\/v2\/posts"}],"about":[{"href":"https:\/\/noticiasdestaque.com.br\/index.php\/wp-json\/wp\/v2\/types\/post"}],"author":[{"embeddable":true,"href":"https:\/\/noticiasdestaque.com.br\/index.php\/wp-json\/wp\/v2\/users\/1"}],"replies":[{"embeddable":true,"href":"https:\/\/noticiasdestaque.com.br\/index.php\/wp-json\/wp\/v2\/comments?post=4967"}],"version-history":[{"count":0,"href":"https:\/\/noticiasdestaque.com.br\/index.php\/wp-json\/wp\/v2\/posts\/4967\/revisions"}],"wp:featuredmedia":[{"embeddable":true,"href":"https:\/\/noticiasdestaque.com.br\/index.php\/wp-json\/wp\/v2\/media\/4968"}],"wp:attachment":[{"href":"https:\/\/noticiasdestaque.com.br\/index.php\/wp-json\/wp\/v2\/media?parent=4967"}],"wp:term":[{"taxonomy":"category","embeddable":true,"href":"https:\/\/noticiasdestaque.com.br\/index.php\/wp-json\/wp\/v2\/categories?post=4967"},{"taxonomy":"post_tag","embeddable":true,"href":"https:\/\/noticiasdestaque.com.br\/index.php\/wp-json\/wp\/v2\/tags?post=4967"}],"curies":[{"name":"wp","href":"https:\/\/api.w.org\/{rel}","templated":true}]}}