{"id":49650,"date":"2026-02-01T04:10:00","date_gmt":"2026-02-01T07:10:00","guid":{"rendered":"https:\/\/noticiasdestaque.com.br\/index.php\/2026\/02\/01\/monitor-de-secas-aponta-intensificacao-do-fenomeno-no-sudeste-e-centro-oeste-e-melhora-no-norte-e-sul\/"},"modified":"2026-02-01T04:10:00","modified_gmt":"2026-02-01T07:10:00","slug":"monitor-de-secas-aponta-intensificacao-do-fenomeno-no-sudeste-e-centro-oeste-e-melhora-no-norte-e-sul","status":"publish","type":"post","link":"https:\/\/noticiasdestaque.com.br\/index.php\/2026\/02\/01\/monitor-de-secas-aponta-intensificacao-do-fenomeno-no-sudeste-e-centro-oeste-e-melhora-no-norte-e-sul\/","title":{"rendered":"Monitor de Secas aponta intensifica\u00e7\u00e3o do fen\u00f4meno no Sudeste e Centro-Oeste e melhora no Norte e Sul"},"content":{"rendered":"<p>\t\t\t\t\t\t\t\t\t\t\t<audio controls class=\"b61_audio_player\" data-noticia=\"87402\" src=\"https:\/\/brasil61.com\/rails\/active_storage\/blobs\/eyJfcmFpbHMiOnsibWVzc2FnZSI6IkJBaHBBeUx0QXc9PSIsImV4cCI6bnVsbCwicHVyIjoiYmxvYl9pZCJ9fQ==--73a9c042115ec2c17f07f78700ea5c38a6acbf40\/BRAS2615716A\"><\/audio><\/p>\n<p>A mais recente atualiza\u00e7\u00e3o do <a href=\"https:\/\/monitordesecas.ana.gov.br\/mapa?mes=12&amp;ano=2025\">Monitor de Secas<\/a>, referente \u00e0 compara\u00e7\u00e3o entre os meses de novembro e dezembro, revela um cen\u00e1rio de contrastes no Brasil. No per\u00edodo, <strong>nove estados apresentaram abrandamento da severidade da seca<\/strong>: Acre, Amazonas, Maranh\u00e3o, Mato Grosso, Paran\u00e1, Piau\u00ed, Rond\u00f4nia, S\u00e3o Paulo e Tocantins.<\/p>\n<\/p>\n<p dir=\"ltr\">Em sentido oposto, <strong>12 unidades da Federa\u00e7\u00e3o registraram intensifica\u00e7\u00e3o do fen\u00f4meno<\/strong>, com avan\u00e7o da seca: Alagoas, Bahia, Cear\u00e1, Esp\u00edrito Santo, Goi\u00e1s, Mato Grosso do Sul, Minas Gerais, Para\u00edba, Pernambuco, Rio de Janeiro, Rio Grande do Norte e Sergipe. J\u00e1 em <strong>cinco estados<\/strong>, a condi\u00e7\u00e3o permaneceu est\u00e1vel:\u00a0Amap\u00e1, Distrito Federal, Par\u00e1, Roraima e Santa Catarina. No <strong>Rio Grande do Sul<\/strong>, a seca deixou de ser registrada em dezembro, fazendo com que o estado n\u00e3o apresentasse nenhuma \u00e1rea afetada.<\/p>\n<p dir=\"ltr\">Ao analisar as <strong>cinco regi\u00f5es geopol\u00edticas<\/strong>, o <strong>Sul apresentou o quadro mais brando <\/strong>no m\u00eas de dezembro. O Nordeste, apesar de manter a situa\u00e7\u00e3o mais cr\u00edtica do pa\u00eds, mostrou sinais de melhora. A regi\u00e3o ainda concentrou <strong>seca extrema em 21% do territ\u00f3rio<\/strong>, o pior n\u00edvel desde mar\u00e7o de 2019, mas houve redu\u00e7\u00e3o significativa da seca grave, que caiu de 43% para 25%.<\/p>\n<p dir=\"ltr\">Por outro lado, o <strong>Sudeste <\/strong>e o <strong>Centro-Oeste<\/strong> registraram <strong>intensifica\u00e7\u00e3o da seca<\/strong>, marcada pelo avan\u00e7o das \u00e1reas classificadas como seca grave. Nas regi\u00f5es <strong>Norte <\/strong>e <strong>Sul<\/strong>, houve um abrandamento do fen\u00f4meno, com leve redu\u00e7\u00e3o das \u00e1reas com seca moderada.<\/p>\n<p dir=\"ltr\">Em rela\u00e7\u00e3o <strong>\u00e0 extens\u00e3o territorial afetada<\/strong>, houve diminui\u00e7\u00e3o da \u00e1rea com seca no Norte, Centro-Oeste e Sul, enquanto Nordeste e Sudeste apresentaram aumento. O Sudeste foi a <strong>\u00fanica regi\u00e3o do pa\u00eds com 100% do territ\u00f3rio sob influ\u00eancia da seca<\/strong> em dezembro.<\/p>\n<p dir=\"ltr\">Na compara\u00e7\u00e3o entre novembro e dezembro, <strong>11 estados tiveram aumento da \u00e1rea com seca<\/strong>: Alagoas, Bahia, Esp\u00edrito Santo, Maranh\u00e3o, Para\u00edba, Paran\u00e1, Pernambuco, Rio Grande do Norte, Roraima, Santa Catarina e Sergipe. J\u00e1 a redu\u00e7\u00e3o da \u00e1rea afetada foi observada em <strong>sete estados<\/strong>: Acre, Amap\u00e1, Amazonas, Mato Grosso, Mato Grosso do Sul, Par\u00e1 e Rond\u00f4nia. Em outras <strong>oito unidades da Federa\u00e7\u00e3o<\/strong>, a \u00e1rea permaneceu est\u00e1vel:\u00a0Cear\u00e1, Distrito Federal, Goi\u00e1s, Minas Gerais, Piau\u00ed, Rio de Janeiro, S\u00e3o Paulo e Tocantins.<\/p>\n<p dir=\"ltr\">Em dezembro, <strong>14 estados registraram seca em 100% do territ\u00f3rio<\/strong>: Alagoas, Cear\u00e1, Distrito Federal, Esp\u00edrito Santo, Goi\u00e1s, Maranh\u00e3o, Minas Gerais, Para\u00edba, Pernambuco, Piau\u00ed, Rio de Janeiro, Rio Grande do Norte, S\u00e3o Paulo e Tocantins. Nos demais estados com ocorr\u00eancia do fen\u00f4meno, os percentuais variaram entre 5% e 95%.<\/p>\n<p dir=\"ltr\">Considerando a \u00e1rea total afetada, <strong>Mato Grosso liderou a extens\u00e3o sob seca<\/strong>, seguido por Amazonas, Minas Gerais, Bahia e Goi\u00e1s. No total, a \u00e1rea atingida pelo fen\u00f4meno manteve-se em torno de<strong> 5,3 milh\u00f5es de quil\u00f4metros quadrados<\/strong>, o equivalente a <strong>63% do territ\u00f3rio nacional<\/strong>.<\/p>\n<p><b>Situa\u00e7\u00e3o por UF<\/b>\u00a0<\/p>\n<table>\n<thead>\n<tr>\n<th>UF<\/th>\n<th>\u00c1rea<\/th>\n<th>Severidade da seca<\/th>\n<\/tr>\n<\/thead>\n<tbody>\n<tr>\n<td>Acre<\/td>\n<td>Entre novembro e dezembro, a \u00e1rea com seca no Acre diminuiu de 88% para 5% do territ\u00f3rio. \u00c9 o menor percentual observado desde o in\u00edcio da s\u00e9rie hist\u00f3rica, em novembro de 2022.<\/td>\n<td>No Acre, a seca se abrandou, j\u00e1 que a seca moderada deixou de ser registrada em dezembro. Trata-se da melhor condi\u00e7\u00e3o observada desde o in\u00edcio do monitoramento no estado.<\/td>\n<\/tr>\n<tr>\n<td>Alagoas<\/td>\n<td>Entre novembro e dezembro, a \u00e1rea com seca em Alagoas aumentou de 40% para 100% do territ\u00f3rio. \u00c9 a maior \u00e1rea desde abril de 2025.<\/td>\n<td>O fen\u00f4meno se intensificou em dezembro, com registro de seca grave em 15% do estado. \u00c9 a pior condi\u00e7\u00e3o desde maio de 2025.<\/td>\n<\/tr>\n<tr>\n<td>Amap\u00e1<\/td>\n<td>Entre novembro e dezembro, a \u00e1rea com seca no Amap\u00e1 diminuiu de 62% para 55% do estado.<\/td>\n<td>A severidade manteve-se est\u00e1vel, com registro apenas de seca fraca.<\/td>\n<\/tr>\n<tr>\n<td>Amazonas<\/td>\n<td>Entre novembro e dezembro, a \u00e1rea com seca no Amazonas passou de 39% para 38% do territ\u00f3rio, a menor desde maio de 2023.<\/td>\n<td>Houve redu\u00e7\u00e3o da seca moderada, de 9% para 7% do territ\u00f3rio.<\/td>\n<\/tr>\n<tr>\n<td>Bahia<\/td>\n<td>Entre novembro e dezembro, a \u00e1rea com seca aumentou de 91% para 95% do territ\u00f3rio, o maior percentual desde setembro de 2025.<\/td>\n<td>O fen\u00f4meno se intensificou levemente, com avan\u00e7o da seca extrema de 28% para 29%.<\/td>\n<\/tr>\n<tr>\n<td>Cear\u00e1<\/td>\n<td>A \u00e1rea com seca manteve-se em 100% do territ\u00f3rio.<\/td>\n<td>Houve avan\u00e7o da seca grave de 26% para 42%, a pior condi\u00e7\u00e3o desde dezembro de 2018.<\/td>\n<\/tr>\n<tr>\n<td>Distrito Federal<\/td>\n<td>A \u00e1rea com seca permaneceu em 100% do territ\u00f3rio pelo 20\u00ba m\u00eas consecutivo.<\/td>\n<td>A severidade segue est\u00e1vel, com 100% do territ\u00f3rio em seca moderada.<\/td>\n<\/tr>\n<tr>\n<td>Esp\u00edrito Santo<\/td>\n<td>A \u00e1rea com seca aumentou de 84% para 100% do territ\u00f3rio, a maior desde mar\u00e7o de 2025.<\/td>\n<td>Houve aumento da seca moderada, de 24% para 72%.<\/td>\n<\/tr>\n<tr>\n<td>Goi\u00e1s<\/td>\n<td>A \u00e1rea com seca manteve-se em 100% do territ\u00f3rio, o maior percentual desde fevereiro de 2025.<\/td>\n<td>A seca grave avan\u00e7ou de 7% para 35%, a pior condi\u00e7\u00e3o desde outubro de 2024.<\/td>\n<\/tr>\n<tr>\n<td>Maranh\u00e3o<\/td>\n<td>A \u00e1rea com seca aumentou de 92% para 100% do territ\u00f3rio.<\/td>\n<td>Houve redu\u00e7\u00e3o significativa da seca grave, configurando a melhor condi\u00e7\u00e3o desde agosto de 2024.<\/td>\n<\/tr>\n<tr>\n<td>Mato Grosso<\/td>\n<td>A \u00e1rea com seca diminuiu de 93% para 86% do territ\u00f3rio.<\/td>\n<td>Houve leve melhora, com recuo da seca moderada de 8% para 7%.<\/td>\n<\/tr>\n<tr>\n<td>Mato Grosso do Sul<\/td>\n<td>A \u00e1rea com seca diminuiu de 91% para 66% do territ\u00f3rio.<\/td>\n<td>A seca grave voltou a ser registrada em 2% do territ\u00f3rio.<\/td>\n<\/tr>\n<tr>\n<td>Minas Gerais<\/td>\n<td>A \u00e1rea com seca permaneceu em 100% do territ\u00f3rio.<\/td>\n<td>A seca grave avan\u00e7ou de 45% para 53%, a pior condi\u00e7\u00e3o desde setembro de 2024.<\/td>\n<\/tr>\n<tr>\n<td>Par\u00e1<\/td>\n<td>A \u00e1rea com seca diminuiu de 31% para 19% do estado.<\/td>\n<td>A severidade manteve-se est\u00e1vel, com apenas 1% do territ\u00f3rio em seca moderada.<\/td>\n<\/tr>\n<tr>\n<td>Para\u00edba<\/td>\n<td>A \u00e1rea com seca aumentou de 87% para 100% do territ\u00f3rio.<\/td>\n<td>A seca extrema avan\u00e7ou de 38% para 67%, a pior condi\u00e7\u00e3o desde fevereiro de 2018.<\/td>\n<\/tr>\n<tr>\n<td>Paran\u00e1<\/td>\n<td>A \u00e1rea com seca aumentou de 45% para 47% do estado.<\/td>\n<td>Houve leve redu\u00e7\u00e3o da seca grave, de 3% para 2%.<\/td>\n<\/tr>\n<tr>\n<td>Pernambuco<\/td>\n<td>A \u00e1rea com seca aumentou de 88% para 100% do territ\u00f3rio.<\/td>\n<td>A seca extrema avan\u00e7ou de 26% para 42%, a pior condi\u00e7\u00e3o desde mar\u00e7o de 2019.<\/td>\n<\/tr>\n<tr>\n<td>Piau\u00ed<\/td>\n<td>A \u00e1rea com seca manteve-se em 100% do territ\u00f3rio pelo 9\u00ba m\u00eas consecutivo.<\/td>\n<td>Houve redu\u00e7\u00e3o da seca extrema de 43% para 21%.<\/td>\n<\/tr>\n<tr>\n<td>Rio de Janeiro<\/td>\n<td>A \u00e1rea com seca permaneceu em 100% do territ\u00f3rio.<\/td>\n<td>A seca moderada avan\u00e7ou de 22% para 60%, com registro de seca grave.<\/td>\n<\/tr>\n<tr>\n<td>Rio Grande do Norte<\/td>\n<td>A \u00e1rea com seca aumentou de 94% para 100% do territ\u00f3rio.<\/td>\n<td>A seca extrema avan\u00e7ou de 19% para 47%, a pior condi\u00e7\u00e3o desde 2018.<\/td>\n<\/tr>\n<tr>\n<td>Rio Grande do Sul<\/td>\n<td>A \u00e1rea com seca diminuiu de 34% para 0%, deixando o estado livre do fen\u00f4meno.<\/td>\n<td>O estado ficou 100% sem registro de seca em dezembro.<\/td>\n<\/tr>\n<tr>\n<td>Rond\u00f4nia<\/td>\n<td>A \u00e1rea com seca diminuiu de 60% para 56% do territ\u00f3rio.<\/td>\n<td>Houve redu\u00e7\u00e3o da seca moderada de 18% para 6%.<\/td>\n<\/tr>\n<tr>\n<td>Roraima<\/td>\n<td>A \u00e1rea com seca aumentou de 27% para 59% do territ\u00f3rio.<\/td>\n<td>A severidade manteve-se est\u00e1vel, com 4% do territ\u00f3rio em seca moderada.<\/td>\n<\/tr>\n<tr>\n<td>Santa Catarina<\/td>\n<td>A \u00e1rea com seca aumentou levemente de 29% para 30%.<\/td>\n<td>A intensidade manteve-se est\u00e1vel, com registro apenas de seca fraca.<\/td>\n<\/tr>\n<tr>\n<td>S\u00e3o Paulo<\/td>\n<td>A \u00e1rea com seca permaneceu em 100% do territ\u00f3rio pelo quinto m\u00eas consecutivo.<\/td>\n<td>Houve leve atenua\u00e7\u00e3o, com redu\u00e7\u00e3o da seca moderada de 55% para 45%.<\/td>\n<\/tr>\n<tr>\n<td>Sergipe<\/td>\n<td>A \u00e1rea com seca aumentou de 45% para 90% do territ\u00f3rio.<\/td>\n<td>A seca moderada avan\u00e7ou de 14% para 42%.<\/td>\n<\/tr>\n<tr>\n<td>Tocantins<\/td>\n<td>A \u00e1rea com seca manteve-se em 100% do territ\u00f3rio pelo quinto m\u00eas consecutivo.<\/td>\n<td>Houve redu\u00e7\u00e3o da seca grave de 45% para 37%.<\/td>\n<\/tr>\n<\/tbody>\n<\/table>\n<p dir=\"ltr\">O <a href=\"https:\/\/monitordesecas.ana.gov.br\/mapa?mes=12&amp;ano=2025\">Monitor de Secas<\/a> acompanha continuamente a intensidade do fen\u00f4meno no Brasil com base em indicadores clim\u00e1ticos e nos impactos observados em curto e longo prazos. A ferramenta auxilia o planejamento e a execu\u00e7\u00e3o de pol\u00edticas p\u00fablicas de enfrentamento da seca e pode ser acessada pelo site <a href=\"https:\/\/monitordesecas.ana.gov.br\/mapa?mes=12&amp;ano=2025\">monitordesecas.ana.gov.br<\/a> e pelo aplicativo Monitor de Secas, dispon\u00edvel gratuitamente para Android e iOS.<\/p>\n<p>\t\t\t\t\t\t\t\t\t\t<img loading=\"lazy\" decoding=\"async\" src=\"https:\/\/brasil61.com\/api\/v1\/serve_pixel\/17677\/87402\" alt=\"Pixel Brasil 61\" class=\"b61_pixel\" width=\"0\" height=\"0\"><\/p>\n<input type=\"hidden\" id=\"baseurl\" value=\"https:\/\/noticiasdestaque.com.br\"><input type=\"hidden\" id=\"audio_nonce\" value=\"581f3017e1\">","protected":false},"excerpt":{"rendered":"<p>Entre novembro e dezembro, seca perdeu for\u00e7a em nove estados, avan\u00e7ou em 12 e desapareceu no Rio Grande do Sul; Nordeste segue com o quadro mais severo do pa\u00eds<\/p>\n","protected":false},"author":1,"featured_media":49651,"comment_status":"open","ping_status":"open","sticky":false,"template":"","format":"standard","meta":{"fifu_image_url":"","fifu_image_alt":"","footnotes":""},"categories":[48],"tags":[],"class_list":["post-49650","post","type-post","status-publish","format-standard","has-post-thumbnail","hentry","category-mundo"],"distributor_meta":false,"distributor_terms":false,"distributor_media":false,"distributor_original_site_name":"Noticias em Destaque","distributor_original_site_url":"https:\/\/noticiasdestaque.com.br","push-errors":false,"_links":{"self":[{"href":"https:\/\/noticiasdestaque.com.br\/index.php\/wp-json\/wp\/v2\/posts\/49650","targetHints":{"allow":["GET"]}}],"collection":[{"href":"https:\/\/noticiasdestaque.com.br\/index.php\/wp-json\/wp\/v2\/posts"}],"about":[{"href":"https:\/\/noticiasdestaque.com.br\/index.php\/wp-json\/wp\/v2\/types\/post"}],"author":[{"embeddable":true,"href":"https:\/\/noticiasdestaque.com.br\/index.php\/wp-json\/wp\/v2\/users\/1"}],"replies":[{"embeddable":true,"href":"https:\/\/noticiasdestaque.com.br\/index.php\/wp-json\/wp\/v2\/comments?post=49650"}],"version-history":[{"count":0,"href":"https:\/\/noticiasdestaque.com.br\/index.php\/wp-json\/wp\/v2\/posts\/49650\/revisions"}],"wp:featuredmedia":[{"embeddable":true,"href":"https:\/\/noticiasdestaque.com.br\/index.php\/wp-json\/wp\/v2\/media\/49651"}],"wp:attachment":[{"href":"https:\/\/noticiasdestaque.com.br\/index.php\/wp-json\/wp\/v2\/media?parent=49650"}],"wp:term":[{"taxonomy":"category","embeddable":true,"href":"https:\/\/noticiasdestaque.com.br\/index.php\/wp-json\/wp\/v2\/categories?post=49650"},{"taxonomy":"post_tag","embeddable":true,"href":"https:\/\/noticiasdestaque.com.br\/index.php\/wp-json\/wp\/v2\/tags?post=49650"}],"curies":[{"name":"wp","href":"https:\/\/api.w.org\/{rel}","templated":true}]}}