{"id":4965,"date":"2022-12-26T11:33:46","date_gmt":"2022-12-26T14:33:46","guid":{"rendered":"https:\/\/noticiasdestaque.com.br\/index.php\/2022\/12\/26\/congresso-promulga-reajustes-para-parlamentar-ministro-e-presidente\/"},"modified":"2022-12-26T11:33:46","modified_gmt":"2022-12-26T14:33:46","slug":"congresso-promulga-reajustes-para-parlamentar-ministro-e-presidente","status":"publish","type":"post","link":"https:\/\/noticiasdestaque.com.br\/index.php\/2022\/12\/26\/congresso-promulga-reajustes-para-parlamentar-ministro-e-presidente\/","title":{"rendered":"Congresso promulga reajustes para parlamentar, ministro e presidente"},"content":{"rendered":"<style> bloco.meta {font-style: italic; color: #666;font-weight: 600;font-size: .8em; \/* line-height: .3em; *\/}  text h2 { font-weight: 700 !important;  color: #062f46 !important;} text img { width: none; left: none;}<\/style>\n<\/p>\n<p>O presidente do Congresso Nacional, Rodrigo Pacheco, promulgou o reajuste de sal\u00e1rios de ministros de Estado, deputados, senadores, do presidente e do vice-presidente da Rep\u00fablica. O texto que fixa os subs\u00eddios foi <a href=\"https:\/\/www.in.gov.br\/en\/web\/dou\/-\/decreto-legislativo-453510316\" target=\"_blank\" rel=\"noopener\">publicado<\/a> hoje (26) no <em>Di\u00e1rio Oficial da Uni\u00e3o<\/em>.<\/p>\n<p>Com o reajuste, ministros de Estado, parlamentares, presidente e vice-presidente da Rep\u00fablica passam a receber R$ 46.366,19 de forma escalonada, sendo R$ 39.293,32 a partir de 1\u00ba de janeiro de 2023; R$ 41.650,92 a partir de 1\u00b0 de abril de 2023; R$ 44.008,52 a partir de 1\u00b0 de fevereiro de 2024; e R$ 46.366,19 a partir de 1\u00ba de fevereiro de 2025.<\/p>\n<p>Segundo o Congresso Nacional, os reajustes t\u00eam impacto de R$ 2,5 bilh\u00f5es no Or\u00e7amento de 2023, montante que j\u00e1 estava previsto no projeto do Or\u00e7amento do pr\u00f3ximo ano.<\/p>\n<p class=\"alt-font font-italic my-2 small text-info\">\n                                                Edi\u00e7\u00e3o:   Maria Claudia                    <\/p>\n<p>            <!-- blog End --><\/p>\n<p>            <!-- tag and share --><\/p>\n<p> Fonte: EBC <\/p>\n<input type=\"hidden\" id=\"baseurl\" value=\"https:\/\/noticiasdestaque.com.br\"><input type=\"hidden\" id=\"audio_nonce\" value=\"62ca87eee3\">","protected":false},"excerpt":{"rendered":"<p>Texto que fixa sal\u00e1rios foi publicado hoje no Di\u00e1rio Oficial<\/p>\n","protected":false},"author":1,"featured_media":4966,"comment_status":"open","ping_status":"open","sticky":false,"template":"","format":"standard","meta":{"fifu_image_url":"","fifu_image_alt":"","footnotes":""},"categories":[48],"tags":[],"class_list":["post-4965","post","type-post","status-publish","format-standard","has-post-thumbnail","hentry","category-mundo"],"distributor_meta":false,"distributor_terms":false,"distributor_media":false,"distributor_original_site_name":"Portal de Recupera\u00e7\u00e3o","distributor_original_site_url":"https:\/\/portalderecuperacao.com","push-errors":false,"_links":{"self":[{"href":"https:\/\/noticiasdestaque.com.br\/index.php\/wp-json\/wp\/v2\/posts\/4965","targetHints":{"allow":["GET"]}}],"collection":[{"href":"https:\/\/noticiasdestaque.com.br\/index.php\/wp-json\/wp\/v2\/posts"}],"about":[{"href":"https:\/\/noticiasdestaque.com.br\/index.php\/wp-json\/wp\/v2\/types\/post"}],"author":[{"embeddable":true,"href":"https:\/\/noticiasdestaque.com.br\/index.php\/wp-json\/wp\/v2\/users\/1"}],"replies":[{"embeddable":true,"href":"https:\/\/noticiasdestaque.com.br\/index.php\/wp-json\/wp\/v2\/comments?post=4965"}],"version-history":[{"count":0,"href":"https:\/\/noticiasdestaque.com.br\/index.php\/wp-json\/wp\/v2\/posts\/4965\/revisions"}],"wp:featuredmedia":[{"embeddable":true,"href":"https:\/\/noticiasdestaque.com.br\/index.php\/wp-json\/wp\/v2\/media\/4966"}],"wp:attachment":[{"href":"https:\/\/noticiasdestaque.com.br\/index.php\/wp-json\/wp\/v2\/media?parent=4965"}],"wp:term":[{"taxonomy":"category","embeddable":true,"href":"https:\/\/noticiasdestaque.com.br\/index.php\/wp-json\/wp\/v2\/categories?post=4965"},{"taxonomy":"post_tag","embeddable":true,"href":"https:\/\/noticiasdestaque.com.br\/index.php\/wp-json\/wp\/v2\/tags?post=4965"}],"curies":[{"name":"wp","href":"https:\/\/api.w.org\/{rel}","templated":true}]}}