{"id":49648,"date":"2026-02-01T04:05:00","date_gmt":"2026-02-01T07:05:00","guid":{"rendered":"https:\/\/noticiasdestaque.com.br\/index.php\/2026\/02\/01\/infogripe-influenza-a-continua-em-alta-no-acre-e-no-amazonas\/"},"modified":"2026-02-01T04:05:00","modified_gmt":"2026-02-01T07:05:00","slug":"infogripe-influenza-a-continua-em-alta-no-acre-e-no-amazonas","status":"publish","type":"post","link":"https:\/\/noticiasdestaque.com.br\/index.php\/2026\/02\/01\/infogripe-influenza-a-continua-em-alta-no-acre-e-no-amazonas\/","title":{"rendered":"InfoGripe: Influenza A continua em alta no Acre e no Amazonas"},"content":{"rendered":"<p>\t\t\t\t\t\t\t\t\t\t\t<audio controls class=\"b61_audio_player\" data-noticia=\"87438\" src=\"https:\/\/brasil61.com\/rails\/active_storage\/blobs\/eyJfcmFpbHMiOnsibWVzc2FnZSI6IkJBaHBBOFR0QXc9PSIsImV4cCI6bnVsbCwicHVyIjoiYmxvYl9pZCJ9fQ==--2d8759f7856cc8219c5ced53ce8930d32fd149e7\/BRAS2615725A\"><\/audio><\/p>\n<p>Os estados do <strong>Acre e do Amazonas seguem em alerta devido ao aumento dos casos de S\u00edndrome Respirat\u00f3ria Aguda Grave (SRAG) associados ao v\u00edrus influenza A<\/strong>. De acordo com o <a href=\"https:\/\/agencia.fiocruz.br\/sites\/agencia.fiocruz.br\/files\/Resumo_InfoGripe_2026_03.pdf\" target=\"_blank\">Boletim InfoGripe<\/a>, divulgado na\u00a0quinta-feira (29) pela Funda\u00e7\u00e3o Oswaldo Cruz (Fiocruz), a doen\u00e7a tem atingido principalmente <strong>jovens, adultos e idosos<\/strong>.<\/p>\n<p>Nessas duas unidades da federa\u00e7\u00e3o, <strong>tamb\u00e9m foi observado crescimento<\/strong> de casos de SRAG provocados pelo <strong>v\u00edrus sincicial respirat\u00f3rio (VSR)<\/strong>, que atinge sobretudo as <strong>crian\u00e7as pequenas<\/strong>.<\/p>\n<p>Em <strong>Roraima<\/strong>, o <strong>avan\u00e7o da SRAG se concentra na popula\u00e7\u00e3o idosa<\/strong>, mas ainda n\u00e3o h\u00e1 dados laboratoriais suficientes para identificar o v\u00edrus respons\u00e1vel pelos casos registrados no estado.<\/p>\n<p>O boletim tamb\u00e9m aponta in\u00edcio ou manuten\u00e7\u00e3o do aumento das hospitaliza\u00e7\u00f5es por <strong>VSR na Para\u00edba<\/strong>, por<strong> influenza A no Par\u00e1<\/strong> e por <strong>Covid-19 no Rio de Janeiro<\/strong> e no <strong>Rio Grande do Sul<\/strong>. Apesar disso, os <strong>n\u00edveis permanecem baixos <\/strong>e ainda n\u00e3o impactam significativamente os indicadores de SRAG nesses estados.<\/p>\n<p>A pesquisadora do Programa de Computa\u00e7\u00e3o Cient\u00edfica da Fiocruz e do InfoGripe, <strong>Tatiana Portella<\/strong>, refor\u00e7a a<strong> import\u00e2ncia da vacina\u00e7\u00e3o entre os grupos priorit\u00e1rios da Regi\u00e3o Norte<\/strong>. \u201cDiante dessa alta de influenza A em alguns estados do Norte, \u00e9 essencial que a popula\u00e7\u00e3o priorit\u00e1ria da regi\u00e3o \u2014 como ind\u00edgenas, idosos e pessoas com comorbidades \u2014 se vacine o quanto antes. <strong>A vacina contra a influenza \u00e9 bastante segura e \u00e9 a principal forma de prote\u00e7\u00e3o<\/strong> contra casos graves e \u00f3bitos\u201d, afirma.<\/p>\n<h2>Cen\u00e1rio nacional<\/h2>\n<p><strong>Em \u00e2mbito nacional<\/strong>, o boletim indica <strong>queda nos casos de SRAG<\/strong>, reflexo da baixa circula\u00e7\u00e3o da maioria dos v\u00edrus respirat\u00f3rios na maior parte do pa\u00eds. Ainda assim, a <strong>incid\u00eancia <\/strong>da s\u00edndrome segue mais elevada entre <strong>crian\u00e7as pequenas<\/strong>, enquanto a <strong>mortalidade <\/strong>permanece concentrada, principalmente, entre os <strong>idosos<\/strong>.<\/p>\n<p>Nas capitais, <strong>Boa Vista (RR), Jo\u00e3o Pessoa (PB), Manaus (AM) e Rio Branco (AC)<\/strong> registram n\u00edveis de incid\u00eancia de SRAG classificados como alerta, risco ou alto risco, com tend\u00eancia de crescimento no longo prazo.<\/p>\n<h2>Preval\u00eancia dos v\u00edrus<\/h2>\n<p>Nas \u00faltimas quatro semanas epidemiol\u00f3gicas, a distribui\u00e7\u00e3o dos v\u00edrus entre os casos positivos de SRAG foi a seguinte:<\/p>\n<ul>\n<li><strong>20,1%<\/strong> de influenza A<\/li>\n<li><strong>2,3%<\/strong> de influenza B<\/li>\n<li><strong>10,7%<\/strong> de VSR<\/li>\n<li><strong>32,6%<\/strong> de rinov\u00edrus<\/li>\n<li><strong>20,4%<\/strong> de Sars-CoV-2 (Covid-19)<\/li>\n<\/ul>\n<p>Entre os \u00f3bitos, a presen\u00e7a dos mesmos agentes foi:<\/p>\n<ul>\n<li><strong>28,3% <\/strong>de influenza A<\/li>\n<li><strong>3,5% <\/strong>de influenza B<\/li>\n<li><strong>1,8%<\/strong> de VSR<\/li>\n<li><strong>15,9%<\/strong> de rinov\u00edrus<\/li>\n<li><strong>41,6%<\/strong> de Sars-CoV-2 (Covid-19)<\/li>\n<\/ul>\n<p>O levantamento do <strong>InfoGripe <\/strong>tem como base os dados inseridos no Sistema de Informa\u00e7\u00e3o da Vigil\u00e2ncia Epidemiol\u00f3gica da Gripe, atualizados at\u00e9 24 de janeiro, e \u00e9 referente \u00e0 Semana Epidemiol\u00f3gica (SE) 3. Confira outros detalhes no <a href=\"https:\/\/fiocruz.br\/noticia\/2026\/01\/infogripe-numero-de-casos-de-srag-se-mantem-alto-no-norte-do-pais\" target=\"_blank\">link<\/a>.<\/p>\n<p><strong>VEJA MAIS:<\/strong><\/p>\n<ul>\n<li><a href=\"https:\/\/brasil61.com\/n\/sarampo-e-febre-amarela-governo-paulista-reforca-vacinacao-em-areas-da-grande-sao-paulo-baixada-santista-e-campinas-bras2615715\" target=\"_blank\">Sarampo e febre amarela: refor\u00e7ada vacina\u00e7\u00e3o em \u00e1reas da Grande S\u00e3o Paulo, Baixada Santista e Campinas<\/a><\/li>\n<li><a href=\"https:\/\/brasil61.com\/n\/vigitel-2025-diabetes-cresce-135-no-brasil-em-18-anos-bras2615709\" target=\"_blank\">Vigitel 2025: diabetes cresce 135% no Brasil em 18 anos<\/a><\/li>\n<\/ul>\n<p>\t\t\t\t\t\t\t\t\t\t<img loading=\"lazy\" decoding=\"async\" src=\"https:\/\/brasil61.com\/api\/v1\/serve_pixel\/17677\/87438\" alt=\"Pixel Brasil 61\" class=\"b61_pixel\" width=\"0\" height=\"0\"><\/p>\n<input type=\"hidden\" id=\"baseurl\" value=\"https:\/\/noticiasdestaque.com.br\"><input type=\"hidden\" id=\"audio_nonce\" value=\"581f3017e1\">","protected":false},"excerpt":{"rendered":"<p>Fiocruz refor\u00e7a import\u00e2ncia da vacina\u00e7\u00e3o para grupos priorit\u00e1rios na Regi\u00e3o Norte<\/p>\n","protected":false},"author":1,"featured_media":49649,"comment_status":"open","ping_status":"open","sticky":false,"template":"","format":"standard","meta":{"fifu_image_url":"","fifu_image_alt":"","footnotes":""},"categories":[51],"tags":[],"class_list":["post-49648","post","type-post","status-publish","format-standard","has-post-thumbnail","hentry","category-saude"],"distributor_meta":false,"distributor_terms":false,"distributor_media":false,"distributor_original_site_name":"Noticias em Destaque","distributor_original_site_url":"https:\/\/noticiasdestaque.com.br","push-errors":false,"_links":{"self":[{"href":"https:\/\/noticiasdestaque.com.br\/index.php\/wp-json\/wp\/v2\/posts\/49648","targetHints":{"allow":["GET"]}}],"collection":[{"href":"https:\/\/noticiasdestaque.com.br\/index.php\/wp-json\/wp\/v2\/posts"}],"about":[{"href":"https:\/\/noticiasdestaque.com.br\/index.php\/wp-json\/wp\/v2\/types\/post"}],"author":[{"embeddable":true,"href":"https:\/\/noticiasdestaque.com.br\/index.php\/wp-json\/wp\/v2\/users\/1"}],"replies":[{"embeddable":true,"href":"https:\/\/noticiasdestaque.com.br\/index.php\/wp-json\/wp\/v2\/comments?post=49648"}],"version-history":[{"count":0,"href":"https:\/\/noticiasdestaque.com.br\/index.php\/wp-json\/wp\/v2\/posts\/49648\/revisions"}],"wp:featuredmedia":[{"embeddable":true,"href":"https:\/\/noticiasdestaque.com.br\/index.php\/wp-json\/wp\/v2\/media\/49649"}],"wp:attachment":[{"href":"https:\/\/noticiasdestaque.com.br\/index.php\/wp-json\/wp\/v2\/media?parent=49648"}],"wp:term":[{"taxonomy":"category","embeddable":true,"href":"https:\/\/noticiasdestaque.com.br\/index.php\/wp-json\/wp\/v2\/categories?post=49648"},{"taxonomy":"post_tag","embeddable":true,"href":"https:\/\/noticiasdestaque.com.br\/index.php\/wp-json\/wp\/v2\/tags?post=49648"}],"curies":[{"name":"wp","href":"https:\/\/api.w.org\/{rel}","templated":true}]}}