{"id":49640,"date":"2026-01-31T04:55:00","date_gmt":"2026-01-31T07:55:00","guid":{"rendered":"https:\/\/noticiasdestaque.com.br\/index.php\/2026\/01\/31\/reforma-tributaria-exclui-contribuicoes-associativas-mas-impactara-o-terceiro-setor\/"},"modified":"2026-02-02T23:44:01","modified_gmt":"2026-02-03T02:44:01","slug":"reforma-tributaria-exclui-contribuicoes-associativas-mas-impactara-o-terceiro-setor","status":"publish","type":"post","link":"https:\/\/noticiasdestaque.com.br\/index.php\/2026\/01\/31\/reforma-tributaria-exclui-contribuicoes-associativas-mas-impactara-o-terceiro-setor\/","title":{"rendered":"Reforma Tribut\u00e1ria exclui contribui\u00e7\u00f5es associativas, mas impactar\u00e1 o terceiro setor"},"content":{"rendered":"<p>\t\t\t\t\t\t\t\t\t\t<audio controls class=\"b61_audio_player\" data-noticia=\"87455\" src=\"https:\/\/brasil61.com\/rails\/active_storage\/blobs\/eyJfcmFpbHMiOnsibWVzc2FnZSI6IkJBaHBBOGp0QXc9PSIsImV4cCI6bnVsbCwicHVyIjoiYmxvYl9pZCJ9fQ==--f5a25e6cf92fd548defe395bf915b81464d21207\/CACB260116A\"><\/audio><\/p>\n<p><strong>As contribui\u00e7\u00f5es associativas ficaram de fora da incid\u00eancia do Imposto sobre Valor Agregado (IVA) institu\u00eddo pela Reforma Tribut\u00e1ria sobre o Consumo<\/strong>. Com a substitui\u00e7\u00e3o do <strong>ICMS <\/strong>e do <strong>ISS <\/strong>pelo Imposto sobre Bens e Servi\u00e7os (<strong>IBS<\/strong>) e do <strong>PIS <\/strong>e da <strong>Cofins <\/strong>pela Contribui\u00e7\u00e3o sobre Bens e Servi\u00e7os (<strong>CBS<\/strong>), praticamente toda opera\u00e7\u00e3o onerosa com bens ou servi\u00e7os passar\u00e1 a ser tributada.<\/p>\n<p>Mas, durante a tramita\u00e7\u00e3o legislativa, a <a href=\"https:\/\/cacb.org.br\/\" target=\"_blank\"><strong>Confedera\u00e7\u00e3o das Associa\u00e7\u00f5es Comerciais e Empresariais do Brasil (CACB)<\/strong><\/a> atuou para garantir que as contribui\u00e7\u00f5es pagas pelos associados n\u00e3o fossem alcan\u00e7adas pelos novos tributos, beneficiando o sistema associativo de todo o pa\u00eds.\u00a0<\/p>\n<p>O <strong>presidente da <a href=\"https:\/\/aca.org.br\/\" target=\"_blank\">Associa\u00e7\u00e3o Comercial do Amazonas (ACA)<\/a>, Bruno Loureiro Pinheiro<\/strong>, comemora o pleito acatado pelo senador Eduardo Braga (MDB-AM), relator do projeto de lei convertido na <a href=\"https:\/\/www.planalto.gov.br\/ccivil_03\/leis\/lcp\/lcp227.htm\" target=\"_blank\">Lei Complementar n\u00ba 227\/2026<\/a>.<\/p>\n<p>\u201cO senador Eduardo Braga acatou o pleito, viu que ele era justo e que \u00e9 uma doa\u00e7\u00e3o que o empres\u00e1rio faz para as <strong>entidades de classe, que t\u00eam um trabalho volunt\u00e1rio<\/strong> e que trabalham como \u00f3rg\u00e3o t\u00e9cnico. <strong>S\u00e3o institui\u00e7\u00f5es de utilidade p\u00fablica, e n\u00e3o seria justo que essa doa\u00e7\u00e3o fosse tributada<\/strong>\u201d, afirma.<\/p>\n<h2>Impacto nas opera\u00e7\u00f5es<\/h2>\n<p>Apesar dessa conquista, o <strong>vice-presidente jur\u00eddico da CACB, Anderson Trautman Cardoso<\/strong>, alerta que o terceiro setor ser\u00e1 impactado pela Reforma Tribut\u00e1ria. Isso porque muitas entidades hoje contam com <strong>isen\u00e7\u00f5es e benef\u00edcios<\/strong> vinculados ao PIS, \u00e0 Cofins, ao ISS e ao ICMS, que <strong>deixar\u00e3o de existir com a ado\u00e7\u00e3o do IBS e da CBS<\/strong>.<\/p>\n<p>Cardoso explica que a mudan\u00e7a decorre da pr\u00f3pria l\u00f3gica do IVA. Enquanto hoje o ICMS incide apenas sobre circula\u00e7\u00e3o de mercadorias, transporte interestadual e intermunicipal e comunica\u00e7\u00e3o, e o ISS se restringe \u00e0 lista de servi\u00e7os da <a href=\"https:\/\/www.planalto.gov.br\/ccivil_03\/leis\/lcp\/lcp116.htm\" target=\"_blank\">Lei Complementar n\u00ba 116\/2003<\/a>, <strong>o novo modelo abandona esses conceitos fechados<\/strong>.<\/p>\n<p>Com o IBS e a CBS, <strong>toda opera\u00e7\u00e3o onerosa com bens ou servi\u00e7os passa a integrar a base de incid\u00eancia<\/strong>. \u201cAquelas opera\u00e7\u00f5es praticadas por associa\u00e7\u00f5es comerciais como loca\u00e7\u00e3o de salas, equipamentos, realiza\u00e7\u00e3o de eventos, entre outras, passam a ser tributadas tamb\u00e9m pelo IBS e pela CBS\u201d, exemplifica.<\/p>\n<ul>\n<li><a href=\"https:\/\/brasil61.com\/n\/reforma-tributaria-amplia-base-de-incidencia-de-tributos-sobre-consumo-cacb260114\" target=\"_blank\">Reforma Tribut\u00e1ria amplia base de incid\u00eancia de tributos sobre consumo<\/a><\/li>\n<\/ul>\n<p>Ele ressalta que, embora a Lei Complementar n\u00ba 227\/2026 tenha afastado a incid\u00eancia sobre as contribui\u00e7\u00f5es associativas, essas <strong>outras receitas das entidades \u2014 hoje muitas vezes desoneradas \u2014 ser\u00e3o alcan\u00e7adas pelo novo sistema<\/strong>.<\/p>\n<p><strong>VEJA MAIS:<\/strong><\/p>\n<ul>\n<li><a href=\"https:\/\/brasil61.com\/n\/reforma-tributaria-atuacao-da-cacb-impulsiona-exclusao-de-contribuicoes-associativas-do-ibs-cacb260108\" target=\"_blank\">Reforma Tribut\u00e1ria: atua\u00e7\u00e3o da CACB impulsiona exclus\u00e3o de contribui\u00e7\u00f5es associativas do IBS<\/a><\/li>\n<li><a href=\"https:\/\/brasil61.com\/n\/reforma-tributaria-entenda-como-funciona-o-teto-de-carga-do-iva-dual-cacb260113\" target=\"_blank\">Reforma Tribut\u00e1ria: entenda como funciona o teto de carga do IVA Dual<\/a><\/li>\n<\/ul>\n<p>\t\t\t\t\t\t\t\t\t<img loading=\"lazy\" decoding=\"async\" src=\"https:\/\/brasil61.com\/api\/v1\/serve_pixel\/17677\/87455\" alt=\"Pixel Brasil 61\" class=\"b61_pixel\" width=\"0\" height=\"0\"><\/p>\n<input type=\"hidden\" id=\"baseurl\" value=\"https:\/\/noticiasdestaque.com.br\"><input type=\"hidden\" id=\"audio_nonce\" value=\"eb7638fb71\">","protected":false},"excerpt":{"rendered":"<p>Lei Complementar n\u00ba 227\/2026 afasta incid\u00eancia do IVA sobre contribui\u00e7\u00f5es, embora IBS e CBS passem a incidir sobre outras receitas<\/p>\n","protected":false},"author":1,"featured_media":49730,"comment_status":"open","ping_status":"open","sticky":false,"template":"","format":"standard","meta":{"fifu_image_url":"","fifu_image_alt":"","footnotes":""},"categories":[59],"tags":[],"class_list":["post-49640","post","type-post","status-publish","format-standard","has-post-thumbnail","hentry","category-economia"],"distributor_meta":false,"distributor_terms":false,"distributor_media":false,"distributor_original_site_name":"Noticias em Destaque","distributor_original_site_url":"https:\/\/noticiasdestaque.com.br","push-errors":false,"_links":{"self":[{"href":"https:\/\/noticiasdestaque.com.br\/index.php\/wp-json\/wp\/v2\/posts\/49640","targetHints":{"allow":["GET"]}}],"collection":[{"href":"https:\/\/noticiasdestaque.com.br\/index.php\/wp-json\/wp\/v2\/posts"}],"about":[{"href":"https:\/\/noticiasdestaque.com.br\/index.php\/wp-json\/wp\/v2\/types\/post"}],"author":[{"embeddable":true,"href":"https:\/\/noticiasdestaque.com.br\/index.php\/wp-json\/wp\/v2\/users\/1"}],"replies":[{"embeddable":true,"href":"https:\/\/noticiasdestaque.com.br\/index.php\/wp-json\/wp\/v2\/comments?post=49640"}],"version-history":[{"count":1,"href":"https:\/\/noticiasdestaque.com.br\/index.php\/wp-json\/wp\/v2\/posts\/49640\/revisions"}],"predecessor-version":[{"id":49729,"href":"https:\/\/noticiasdestaque.com.br\/index.php\/wp-json\/wp\/v2\/posts\/49640\/revisions\/49729"}],"wp:featuredmedia":[{"embeddable":true,"href":"https:\/\/noticiasdestaque.com.br\/index.php\/wp-json\/wp\/v2\/media\/49730"}],"wp:attachment":[{"href":"https:\/\/noticiasdestaque.com.br\/index.php\/wp-json\/wp\/v2\/media?parent=49640"}],"wp:term":[{"taxonomy":"category","embeddable":true,"href":"https:\/\/noticiasdestaque.com.br\/index.php\/wp-json\/wp\/v2\/categories?post=49640"},{"taxonomy":"post_tag","embeddable":true,"href":"https:\/\/noticiasdestaque.com.br\/index.php\/wp-json\/wp\/v2\/tags?post=49640"}],"curies":[{"name":"wp","href":"https:\/\/api.w.org\/{rel}","templated":true}]}}