{"id":49638,"date":"2026-01-31T04:10:00","date_gmt":"2026-01-31T07:10:00","guid":{"rendered":"https:\/\/noticiasdestaque.com.br\/index.php\/2026\/01\/31\/ligacoes-entre-cidades-com-o-mesmo-ddd-passam-a-ter-tarifa-local-em-cinco-estados\/"},"modified":"2026-02-02T23:08:15","modified_gmt":"2026-02-03T02:08:15","slug":"ligacoes-entre-cidades-com-o-mesmo-ddd-passam-a-ter-tarifa-local-em-cinco-estados","status":"publish","type":"post","link":"https:\/\/noticiasdestaque.com.br\/index.php\/2026\/01\/31\/ligacoes-entre-cidades-com-o-mesmo-ddd-passam-a-ter-tarifa-local-em-cinco-estados\/","title":{"rendered":"Liga\u00e7\u00f5es entre cidades com o mesmo DDD passam a ter tarifa local em cinco estados"},"content":{"rendered":"<p>\t\t\t\t\t\t\t\t\t\t<audio controls class=\"b61_audio_player\" data-noticia=\"87444\" src=\"https:\/\/brasil61.com\/rails\/active_storage\/blobs\/eyJfcmFpbHMiOnsibWVzc2FnZSI6IkJBaHBBN3Z0QXc9PSIsImV4cCI6bnVsbCwicHVyIjoiYmxvYl9pZCJ9fQ==--a956d5d99e7c4a8d209d91d964f60d28763e7fe4\/BRAS2615727A\"><\/audio><\/p>\n<p><strong>A partir deste domingo,\u00a01\u00ba\u00a0de fevereiro, moradores do Amazonas (AM), Amap\u00e1 (AP), Maranh\u00e3o (MA), Par\u00e1 (PA) e Roraima (RR) contar\u00e3o com tarifas de chamada local para liga\u00e7\u00f5es de telefonia fixa entre cidades com o mesmo c\u00f3digo DDD.<\/strong> A mudan\u00e7a foi determinada pela <a href=\"https:\/\/www.gov.br\/anatel\/pt-br\" target=\"_blank\">Ag\u00eancia Nacional de Telecomunica\u00e7\u00f5es (Anatel) <\/a>por meio da <a href=\"http:\/\/informacoes.anatel.gov.br\/legislacao\/resolucoes\/1973-resolucao-768\" target=\"_blank\">Resolu\u00e7\u00e3o n\u00ba 768\/2024.<\/a><\/p>\n<p><strong>A altera\u00e7\u00e3o contempla os seguintes DDDs: 91, 92, 93, 94, 95, 96, 97, 98 e 99.<\/strong><\/p>\n<p><strong>Com a mudan\u00e7a, as liga\u00e7\u00f5es nessas localidades que usam o mesmo DDD deixar\u00e3o de ser consideradas chamadas de longa dist\u00e2ncia. Na pr\u00e1tica, as \u00e1reas locais da telefonia fixa ser\u00e3o ampliadas, contemplando todos os munic\u00edpios com o mesmo c\u00f3digo nacional (CN). O n\u00famero de \u00e1reas locais da telefonia fixa ser\u00e1 reduzido de 4.118 para 67 \u00e1reas.\u00a0<\/strong><\/p>\n<p>A medida tem potencial para reduzir os custos das chamadas de telefonia fixa, j\u00e1 que contar\u00e1 com tarifas de chamada local.<\/p>\n<p>Os usu\u00e1rios do servi\u00e7o de telefonia fixa ter\u00e3o a discagem simplificada. Para telefones fixos com o mesmo c\u00f3digo DDD ser\u00e1 necess\u00e1rio apenas ligar para o n\u00famero do usu\u00e1rio de destino, sem precisar discar o c\u00f3digo de operadora de longa dist\u00e2ncia e o DDD.<\/p>\n<p>Segundo a Anatel, a moderniza\u00e7\u00e3o deve simplificar as regras do setor, al\u00e9m de estimular a harmoniza\u00e7\u00e3o e converg\u00eancia de servi\u00e7os de telecomunica\u00e7\u00f5es. A Ag\u00eancia tamb\u00e9m avalia que a mudan\u00e7a tamb\u00e9m deve estimular a competi\u00e7\u00e3o e ampliar a transpar\u00eancia para o consumidor.<\/p>\n<p><strong>A Anatel alerta que a mudan\u00e7a das \u00e1reas locais n\u00e3o implica em altera\u00e7\u00e3o do n\u00famero telef\u00f4nico do usu\u00e1rio.<\/strong><\/p>\n<h2>Novas \u00c1reas Locais<\/h2>\n<p>O objetivo \u00e9 implementar a mudan\u00e7a em todo o pa\u00eds at\u00e9 junho de 2026. Para a transi\u00e7\u00e3o, a Anatel definiu a implanta\u00e7\u00e3o das novas \u00c1reas Locais do Servi\u00e7o Telef\u00f4nico Fixo Comutado (STFC) em nove etapas sucessivas, estabelecidas em cronograma, com base nos C\u00f3digos DDD.<\/p>\n<p><strong>Confira o cronograma de implementa\u00e7\u00e3o das Novas \u00c1reas Locais do STFC:<\/strong><\/p>\n<ul>\n<li>11 de janeiro \u2013 DDDs 71, 73, 74, 75, 77 e 79 (Bahia e Sergipe);<\/li>\n<li>1\u00ba de fevereiro \u2013 DDDs 91, 92, 93, 94, 95, 96, 97, 98 e 99 (Amazonas, Amap\u00e1, Maranh\u00e3o, Par\u00e1 e Roraima);<\/li>\n<li>22 de fevereiro \u2013 DDDs 81, 82, 83, 84, 85, 86, 87, 88 e 89 (Alagoas, Cear\u00e1, Para\u00edba, Pernambuco, Piau\u00ed e Rio Grande do Norte);<\/li>\n<li>15 de mar\u00e7o \u2013 DDDs 51, 53, 54 e 55 (Rio Grande do Sul);<\/li>\n<li>29 de mar\u00e7o \u2013 DDDs 41, 42, 43, 44, 45, 46, 47, 48 e 49 (Paran\u00e1 e Santa Catarina);<\/li>\n<li>19 de abril \u2013 DDDs 31, 32, 33, 34, 35, 37 e 38 (Minas Gerais);<\/li>\n<li>10 de maio \u2013 DDDs 21, 22, 24, 27 e 28 (Rio de Janeiro e Esp\u00edrito Santo);<\/li>\n<li>31 de maio \u2013 DDDs 61, 62, 63, 64, 65, 66, 67, 68 e 69 (Acre, Distrito Federal, Goi\u00e1s, Mato Grosso do Sul, Mato Grosso, Rond\u00f4nia e Tocantins);<\/li>\n<li>21 de junho \u2013 DDDs 11, 12, 13, 14, 15, 16, 17, 18 e 19 (S\u00e3o Paulo).<br \/>\n\t\u00a0<\/li>\n<\/ul>\n<p>\t\t\t\t\t\t\t\t\t<img loading=\"lazy\" decoding=\"async\" src=\"https:\/\/brasil61.com\/api\/v1\/serve_pixel\/17677\/87444\" alt=\"Pixel Brasil 61\" class=\"b61_pixel\" width=\"0\" height=\"0\"><\/p>\n<input type=\"hidden\" id=\"baseurl\" value=\"https:\/\/noticiasdestaque.com.br\"><input type=\"hidden\" id=\"audio_nonce\" value=\"eb7638fb71\">","protected":false},"excerpt":{"rendered":"<p>Nova regra vale para AM, AP, MA, PA e RR a partir de 1\u00ba de fevereiro; objetivo \u00e9 implementar novas \u00c1reas Locais da telefonia fixa em todo o pa\u00eds at\u00e9 junho de 2026<\/p>\n","protected":false},"author":1,"featured_media":49726,"comment_status":"open","ping_status":"open","sticky":false,"template":"","format":"standard","meta":{"fifu_image_url":"","fifu_image_alt":"","footnotes":""},"categories":[48],"tags":[],"class_list":["post-49638","post","type-post","status-publish","format-standard","has-post-thumbnail","hentry","category-mundo"],"distributor_meta":false,"distributor_terms":false,"distributor_media":false,"distributor_original_site_name":"Noticias em Destaque","distributor_original_site_url":"https:\/\/noticiasdestaque.com.br","push-errors":false,"_links":{"self":[{"href":"https:\/\/noticiasdestaque.com.br\/index.php\/wp-json\/wp\/v2\/posts\/49638","targetHints":{"allow":["GET"]}}],"collection":[{"href":"https:\/\/noticiasdestaque.com.br\/index.php\/wp-json\/wp\/v2\/posts"}],"about":[{"href":"https:\/\/noticiasdestaque.com.br\/index.php\/wp-json\/wp\/v2\/types\/post"}],"author":[{"embeddable":true,"href":"https:\/\/noticiasdestaque.com.br\/index.php\/wp-json\/wp\/v2\/users\/1"}],"replies":[{"embeddable":true,"href":"https:\/\/noticiasdestaque.com.br\/index.php\/wp-json\/wp\/v2\/comments?post=49638"}],"version-history":[{"count":1,"href":"https:\/\/noticiasdestaque.com.br\/index.php\/wp-json\/wp\/v2\/posts\/49638\/revisions"}],"predecessor-version":[{"id":49725,"href":"https:\/\/noticiasdestaque.com.br\/index.php\/wp-json\/wp\/v2\/posts\/49638\/revisions\/49725"}],"wp:featuredmedia":[{"embeddable":true,"href":"https:\/\/noticiasdestaque.com.br\/index.php\/wp-json\/wp\/v2\/media\/49726"}],"wp:attachment":[{"href":"https:\/\/noticiasdestaque.com.br\/index.php\/wp-json\/wp\/v2\/media?parent=49638"}],"wp:term":[{"taxonomy":"category","embeddable":true,"href":"https:\/\/noticiasdestaque.com.br\/index.php\/wp-json\/wp\/v2\/categories?post=49638"},{"taxonomy":"post_tag","embeddable":true,"href":"https:\/\/noticiasdestaque.com.br\/index.php\/wp-json\/wp\/v2\/tags?post=49638"}],"curies":[{"name":"wp","href":"https:\/\/api.w.org\/{rel}","templated":true}]}}