{"id":49636,"date":"2026-01-31T04:20:00","date_gmt":"2026-01-31T07:20:00","guid":{"rendered":"https:\/\/noticiasdestaque.com.br\/index.php\/2026\/01\/31\/gripe-k-santa-catarina-registra-a-maioria-dos-casos-no-pais\/"},"modified":"2026-02-02T23:08:16","modified_gmt":"2026-02-03T02:08:16","slug":"gripe-k-santa-catarina-registra-a-maioria-dos-casos-no-pais","status":"publish","type":"post","link":"https:\/\/noticiasdestaque.com.br\/index.php\/2026\/01\/31\/gripe-k-santa-catarina-registra-a-maioria-dos-casos-no-pais\/","title":{"rendered":"Gripe K: Santa Catarina registra a maioria dos casos no pa\u00eds"},"content":{"rendered":"<p>\t\t\t\t\t\t\t\t\t\t<audio controls class=\"b61_audio_player\" data-noticia=\"87454\" src=\"https:\/\/brasil61.com\/rails\/active_storage\/blobs\/eyJfcmFpbHMiOnsibWVzc2FnZSI6IkJBaHBBOWp0QXc9PSIsImV4cCI6bnVsbCwicHVyIjoiYmxvYl9pZCJ9fQ==--b9ecd7a1756b1c7dc8c59cd67b1e759b4de41322\/BRAS2615731A\"><\/audio><\/p>\n<p>Dados mais recentes da <strong><a href=\"https:\/\/www.saude.sc.gov.br\/index.php\/pt\/\" target=\"_blank\">Secretaria de Estado da Sa\u00fade de Santa Catarina (SES)<\/a><\/strong> confirmam <strong>17 casos da chamada \u201cgripe K\u201d em seis munic\u00edpios do estado<\/strong>. De acordo com a pasta, os pacientes \u2014 de diferentes faixas et\u00e1rias \u2014 n\u00e3o apresentaram rea\u00e7\u00f5es graves ao v\u00edrus.<\/p>\n<p>Os casos foram identificados em:<\/p>\n<ul>\n<li>Florian\u00f3polis (11);<\/li>\n<li>Tubar\u00e3o (2);<\/li>\n<li>Bra\u00e7o do Norte (1);<\/li>\n<li>Palho\u00e7a (1);<\/li>\n<li>S\u00e3o Jos\u00e9 (1);<\/li>\n<li>S\u00e3o Ludgero (1).<\/li>\n<\/ul>\n<p>Segundo a SES, os munic\u00edpios seguem com a investiga\u00e7\u00e3o epidemiol\u00f3gica dos casos, tanto no \u00e2mbito da vigil\u00e2ncia da s\u00edndrome gripal quanto da S\u00edndrome Respirat\u00f3ria Aguda Grave (SRAG).<\/p>\n<p>Segundo dados mais recentes do <a href=\"https:\/\/www.gov.br\/saude\/pt-br\" target=\"_blank\">Minist\u00e9rio da Sa\u00fade<\/a>, al\u00e9m de Santa Catarina, foram confirmados quatro casos de gripe K em outros estados: <strong>um no Par\u00e1 e tr\u00eas em Mato Grosso do Sul<\/strong>. A pasta foi procurada para atualiza\u00e7\u00e3o dos dados, mas n\u00e3o obteve retorno at\u00e9 o fechamento da reportagem.<\/p>\n<h2>Gripe K<\/h2>\n<p>O <strong>subclado K <\/strong>\u00e9 uma <strong>variante do v\u00edrus influenza A (H3N2)<\/strong> que tem apresentado <strong>aumento de circula\u00e7\u00e3o, principalmente em pa\u00edses do Hemisf\u00e9rio Norte<\/strong>, desde o fim do ano passado. Diante desse cen\u00e1rio, a <strong>Organiza\u00e7\u00e3o Mundial da Sa\u00fade (<a href=\"https:\/\/www.who.int\/pt\/about\" target=\"_blank\">OMS<\/a>)<\/strong> e a <strong>Organiza\u00e7\u00e3o Pan-Americana da Sa\u00fade (<a href=\"https:\/\/www.paho.org\/pt\/brasil\" target=\"_blank\">OPAS<\/a>)<\/strong> emitiram um alerta para a temporada de gripes de 2026.<\/p>\n<p>Embora ainda n\u00e3o haja evid\u00eancias de que a variante cause formas mais graves da doen\u00e7a em compara\u00e7\u00e3o a outras formas da influenza, autoridades de sa\u00fade destacam que a <strong>dissemina\u00e7\u00e3o tem ocorrido de forma mais acelerada em regi\u00f5es da Europa, \u00c1sia e Am\u00e9rica do Norte<\/strong>. O comportamento do v\u00edrus levanta a preocupa\u00e7\u00e3o sobre uma <strong>poss\u00edvel antecipa\u00e7\u00e3o e maior intensidade da temporada de gripes em 2026<\/strong>.<\/p>\n<p>O Minist\u00e9rio da Sa\u00fade ressalta que o subclado K <strong>n\u00e3o se trata de um v\u00edrus novo<\/strong>. Por isso, <strong>as vacinas disponibilizadas pelo Sistema \u00danico de Sa\u00fade (SUS) seguem eficazes <\/strong>na prote\u00e7\u00e3o contra formas graves da doen\u00e7a, inclusive aquelas causadas pela <strong>gripe K<\/strong>. <strong>Os grupos mais vulner\u00e1veis permanecem os mesmos <\/strong>j\u00e1 contemplados como priorit\u00e1rios na campanha de vacina\u00e7\u00e3o.<\/p>\n<p>Al\u00e9m da vacina\u00e7\u00e3o, o <strong>SUS tamb\u00e9m oferece gratuitamente antivirais espec\u00edficos para o tratamento da gripe<\/strong>, indicados principalmente para os p\u00fablicos priorit\u00e1rios, como estrat\u00e9gia complementar para reduzir o risco de agravamento dos casos.<\/p>\n<h2>Recomenda\u00e7\u00f5es<\/h2>\n<p>Al\u00e9m da vacina\u00e7\u00e3o \u2014 especialmente entre idosos, gestantes, crian\u00e7as pequenas e pessoas com doen\u00e7as cr\u00f4nicas \u2014 as autoridades de sa\u00fade refor\u00e7am a ado\u00e7\u00e3o de <strong>medidas individuais de preven\u00e7\u00e3o<\/strong>, como:<\/p>\n<ul>\n<li>higienizar as m\u00e3os com frequ\u00eancia;<\/li>\n<li>cobrir boca e nariz ao tossir ou espirrar;<\/li>\n<li>utilizar m\u00e1scara ao apresentar sintomas respirat\u00f3rios;<\/li>\n<li>manter os ambientes bem ventilados;<\/li>\n<li>evitar contato pr\u00f3ximo com outras pessoas quando estiver com sintomas.<\/li>\n<\/ul>\n<p>Os sintomas associados \u00e0 gripe K s\u00e3o semelhantes aos da gripe sazonal tradicional, como <strong>febre, tosse, dor de garganta, dores no corpo, mal-estar e fadiga<\/strong>, caracter\u00edsticas t\u00edpicas da infec\u00e7\u00e3o por influenza.<\/p>\n<p><strong>VEJA MAIS:<\/strong><\/p>\n<ul>\n<li><a href=\"https:\/\/brasil61.com\/n\/gripe-k-nova-variante-preocupa-oms-e-acende-alerta-global-para-2026-bras2515349\" target=\"_blank\">Gripe K: nova variante preocupa OMS e acende alerta global para 2026<\/a><\/li>\n<li><a href=\"https:\/\/brasil61.com\/n\/sarampo-e-febre-amarela-governo-paulista-reforca-vacinacao-em-areas-da-grande-sao-paulo-baixada-santista-e-campinas-bras2615715\" target=\"_blank\">Sarampo e febre amarela: refor\u00e7ada vacina\u00e7\u00e3o em \u00e1reas da Grande S\u00e3o Paulo, Baixada Santista e Campinas<\/a><\/li>\n<\/ul>\n<p>\t\t\t\t\t\t\t\t\t<img loading=\"lazy\" decoding=\"async\" src=\"https:\/\/brasil61.com\/api\/v1\/serve_pixel\/17677\/87454\" alt=\"Pixel Brasil 61\" class=\"b61_pixel\" width=\"0\" height=\"0\"><\/p>\n<input type=\"hidden\" id=\"baseurl\" value=\"https:\/\/noticiasdestaque.com.br\"><input type=\"hidden\" id=\"audio_nonce\" value=\"eb7638fb71\">","protected":false},"excerpt":{"rendered":"<p>Variante da influenza A (H3N2) n\u00e3o \u00e9 um v\u00edrus novo e est\u00e1 coberta pelas vacinas oferecidas pelo SUS<\/p>\n","protected":false},"author":1,"featured_media":49728,"comment_status":"open","ping_status":"open","sticky":false,"template":"","format":"standard","meta":{"fifu_image_url":"","fifu_image_alt":"","footnotes":""},"categories":[51],"tags":[],"class_list":["post-49636","post","type-post","status-publish","format-standard","has-post-thumbnail","hentry","category-saude"],"distributor_meta":false,"distributor_terms":false,"distributor_media":false,"distributor_original_site_name":"Noticias em Destaque","distributor_original_site_url":"https:\/\/noticiasdestaque.com.br","push-errors":false,"_links":{"self":[{"href":"https:\/\/noticiasdestaque.com.br\/index.php\/wp-json\/wp\/v2\/posts\/49636","targetHints":{"allow":["GET"]}}],"collection":[{"href":"https:\/\/noticiasdestaque.com.br\/index.php\/wp-json\/wp\/v2\/posts"}],"about":[{"href":"https:\/\/noticiasdestaque.com.br\/index.php\/wp-json\/wp\/v2\/types\/post"}],"author":[{"embeddable":true,"href":"https:\/\/noticiasdestaque.com.br\/index.php\/wp-json\/wp\/v2\/users\/1"}],"replies":[{"embeddable":true,"href":"https:\/\/noticiasdestaque.com.br\/index.php\/wp-json\/wp\/v2\/comments?post=49636"}],"version-history":[{"count":1,"href":"https:\/\/noticiasdestaque.com.br\/index.php\/wp-json\/wp\/v2\/posts\/49636\/revisions"}],"predecessor-version":[{"id":49727,"href":"https:\/\/noticiasdestaque.com.br\/index.php\/wp-json\/wp\/v2\/posts\/49636\/revisions\/49727"}],"wp:featuredmedia":[{"embeddable":true,"href":"https:\/\/noticiasdestaque.com.br\/index.php\/wp-json\/wp\/v2\/media\/49728"}],"wp:attachment":[{"href":"https:\/\/noticiasdestaque.com.br\/index.php\/wp-json\/wp\/v2\/media?parent=49636"}],"wp:term":[{"taxonomy":"category","embeddable":true,"href":"https:\/\/noticiasdestaque.com.br\/index.php\/wp-json\/wp\/v2\/categories?post=49636"},{"taxonomy":"post_tag","embeddable":true,"href":"https:\/\/noticiasdestaque.com.br\/index.php\/wp-json\/wp\/v2\/tags?post=49636"}],"curies":[{"name":"wp","href":"https:\/\/api.w.org\/{rel}","templated":true}]}}