{"id":49624,"date":"2026-01-30T11:00:00","date_gmt":"2026-01-30T14:00:00","guid":{"rendered":"https:\/\/noticiasdestaque.com.br\/index.php\/2026\/01\/30\/confianca-no-comercio-volta-a-avancar-em-janeiro-segundo-fgv-ibre\/"},"modified":"2026-02-02T23:08:14","modified_gmt":"2026-02-03T02:08:14","slug":"confianca-no-comercio-volta-a-avancar-em-janeiro-segundo-fgv-ibre","status":"publish","type":"post","link":"https:\/\/noticiasdestaque.com.br\/index.php\/2026\/01\/30\/confianca-no-comercio-volta-a-avancar-em-janeiro-segundo-fgv-ibre\/","title":{"rendered":"Confian\u00e7a no com\u00e9rcio volta a avan\u00e7ar em janeiro, segundo FGV IBRE"},"content":{"rendered":"<p>\t\t\t\t\t\t\t\t\t\t<audio controls class=\"b61_audio_player\" data-noticia=\"87409\" src=\"https:\/\/brasil61.com\/rails\/active_storage\/blobs\/eyJfcmFpbHMiOnsibWVzc2FnZSI6IkJBaHBBemp0QXc9PSIsImV4cCI6bnVsbCwicHVyIjoiYmxvYl9pZCJ9fQ==--2a4247748a743ccb008621dc0aee68b9507de8f1\/BRAS2615717A\"><\/audio><\/p>\n<p>Divulgado nesta quinta-feira (28) pela Funda\u00e7\u00e3o Get\u00falio Vargas (FGV), o <strong>\u00cdndice de Confian\u00e7a do Com\u00e9rcio (ICOM)<\/strong> do FGV IBRE subiu <strong>3,0 pontos<\/strong> em janeiro, <strong>alcan\u00e7ando 91,3 pontos<\/strong>, registrando<strong> alta em quatro dos cinco \u00faltimos meses<\/strong> \u2014 dezembro n\u00e3o apresentou varia\u00e7\u00e3o. Em m\u00e9dias m\u00f3veis trimestrais, o <strong>avan\u00e7o foi de 1,5 ponto, para 89,3 pontos<\/strong>.<\/p>\n<p>A pesquisa mostrou que houve <strong>alta da confian\u00e7a em cinco dos seis principais segmentos <\/strong>do setor analisados, influenciada, principalmente, pelas expectativas para os pr\u00f3ximos tr\u00eas meses.\u00a0<\/p>\n<p>Em sua <strong>quinta alta consecutiva<\/strong>, o <strong>\u00cdndice de Expectativas (IE-COM)<\/strong> <strong>subiu 4,6 pontos<\/strong>, atingindo o patamar de<strong> 93,7<\/strong>. Contudo, dentre os quesitos que comp\u00f5em o \u00edndice, enquanto o resultado do<strong> indicador que mede as perspectivas de vendas nos pr\u00f3ximos tr\u00eas meses mostrou aumento de 9,3 pontos, para 97,9 pontos<\/strong> \u2014 maior n\u00edvel desde <strong>fevereiro de 2020, quando foi de 107,5 pontos<\/strong> \u2014, o que <strong>avalia as expectativas sobre a tend\u00eancia dos neg\u00f3cios nos pr\u00f3ximos seis meses recuou em 0,3 ponto, para 89,6<\/strong>.<\/p>\n<p>J\u00e1 o <strong>\u00cdndice de Situa\u00e7\u00e3o Atual (ISA-COM)<\/strong> mostrou <strong>avan\u00e7o de 1,3 ponto<\/strong> em janeiro, para <strong>89,5 pontos<\/strong>. O indicador que mede a <strong>avalia\u00e7\u00e3o sobre a situa\u00e7\u00e3o atual dos neg\u00f3cios atingiu 89,1 pontos ao subir 1,6<\/strong>, enquanto o que <strong>avalia o volume de demanda atual avan\u00e7ou 0,9 ponto, para 90,2<\/strong> <strong>pontos<\/strong>.<\/p>\n<p>Segundo a economista do FGV IBRE Ge\u00f3rgia Veloso, a confian\u00e7a do com\u00e9rcio subiu em janeiro <strong>apoiada<\/strong>, principalmente, nas <strong>expectativas puxadas pelo avan\u00e7o expressivo nas proje\u00e7\u00f5es de vendas para os pr\u00f3ximos meses<\/strong>, o que mostra <strong>otimismo para o in\u00edcio do ano<\/strong>. \u201cApesar de ainda n\u00e3o estarem em zona de neutralidade, as avalia\u00e7\u00f5es sobre a demanda atual mostraram uma pequena recupera\u00e7\u00e3o, com alta pelo terceiro m\u00eas consecutivo\u201d, comentou.<\/p>\n<p>A economista explicou que os empres\u00e1rios se mostram otimistas diante de um mercado de trabalho que segue sustentando a renda, <strong>a despeito<\/strong> de um in\u00edcio de ano <strong>sem expectativas de um afrouxamento monet\u00e1rio <\/strong>a curto prazo e que <strong>repete o cen\u00e1rio enfrentado pelo varejo em 2025<\/strong>: <strong>morno<\/strong>, <strong>marcado por taxas de juros elevadas e alto endividamento das fam\u00edlias<\/strong>.<\/p>\n<p>Confira <a href=\"https:\/\/portalibre.fgv.br\/system\/files\/divulgacao\/noticias\/mat-complementar\/2026-01\/Sondagem%20do%20Com%C3%A9rcio%20FGV_press%20release_Jan26.pdf\">aqui os resultados completos da sondagem<\/a>.<\/p>\n<p>Com informa\u00e7\u00f5es do FGV IBRE.<\/p>\n<p>\t\t\t\t\t\t\t\t\t<img loading=\"lazy\" decoding=\"async\" src=\"https:\/\/brasil61.com\/api\/v1\/serve_pixel\/17677\/87409\" alt=\"Pixel Brasil 61\" class=\"b61_pixel\" width=\"0\" height=\"0\"><\/p>\n<input type=\"hidden\" id=\"baseurl\" value=\"https:\/\/noticiasdestaque.com.br\"><input type=\"hidden\" id=\"audio_nonce\" value=\"eb7638fb71\">","protected":false},"excerpt":{"rendered":"<p>Ap\u00f3s dezembro sem varia\u00e7\u00e3o, \u00edndice volta a subir apoiado pelas expectativas para os pr\u00f3ximos meses<\/p>\n","protected":false},"author":1,"featured_media":49724,"comment_status":"open","ping_status":"open","sticky":false,"template":"","format":"standard","meta":{"fifu_image_url":"","fifu_image_alt":"","footnotes":""},"categories":[59],"tags":[],"class_list":["post-49624","post","type-post","status-publish","format-standard","has-post-thumbnail","hentry","category-economia"],"distributor_meta":false,"distributor_terms":false,"distributor_media":false,"distributor_original_site_name":"Noticias em Destaque","distributor_original_site_url":"https:\/\/noticiasdestaque.com.br","push-errors":false,"_links":{"self":[{"href":"https:\/\/noticiasdestaque.com.br\/index.php\/wp-json\/wp\/v2\/posts\/49624","targetHints":{"allow":["GET"]}}],"collection":[{"href":"https:\/\/noticiasdestaque.com.br\/index.php\/wp-json\/wp\/v2\/posts"}],"about":[{"href":"https:\/\/noticiasdestaque.com.br\/index.php\/wp-json\/wp\/v2\/types\/post"}],"author":[{"embeddable":true,"href":"https:\/\/noticiasdestaque.com.br\/index.php\/wp-json\/wp\/v2\/users\/1"}],"replies":[{"embeddable":true,"href":"https:\/\/noticiasdestaque.com.br\/index.php\/wp-json\/wp\/v2\/comments?post=49624"}],"version-history":[{"count":1,"href":"https:\/\/noticiasdestaque.com.br\/index.php\/wp-json\/wp\/v2\/posts\/49624\/revisions"}],"predecessor-version":[{"id":49626,"href":"https:\/\/noticiasdestaque.com.br\/index.php\/wp-json\/wp\/v2\/posts\/49624\/revisions\/49626"}],"wp:featuredmedia":[{"embeddable":true,"href":"https:\/\/noticiasdestaque.com.br\/index.php\/wp-json\/wp\/v2\/media\/49724"}],"wp:attachment":[{"href":"https:\/\/noticiasdestaque.com.br\/index.php\/wp-json\/wp\/v2\/media?parent=49624"}],"wp:term":[{"taxonomy":"category","embeddable":true,"href":"https:\/\/noticiasdestaque.com.br\/index.php\/wp-json\/wp\/v2\/categories?post=49624"},{"taxonomy":"post_tag","embeddable":true,"href":"https:\/\/noticiasdestaque.com.br\/index.php\/wp-json\/wp\/v2\/tags?post=49624"}],"curies":[{"name":"wp","href":"https:\/\/api.w.org\/{rel}","templated":true}]}}