{"id":49616,"date":"2026-01-30T04:50:00","date_gmt":"2026-01-30T07:50:00","guid":{"rendered":"https:\/\/noticiasdestaque.com.br\/index.php\/2026\/01\/30\/presidente-da-apexbrasil-destaca-otimismo-com-futuro-do-acordo-mercosul-ue-e-promocao-do-brasil-na-europa\/"},"modified":"2026-02-03T22:07:44","modified_gmt":"2026-02-04T01:07:44","slug":"presidente-da-apexbrasil-destaca-otimismo-com-futuro-do-acordo-mercosul-ue-e-promocao-do-brasil-na-europa","status":"publish","type":"post","link":"https:\/\/noticiasdestaque.com.br\/index.php\/2026\/01\/30\/presidente-da-apexbrasil-destaca-otimismo-com-futuro-do-acordo-mercosul-ue-e-promocao-do-brasil-na-europa\/","title":{"rendered":"Presidente da ApexBrasil destaca otimismo com futuro do Acordo Mercosul\u2013UE e promo\u00e7\u00e3o do Brasil na Europa"},"content":{"rendered":"<p>\t\t\t\t\t\t\t\t\t\t<audio controls class=\"b61_audio_player\" data-noticia=\"87406\" src=\"https:\/\/brasil61.com\/rails\/active_storage\/blobs\/eyJfcmFpbHMiOnsibWVzc2FnZSI6IkJBaHBBeHJ0QXc9PSIsImV4cCI6bnVsbCwicHVyIjoiYmxvYl9pZCJ9fQ==--1e79872269f79beaa7e9f5e7db8694039d7e9a5f\/APEX260100A\"><\/audio><\/p>\n<p><strong>O presidente da Ag\u00eancia Brasileira de Promo\u00e7\u00e3o de Exporta\u00e7\u00f5es e Investimentos <a href=\"https:\/\/apexbrasil.com.br\/\" target=\"_blank\">(ApexBrasil)<\/a>, Jorge Viana, avaliou como positiva a perspectiva de implementa\u00e7\u00e3o do Acordo Mercosul\u2013Uni\u00e3o Europeia e seus impactos para a inser\u00e7\u00e3o do Brasil no mercado internacional.<\/strong><\/p>\n<p><strong>A Uni\u00e3o Europeia \u00e9 o maior investidor estrangeiro no Brasil, com estoque superior a US$ 464 bilh\u00f5es em Investimento Direto Estrangeiro (IED), o equivalente a mais de 40% do total recebido pelo pa\u00eds. <\/strong>Diante desse cen\u00e1rio, Viana destacou que o acordo amplia a previsibilidade econ\u00f4mica e favorece novos fluxos de investimento.<\/p>\n<p>\u201cO acordo n\u00e3o trata apenas de com\u00e9rcio. Estamos falando da retomada de um ambiente de previsibilidade capaz de atrair mais investimentos, melhorar a inser\u00e7\u00e3o estrat\u00e9gica do Brasil em cadeias globais de valor e incentivar fluxos de investimento\u201d, afirmou Viana durante entrevista coletiva realizada na sede da ag\u00eancia, em Bras\u00edlia.<\/p>\n<p><strong>O tratado foi politicamente conclu\u00eddo em 2024 e assinado em 17 de janeiro de 2026. Segundo Viana, o acordo amplia as oportunidades para empresas brasileiras interessadas em acessar mercados internacionais.<\/strong><\/p>\n<p>\u201cO Brasil voltou a ter um protagonismo muito forte e embasado para fazer a coisa certa. O agro do brasileiro est\u00e1 cada vez mais sustentado, a agricultura brasileira. Estamos, de fato, com a nova ind\u00fastria, que est\u00e1 voltando com muita for\u00e7a&#8221;, considerou.<\/p>\n<p>Apesar da apreens\u00e3o moment\u00e2nea causada pela judicializa\u00e7\u00e3o do texto no Parlamento Europeu, o clima geral \u00e9 de confian\u00e7a em sua futura ratifica\u00e7\u00e3o. \u201cFoi uma manobra pol\u00edtica dos que eram contra, e isso faz parte do jogo da pol\u00edtica\u201d, disse ele aos jornalistas.<\/p>\n<h2>Trabalho em conjunto para aprova\u00e7\u00e3o do Acordo<\/h2>\n<p>No contexto do avan\u00e7o do acordo, a ApexBrasil tem intensificado esfor\u00e7os junto ao Congresso Nacional para fortalecer o di\u00e1logo diplom\u00e1tico entre os blocos. Nesse esfor\u00e7o, o presidente do Senado, Davi Alcolumbre, e o presidente da Comiss\u00e3o de Rela\u00e7\u00f5es Exteriores e de Defesa Nacional, Nelsinho Trad, passaram a integrar uma comitiva que ampliar\u00e1 as conversas com o Parlamento Europeu sobre a mat\u00e9ria.<\/p>\n<p>\u201cA miss\u00e3o agora \u00e9 tamb\u00e9m do Congresso Nacional ajudar na interlocu\u00e7\u00e3o com os outros parlamentos aqui do Mercosul para aprovar o quanto antes o acordo\u201d, destacou Viana.<\/p>\n<p>Segundo o presidente da ApexBrasil, a ag\u00eancia tamb\u00e9m planeja refor\u00e7ar sua estrat\u00e9gia de comunica\u00e7\u00e3o no continente europeu para melhorar a percep\u00e7\u00e3o sobre o Brasil, especialmente junto \u00e0 iniciativa privada. \u201cVamos mostrar que o Brasil n\u00e3o \u00e9 um bicho-pap\u00e3o.\u201d Est\u00e3o previstos ainda encontros, miss\u00f5es e reuni\u00f5es com empres\u00e1rios e parlamentares europeus.<\/p>\n<h2>Benef\u00edcios Econ\u00f4micos<\/h2>\n<p><strong><a href=\"https:\/\/apexbrasil.com.br\/content\/apexbrasil\/br\/pt\/solucoes\/inteligencia\/estudos-e-publicacoes\/estudos-especiais\/estudo-de-oportunidades-acordo-mercosul---uniao-europeia-2026.html\" target=\"_blank\">Levantamento da ApexBrasil<\/a> aponta que o acordo cria um mercado integrado de cerca de 720 milh\u00f5es de consumidores. O estudo identificou 543 oportunidades imediatas de exporta\u00e7\u00e3o em quatro regi\u00f5es da Europa.<\/strong><\/p>\n<p>Esses produtos representam um mercado potencial de US$ 43,9 bilh\u00f5es em importa\u00e7\u00f5es anuais da Uni\u00e3o Europeia. Atualmente, o Brasil exporta cerca de US$ 1,1 bilh\u00e3o desses itens ao bloco.<\/p>\n<p><a href=\"https:\/\/brasil61.com\/n\/apexbrasil-registra-recorde-de-participacao-em-exportacoes-em-2025-apex260099\" target=\"_blank\">ApexBrasil registra recorde de participa\u00e7\u00e3o em exporta\u00e7\u00f5es em 2025<\/a><\/p>\n<p><a href=\"https:\/\/brasil61.com\/n\/brasil-projeta-us-950-milhoes-em-negocios-na-gulfood-2026-apexbrasil-coordena-participacao-de-97-empresas-nacionais-apex260098\" target=\"_blank\">Brasil projeta US$ 950 milh\u00f5es em neg\u00f3cios na Gulfood 2026; ApexBrasil coordena participa\u00e7\u00e3o de 97 empresas nacionais<\/a><\/p>\n<p><strong>As oportunidades est\u00e3o distribu\u00eddas em 25 dos 27 pa\u00edses da Uni\u00e3o Europeia, com maior concentra\u00e7\u00e3o na Europa Ocidental. O acordo permitir\u00e1 a cria\u00e7\u00e3o de um PIB agregado estimado em US$ 22 trilh\u00f5es, reposicionando o Brasil no maior mercado importador do mundo e promovendo a elimina\u00e7\u00e3o tarif\u00e1ria imediata para muitos setores, al\u00e9m de maior seguran\u00e7a jur\u00eddica para investimentos.<\/strong><\/p>\n<p>Para apoiar a adapta\u00e7\u00e3o das empresas aos padr\u00f5es t\u00e9cnicos e de sustentabilidade exigidos pela UE, a ApexBrasil mapeou oportunidades estrat\u00e9gicas em todo o bloco, com o objetivo de aumentar a competitividade e diversificar a pauta exportadora nacional.<\/p>\n<h2>Setores Mais Promissores<\/h2>\n<p><strong>Entre os setores com maior potencial est\u00e3o m\u00e1quinas e equipamentos de transporte, artigos manufaturados, produtos qu\u00edmicos, materiais em bruto e alimentos. Tamb\u00e9m se destacam motores, geradores el\u00e9tricos, aeronaves, pe\u00e7as automotivas e produtos de base agr\u00edcola.<\/strong><\/p>\n<p>No agroneg\u00f3cio, Viana afirmou que a redu\u00e7\u00e3o de tarifas e a amplia\u00e7\u00e3o de cotas tendem a favorecer a complementaridade entre os blocos. \u201cSer\u00e1 um fluxo complementar e n\u00e3o concorrencial entre os blocos\u201d, pontuou.<\/p>\n<p>Por fim, Viana refor\u00e7ou que a ApexBrasil trabalhar\u00e1 para garantir que as empresas brasileiras estejam preparadas para atuar com efici\u00eancia nesta nova fase de neg\u00f3cios.<\/p>\n<p>\u201cO que a gente faz aqui, pode ser complementar \u00e0quilo que eles t\u00eam no ambiente temperado, de clima temperado, que tamb\u00e9m tem limita\u00e7\u00f5es, e tem vantagens para a produ\u00e7\u00e3o. Eles est\u00e3o do lado do consumidor. Essa vantagem deles \u00e9 uma log\u00edstica extraordin\u00e1ria\u201d, disse.<\/p>\n<p>\u201cTemos condi\u00e7\u00f5es concretas de transformar o potencial mapeado em resultados reais. O Brasil est\u00e1 diante de uma das maiores janelas estrat\u00e9gicas para ampliar exporta\u00e7\u00f5es das \u00faltimas d\u00e9cadas, e o cen\u00e1rio, embora \u00e0s vezes turbulento, segue favor\u00e1vel para o avan\u00e7o das negocia\u00e7\u00f5es\u201d, concluiu.<br \/>\n\u00a0<\/p>\n<p>\t\t\t\t\t\t\t\t\t<img loading=\"lazy\" decoding=\"async\" src=\"https:\/\/brasil61.com\/api\/v1\/serve_pixel\/17677\/87406\" alt=\"Pixel Brasil 61\" class=\"b61_pixel\" width=\"0\" height=\"0\"><\/p>\n<input type=\"hidden\" id=\"baseurl\" value=\"https:\/\/noticiasdestaque.com.br\"><input type=\"hidden\" id=\"audio_nonce\" value=\"62ca87eee3\">","protected":false},"excerpt":{"rendered":"<p>Para Jorge Viana, o tratado representa um avan\u00e7o importante para empresas brasileiras que pretendem ampliar sua presen\u00e7a no mercado internacional<\/p>\n","protected":false},"author":1,"featured_media":49762,"comment_status":"open","ping_status":"open","sticky":false,"template":"","format":"standard","meta":{"fifu_image_url":"","fifu_image_alt":"","footnotes":""},"categories":[59],"tags":[],"class_list":["post-49616","post","type-post","status-publish","format-standard","has-post-thumbnail","hentry","category-economia"],"distributor_meta":false,"distributor_terms":false,"distributor_media":false,"distributor_original_site_name":"Noticias em Destaque","distributor_original_site_url":"https:\/\/noticiasdestaque.com.br","push-errors":false,"_links":{"self":[{"href":"https:\/\/noticiasdestaque.com.br\/index.php\/wp-json\/wp\/v2\/posts\/49616","targetHints":{"allow":["GET"]}}],"collection":[{"href":"https:\/\/noticiasdestaque.com.br\/index.php\/wp-json\/wp\/v2\/posts"}],"about":[{"href":"https:\/\/noticiasdestaque.com.br\/index.php\/wp-json\/wp\/v2\/types\/post"}],"author":[{"embeddable":true,"href":"https:\/\/noticiasdestaque.com.br\/index.php\/wp-json\/wp\/v2\/users\/1"}],"replies":[{"embeddable":true,"href":"https:\/\/noticiasdestaque.com.br\/index.php\/wp-json\/wp\/v2\/comments?post=49616"}],"version-history":[{"count":1,"href":"https:\/\/noticiasdestaque.com.br\/index.php\/wp-json\/wp\/v2\/posts\/49616\/revisions"}],"predecessor-version":[{"id":49761,"href":"https:\/\/noticiasdestaque.com.br\/index.php\/wp-json\/wp\/v2\/posts\/49616\/revisions\/49761"}],"wp:featuredmedia":[{"embeddable":true,"href":"https:\/\/noticiasdestaque.com.br\/index.php\/wp-json\/wp\/v2\/media\/49762"}],"wp:attachment":[{"href":"https:\/\/noticiasdestaque.com.br\/index.php\/wp-json\/wp\/v2\/media?parent=49616"}],"wp:term":[{"taxonomy":"category","embeddable":true,"href":"https:\/\/noticiasdestaque.com.br\/index.php\/wp-json\/wp\/v2\/categories?post=49616"},{"taxonomy":"post_tag","embeddable":true,"href":"https:\/\/noticiasdestaque.com.br\/index.php\/wp-json\/wp\/v2\/tags?post=49616"}],"curies":[{"name":"wp","href":"https:\/\/api.w.org\/{rel}","templated":true}]}}