{"id":49612,"date":"2026-01-30T04:15:00","date_gmt":"2026-01-30T07:15:00","guid":{"rendered":"https:\/\/noticiasdestaque.com.br\/index.php\/2026\/01\/30\/suas-como-funciona-a-assistencia-social-no-brasil-e-onde-buscar-atendimento\/"},"modified":"2026-01-31T01:08:01","modified_gmt":"2026-01-31T04:08:01","slug":"suas-como-funciona-a-assistencia-social-no-brasil-e-onde-buscar-atendimento","status":"publish","type":"post","link":"https:\/\/noticiasdestaque.com.br\/index.php\/2026\/01\/30\/suas-como-funciona-a-assistencia-social-no-brasil-e-onde-buscar-atendimento\/","title":{"rendered":"SUAS: como funciona a assist\u00eancia social no Brasil e onde buscar atendimento"},"content":{"rendered":"<p>\t\t\t\t\t\t\t\t\t\t<audio controls class=\"b61_audio_player\" data-noticia=\"87421\" src=\"https:\/\/brasil61.com\/rails\/active_storage\/blobs\/eyJfcmFpbHMiOnsibWVzc2FnZSI6IkJBaHBBMEx0QXc9PSIsImV4cCI6bnVsbCwicHVyIjoiYmxvYl9pZCJ9fQ==--81cae57bc9af5ce463bd35ff645b25307ea6643c\/BRAS2615724A\"><\/audio><\/p>\n<p><strong>Em situa\u00e7\u00f5es de vulnerabilidade<\/strong>, risco social ou viola\u00e7\u00e3o de direitos,<strong> o acesso a uma rede p\u00fablica pode ser decisivo para garantir acolhimento<\/strong>, orienta\u00e7\u00e3o e prote\u00e7\u00e3o. H\u00e1 duas d\u00e9cadas, <strong>esse<\/strong> <strong>papel \u00e9 desempenhado pelo Sistema \u00danico de Assist\u00eancia Social <\/strong>(<a href=\"https:\/\/www.gov.br\/mds\/pt-br\/acoes-e-programas\/suas\/servicos-e-programas\/o-que-e\">SUAS<\/a>), pol\u00edtica p\u00fablica respons\u00e1vel por organizar e executar os <a href=\"https:\/\/www.gov.br\/mds\/pt-br\/acoes-e-programas\/suas\/servicos-e-programas\">servi\u00e7os<\/a>\u00a0de assist\u00eancia social no Brasil.<\/p>\n<p><strong>Presente em todos os estados e em <a href=\"https:\/\/www.gov.br\/mds\/pt-br\/acoes-e-programas\/suas\/gestao-do-suas\/vigilancia-socioassistencial-1\/censo-suas\">5.520 munic\u00edpios<\/a><\/strong>, o SUAS <strong>atua tanto em situa\u00e7\u00f5es individuais quanto em emerg\u00eancias que afetam coletivamente a sociedade<\/strong>. O sistema pode ser acionado em diversos contextos, como:<\/p>\n<ul>\n<li>calamidades p\u00fablicas;<\/li>\n<li>migra\u00e7\u00e3o;<\/li>\n<li>viol\u00eancia;<\/li>\n<li>abandono;<\/li>\n<li>trabalho infantil;<\/li>\n<li>al\u00e9m da prote\u00e7\u00e3o \u00e0 inf\u00e2ncia, a idosos e a pessoas com defici\u00eancia.<\/li>\n<\/ul>\n<p>De acordo com Rosilene Rocha, gerente de projeto da Secretaria Nacional de Assist\u00eancia Social (<a href=\"https:\/\/www.gov.br\/mds\/pt-br\/orgaos\/SNAS\">SNAS<\/a>), a <strong>cria\u00e7\u00e3o do sistema foi fundamental para estruturar a \u00e1rea como pol\u00edtica p\u00fablica<\/strong>. \u201cO sistema traduz a assist\u00eancia social como um direito do cidad\u00e3o, previsto na Pol\u00edtica Nacional de Assist\u00eancia Social e garantido pela Constitui\u00e7\u00e3o\u201d, afirma.<\/p>\n<p>Rocha destaca ainda que a <strong>assist\u00eancia integra o trip\u00e9 da seguridade social brasileira, ao lado da sa\u00fade e da previd\u00eancia<\/strong>. \u201cA sa\u00fade \u00e9 universal, a previd\u00eancia \u00e9 contributiva e a assist\u00eancia social \u00e9 para quem dela precisar\u201d, explica.<\/p>\n<h2>SUAS: Quem pode acessar os servi\u00e7os?<\/h2>\n<p>As a\u00e7\u00f5es do SUAS s\u00e3o <strong>organizadas em dois n\u00edveis de prote\u00e7\u00e3o<\/strong>. A <strong><a href=\"https:\/\/www.gov.br\/pt-br\/servicos\/participar-de-servicos-da-protecao-social-basica-programas-e-beneficios-assistenciais\">Prote\u00e7\u00e3o Social B\u00e1sica<\/a><\/strong> tem car\u00e1ter preventivo e \u00e9 <strong>voltada a indiv\u00edduos e fam\u00edlias em situa\u00e7\u00e3o de vulnerabilidade social<\/strong>, por meio de programas, projetos, servi\u00e7os e benef\u00edcios. J\u00e1 a\u00a0<strong><a href=\"https:\/\/www.gov.br\/mds\/pt-br\/orgaos\/SNAS\/departamento-de-protecao-social-especial\">Prote\u00e7\u00e3o Social Especial<\/a><\/strong> atende <strong>pessoas que vivenciam situa\u00e7\u00f5es de risco e tiveram direitos violados<\/strong>, como nos casos de abandono, maus-tratos, abuso sexual, uso de drogas e viol\u00eancia.<\/p>\n<p>Conforme o Minist\u00e9rio do Desenvolvimento e Assist\u00eancia Social, Fam\u00edlia e Combate \u00e0 Fome (<a href=\"https:\/\/www.gov.br\/mds\/pt-br\">MDS<\/a>), os <strong>servi\u00e7os s\u00e3o ofertados antes, durante e ap\u00f3s situa\u00e7\u00f5es de crise<\/strong>, com o objetivo de reduzir danos sociais e apoiar a reconstru\u00e7\u00e3o das condi\u00e7\u00f5es de vida das fam\u00edlias atendidas.<\/p>\n<p>Embora a pol\u00edtica priorize a popula\u00e7\u00e3o de baixa renda,<strong> qualquer cidad\u00e3o pode procurar o SUAS ao enfrentar uma situa\u00e7\u00e3o de vulnerabilidade ou risco social<\/strong>. \u201cUma mulher de classe m\u00e9dia em situa\u00e7\u00e3o de viol\u00eancia dom\u00e9stica est\u00e1 vulner\u00e1vel. Uma pessoa com defici\u00eancia, mesmo trabalhando, est\u00e1 vulner\u00e1vel em uma sociedade sem acessibilidade\u201d, ressalta.<\/p>\n<p>\u201cA porta tem que estar aberta. Todo cidad\u00e3o brasileiro tem direito \u00e0 assist\u00eancia social quando dela necessitar\u201d, complementa a gestora.<\/p>\n<h2>SUAS: Atua\u00e7\u00e3o al\u00e9m da pobreza extrema<\/h2>\n<p><strong>A pol\u00edtica de assist\u00eancia social atende diferentes faixas et\u00e1rias e contextos econ\u00f4micos<\/strong>. Entre os servi\u00e7os ofertados est\u00e3o o acompanhamento de adolescentes em cumprimento de medidas socioeducativas em meio aberto, o atendimento \u00e0 popula\u00e7\u00e3o em situa\u00e7\u00e3o de rua, os servi\u00e7os de acolhimento institucional e o cofinanciamento das Institui\u00e7\u00f5es de Longa Perman\u00eancia para Idosos (<a href=\"https:\/\/www.gov.br\/anvisa\/pt-br\/assuntos\/servicosdesaude\/saloes-tatuagens-creches\/instituicoes-de-longa-permanencia-para-idosos\">ILPIs<\/a>). H\u00e1 ainda servi\u00e7os de atendimento domiciliar para idosos e pessoas com defici\u00eancia, com o objetivo de garantir o direito \u00e0 conviv\u00eancia comunit\u00e1ria e \u00e0 participa\u00e7\u00e3o social.<\/p>\n<p>O envelhecimento da popula\u00e7\u00e3o tem ampliado a demanda por esses servi\u00e7os, inclusive entre fam\u00edlias de classe m\u00e9dia. \u201cMuitas fam\u00edlias procuram o SUAS porque n\u00e3o conseguem mais cuidar sozinhas de seus idosos, n\u00e3o por abandono, mas por mudan\u00e7as na din\u00e2mica social e no mercado de trabalho\u201d, observa Rocha.<\/p>\n<p>J\u00e1 em <strong>situa\u00e7\u00f5es de calamidade<\/strong>, como enchentes e desastres naturais, o <strong>SUAS atua logo ap\u00f3s a retirada das fam\u00edlias das \u00e1reas de risco<\/strong>. \u201cDepois da Defesa Civil, quem chega primeiro \u00e9 a assist\u00eancia social, para garantir abrigo, alimenta\u00e7\u00e3o e acolhimento\u201d, esclarece.<\/p>\n<p>Nesses casos, o sistema conta com a <strong>For\u00e7a de Prote\u00e7\u00e3o do SUAS <\/strong>(<a href=\"https:\/\/www.gov.br\/mds\/pt-br\/acoes-e-programas\/calamidades-publicas-e-emergencias\/forsuas\">FORSUAS<\/a>), que <strong>re\u00fane equipes t\u00e9cnicas de diferentes entes federados, com recursos extraordin\u00e1rios, capacita\u00e7\u00e3o e presen\u00e7a direta nos territ\u00f3rios afetados<\/strong>. A exemplo do que ocorreu no ano passado, quando foram repassados R$ 25,6 milh\u00f5es aos munic\u00edpios atingidos pelo rompimento da barragem de Fund\u00e3o, em <a href=\"https:\/\/www.mg.gov.br\/\">Minas Gerais<\/a> e no <a href=\"https:\/\/www.es.gov.br\/\">Esp\u00edrito Santo<\/a>.<\/p>\n<p><strong>A assist\u00eancia social tamb\u00e9m esteve na linha de frente durante os desastres ocasionados pelas chuvas no Rio Grande do Sul, em 2024<\/strong>. Segundo balan\u00e7o divulgado pelo MDS, neste per\u00edodo foram aprovados R$ 101 milh\u00f5es em cr\u00e9dito extraordin\u00e1rio para o SUAS, com o objetivo de acolher e dar suporte \u00e0 popula\u00e7\u00e3o afetada. Desse montante, foram destinados R$ 36 milh\u00f5es \u00e0 cria\u00e7\u00e3o e manuten\u00e7\u00e3o de 1.089 alojamentos provis\u00f3rios em 101 munic\u00edpios.<\/p>\n<h2>SUAS: Como buscar atendimento<\/h2>\n<p>A <strong>estrutura do SUAS est\u00e1 organizada em uma rede de unidades distribu\u00eddas por todo o pa\u00eds<\/strong>, cada uma destinada ao atendimento de p\u00fablicos espec\u00edficos em situa\u00e7\u00e3o de vulnerabilidade.<\/p>\n<ul>\n<li>Centro de Refer\u00eancia de Assist\u00eancia Social (<a href=\"https:\/\/www.gov.br\/mds\/pt-br\/acoes-e-programas\/suas\/unidades-de-atendimento\/centro-de-referencia-de-assistencia-social-cras\">CRAS<\/a>);<\/li>\n<li>Centro de Refer\u00eancia Especializado de Assist\u00eancia Social (<a href=\"https:\/\/www.gov.br\/mds\/pt-br\/acoes-e-programas\/suas\/unidades-de-atendimento\/centro-de-referencia-especializado-de-assistencia-social-creas\">CREAS<\/a>);<\/li>\n<li>Centros de Refer\u00eancia Especializados para Popula\u00e7\u00e3o em Situa\u00e7\u00e3o de Rua (<a href=\"https:\/\/www.gov.br\/mds\/pt-br\/acoes-e-programas\/suas\/unidades-de-atendimento\/centro-de-referencia-especializado-para-pessoas-em-situacao-de-rua-centro-pop\">Centro POP<\/a>);<\/li>\n<li><a href=\"https:\/\/www.gov.br\/mds\/pt-br\/acoes-e-programas\/suas\/unidades-de-atendimento\/centro-dia-de-referencia-para-pessoa-com-deficiencia\">Centro-Dia<\/a> de Refer\u00eancia para Pessoa com Defici\u00eancia e suas Fam\u00edlias;<\/li>\n<li><a href=\"https:\/\/www.gov.br\/mds\/pt-br\/acoes-e-programas\/suas\/unidades-de-atendimento\/unidades-de-acolhimento\">Unidades de Acolhimento<\/a>: Casa Lar, Abrigo Institucional, Rep\u00fablica, Resid\u00eancia Inclusiva, Casa de Passagem.<\/li>\n<\/ul>\n<p><strong>O CRAS \u00e9 o principal ponto de acesso, respons\u00e1vel pelo atendimento \u00e0s fam\u00edlias e pela operacionaliza\u00e7\u00e3o do Cadastro \u00danico<\/strong> (<a href=\"https:\/\/www.gov.br\/pt-br\/servicos\/consultar-dados-do-cadastro-unico-cadunico\">Cad\u00danico<\/a>) para Programas Sociais do Governo Federal, como o <a href=\"https:\/\/www.gov.br\/mds\/pt-br\/acoes-e-programas\/bolsa-familia\">Bolsa Fam\u00edlia<\/a>. Atualmente, os munic\u00edpios contam com pelo menos uma unidade, de acordo com o MDS.<\/p>\n<table>\n<tbody>\n<tr>\n<th>Unidade<\/th>\n<th>P\u00fablico atendido<\/th>\n<th>Quantidade no Brasil<\/th>\n<\/tr>\n<tr>\n<td>CRAS (Centro de Refer\u00eancia de Assist\u00eancia Social)<\/td>\n<td>Fam\u00edlias em situa\u00e7\u00e3o de vulnerabilidade com acompanhamento social e acesso ao Cad\u00danico<\/td>\n<td>8088<\/td>\n<\/tr>\n<tr>\n<td>CREAS<\/td>\n<td>Pessoas e fam\u00edlias em risco social ou com direitos violados<\/td>\n<td>2372<\/td>\n<\/tr>\n<tr>\n<td>Centro-Dia<\/td>\n<td>Jovens e adultos com defici\u00eancia sem autonomia al\u00e9m de apoio e orienta\u00e7\u00e3o \u00e0s fam\u00edlias<\/td>\n<td>1600<\/td>\n<\/tr>\n<tr>\n<td>Centro POP<\/td>\n<td>Popula\u00e7\u00e3o em situa\u00e7\u00e3o de rua<\/td>\n<td>215<\/td>\n<\/tr>\n<tr>\n<td>Unidades de Acolhimento<\/td>\n<td>Crian\u00e7as adolescentes idosos pessoas com defici\u00eancia e popula\u00e7\u00e3o em situa\u00e7\u00e3o de rua em situa\u00e7\u00e3o de desabrigo<\/td>\n<td>5184<\/td>\n<\/tr>\n<\/tbody>\n<\/table>\n<p><a href=\"https:\/\/www.gov.br\/mds\/pt-br\/acoes-e-programas\/suas\/gestao-do-suas\/vigilancia-socioassistencial-1\/censo-suas\"><em><span style=\"font-size:10px\">Fonte: MDS\u00a0<\/span><\/em><\/a><\/p>\n<p><strong>Para localizar os servi\u00e7os e centros do SUAS em cada munic\u00edpio, basta acessar o <a href=\"https:\/\/mapa-social.mds.gov.br\/\">Mapa Social<\/a><\/strong>, sistema p\u00fablico e interativo que re\u00fane informa\u00e7\u00f5es sobre as principais unidades da rede em todo o pa\u00eds.<\/p>\n<p>Em capitais e cidades de grande porte, o atendimento tamb\u00e9m pode ser realizado nas unidades regionais das secretarias de assist\u00eancia social.<\/p>\n<h2>SUAS: Benef\u00edcios assistenciais<\/h2>\n<p>Al\u00e9m da rede de unidades espalhadas pelo pa\u00eds, o <strong>SUAS coordena a Secretaria Nacional de Benef\u00edcios Assistenciais<\/strong> (<a href=\"https:\/\/www.gov.br\/mds\/pt-br\/acoes-e-programas\/suas\/beneficios-assistenciais\">SNBA<\/a>), que <strong>gerencia as iniciativas ofertadas pelo sistema<\/strong>. Segundo o MDS, as principais a\u00e7\u00f5es s\u00e3o:\u00a0<\/p>\n<ul>\n<li><strong>Benef\u00edcio de Presta\u00e7\u00e3o Continuada (<a href=\"https:\/\/www.gov.br\/mds\/pt-br\/acoes-e-programas\/suas\/beneficios-assistenciais\/beneficio-assistencial-ao-idoso-e-a-pessoa-com-deficiencia-bpc\">BPC<\/a>):<\/strong> garante um sal\u00e1rio m\u00ednimo mensal \u00e0 pessoa com defici\u00eancia e ao idoso com 65 anos ou mais que n\u00e3o tenham meios de prover a pr\u00f3pria manuten\u00e7\u00e3o nem de t\u00ea-la provida pela fam\u00edlia.<\/li>\n<li><strong>Benef\u00edcios Eventuais:<\/strong> aux\u00edlios tempor\u00e1rios concedidos em situa\u00e7\u00f5es como nascimento, morte, vulnerabilidade, emerg\u00eancia ou calamidade p\u00fablica.<\/li>\n<li><strong>Aux\u00edlio-Inclus\u00e3o:<\/strong> oferece apoio financeiro a pessoas com defici\u00eancia que ingressam no mercado de trabalho.<\/li>\n<li><strong>Programa BPC na Escola: <\/strong>iniciativa intersetorial voltada para garantir o acesso e a perman\u00eancia de crian\u00e7as e adolescentes benefici\u00e1rios do BPC na educa\u00e7\u00e3o b\u00e1sica.<\/li>\n<\/ul>\n<h2>SUAS: Inser\u00e7\u00e3o no mercado de trabalho<\/h2>\n<p>Um dos <strong>debates recorrentes <\/strong>sobre a assist\u00eancia social diz respeito \u00e0 <strong>suposta depend\u00eancia gerada pelos servi\u00e7os e benef\u00edcios ofertados<\/strong>. No entanto, dados do mercado de trabalho formal indicam que a <strong>maioria das novas vagas tem sido ocupada por pessoas registradas no Cad\u00danico<\/strong>.<\/p>\n<p>Entre janeiro e novembro de 2025, 88,2% dos empregos formais gerados no pa\u00eds \u2014 cerca de 1,67 milh\u00e3o de vagas \u2014 foram preenchidos por pessoas inscritas no Cad\u00danico. O levantamento evidencia que o acesso \u00e0 assist\u00eancia social n\u00e3o impede a inser\u00e7\u00e3o no mercado de trabalho. O<strong> MDS destaca<\/strong> ainda <strong>que, ao longo da vida, os usu\u00e1rios transitam entre per\u00edodos de vulnerabilidade e autonomia econ\u00f4mica<\/strong>.<\/p>\n<p>Fernanda Raquel Rodrigues de Abreu, 37 anos, moradora de Gua\u00edba (RS), relata como a assist\u00eancia social pode ir al\u00e9m do acesso a benef\u00edcios e contribuir para a autonomia e a participa\u00e7\u00e3o cidad\u00e3. Com o apoio do CRAS, Fernanda retomou os estudos ap\u00f3s mais de 20 anos, concluiu o ensino m\u00e9dio e hoje se prepara para o Exame Nacional do Ensino M\u00e9dio (<a href=\"https:\/\/enem.inep.gov.br\/participante\/\">Enem<\/a>), com o objetivo de ingressar no curso de Servi\u00e7o Social. \u201cEles me incentivaram a voltar a estudar com o apoio de uma assistente social e me ajudaram a aprender inform\u00e1tica, algo a que eu n\u00e3o tinha acesso, nem computador\u201d, conta.<\/p>\n<p>Para ela,<strong> ampliar o acesso \u00e0 informa\u00e7\u00e3o \u00e9 fundamental para fortalecer o SUAS<\/strong>. \u201cO servi\u00e7o social \u00e9 uma parte muito importante na vida dos usu\u00e1rios. Para mim, foi essencial. Antes eu achava que o CRAS servia apenas para ajudar na parte dos benef\u00edcios. Mas o CRAS tem muito mais a oferecer. Se tivermos mais acesso \u00e0 informa\u00e7\u00e3o, mais pessoas v\u00e3o se interessar em conhecer, porque eles falam sobre direito de autonomia\u201d.<\/p>\n<p><strong>VEJA MAIS:\u00a0<\/strong><\/p>\n<ul>\n<li><a href=\"https:\/\/brasil61.com\/n\/brasil-sem-fome-500-municipios-serao-prioritarios-para-apoio-tecnico-no-combate-a-inseguranca-alimentar-bras2615666\">Brasil Sem Fome: 500 munic\u00edpios ser\u00e3o priorit\u00e1rios para apoio t\u00e9cnico no combate \u00e0 inseguran\u00e7a alimentar<\/a><\/li>\n<li><a href=\"https:\/\/brasil61.com\/n\/municipios-tem-ate-31-de-janeiro-para-aderir-a-estrategia-alimenta-cidades-bras2615618\">Munic\u00edpios t\u00eam at\u00e9 31 de janeiro para aderir \u00e0 Estrat\u00e9gia Alimenta Cidades<\/a><\/li>\n<\/ul>\n<p>\t\t\t\t\t\t\t\t\t<img loading=\"lazy\" decoding=\"async\" src=\"https:\/\/brasil61.com\/api\/v1\/serve_pixel\/17677\/87421\" alt=\"Pixel Brasil 61\" class=\"b61_pixel\" width=\"0\" height=\"0\"><\/p>\n<input type=\"hidden\" id=\"baseurl\" value=\"https:\/\/noticiasdestaque.com.br\"><input type=\"hidden\" id=\"audio_nonce\" value=\"62ca87eee3\">","protected":false},"excerpt":{"rendered":"<p>Qualquer cidad\u00e3o pode procurar o Sistema \u00danico de Assist\u00eancia Social em situa\u00e7\u00f5es de vulnerabilidade ou risco social; o CRAS \u00e9 a principal porta de entrada<\/p>\n","protected":false},"author":1,"featured_media":49635,"comment_status":"open","ping_status":"open","sticky":false,"template":"","format":"standard","meta":{"fifu_image_url":"","fifu_image_alt":"","footnotes":""},"categories":[48],"tags":[],"class_list":["post-49612","post","type-post","status-publish","format-standard","has-post-thumbnail","hentry","category-mundo"],"distributor_meta":false,"distributor_terms":false,"distributor_media":false,"distributor_original_site_name":"Noticias em Destaque","distributor_original_site_url":"https:\/\/noticiasdestaque.com.br","push-errors":false,"_links":{"self":[{"href":"https:\/\/noticiasdestaque.com.br\/index.php\/wp-json\/wp\/v2\/posts\/49612","targetHints":{"allow":["GET"]}}],"collection":[{"href":"https:\/\/noticiasdestaque.com.br\/index.php\/wp-json\/wp\/v2\/posts"}],"about":[{"href":"https:\/\/noticiasdestaque.com.br\/index.php\/wp-json\/wp\/v2\/types\/post"}],"author":[{"embeddable":true,"href":"https:\/\/noticiasdestaque.com.br\/index.php\/wp-json\/wp\/v2\/users\/1"}],"replies":[{"embeddable":true,"href":"https:\/\/noticiasdestaque.com.br\/index.php\/wp-json\/wp\/v2\/comments?post=49612"}],"version-history":[{"count":1,"href":"https:\/\/noticiasdestaque.com.br\/index.php\/wp-json\/wp\/v2\/posts\/49612\/revisions"}],"predecessor-version":[{"id":49634,"href":"https:\/\/noticiasdestaque.com.br\/index.php\/wp-json\/wp\/v2\/posts\/49612\/revisions\/49634"}],"wp:featuredmedia":[{"embeddable":true,"href":"https:\/\/noticiasdestaque.com.br\/index.php\/wp-json\/wp\/v2\/media\/49635"}],"wp:attachment":[{"href":"https:\/\/noticiasdestaque.com.br\/index.php\/wp-json\/wp\/v2\/media?parent=49612"}],"wp:term":[{"taxonomy":"category","embeddable":true,"href":"https:\/\/noticiasdestaque.com.br\/index.php\/wp-json\/wp\/v2\/categories?post=49612"},{"taxonomy":"post_tag","embeddable":true,"href":"https:\/\/noticiasdestaque.com.br\/index.php\/wp-json\/wp\/v2\/tags?post=49612"}],"curies":[{"name":"wp","href":"https:\/\/api.w.org\/{rel}","templated":true}]}}