{"id":4961,"date":"2022-12-26T11:30:38","date_gmt":"2022-12-26T14:30:38","guid":{"rendered":"https:\/\/noticiasdestaque.com.br\/index.php\/2022\/12\/26\/gabinete-de-intervencao-federal-no-rio-e-prorrogado-por-mais-meses\/"},"modified":"2022-12-26T11:30:38","modified_gmt":"2022-12-26T14:30:38","slug":"gabinete-de-intervencao-federal-no-rio-e-prorrogado-por-mais-meses","status":"publish","type":"post","link":"https:\/\/noticiasdestaque.com.br\/index.php\/2022\/12\/26\/gabinete-de-intervencao-federal-no-rio-e-prorrogado-por-mais-meses\/","title":{"rendered":"Gabinete de Interven\u00e7\u00e3o Federal no Rio \u00e9 prorrogado por mais 6 meses"},"content":{"rendered":"<style> bloco.meta {font-style: italic; color: #666;font-weight: 600;font-size: .8em; \/* line-height: .3em; *\/}  text h2 { font-weight: 700 !important;  color: #062f46 !important;} text img { width: none; left: none;}<\/style>\n<\/p>\n<p>O Gabinete de Interven\u00e7\u00e3o Federal no Rio de Janeiro teve seu funcionamento prorrogado por mais seis meses, segundo decreto presidencial publicado na edi\u00e7\u00e3o de <span id=\"OBJ_PREFIX_DWT254_com_zimbra_date\" role=\"link\">hoje<\/span> (23) do <a href=\"https:\/\/in.gov.br\/en\/web\/dou\/-\/decreto-n-11.305-de-22-de-dezembro-de-2022-453121869\" target=\"_blank\" rel=\"noopener\"><em>Di\u00e1rio Oficial da Uni\u00e3o<\/em><\/a>.<\/p>\n<p>A interven\u00e7\u00e3o federal na seguran\u00e7a p\u00fablica do Rio<span id=\"OBJ_PREFIX_DWT255_com_zimbra_date\" role=\"link\"> de Janeiro<\/span> foi decretada em <span id=\"OBJ_PREFIX_DWT256_com_zimbra_date\" role=\"link\">16 de fevereiro<\/span> de 2018, pelo ent\u00e3o presidente da Rep\u00fablica, Michel Temer, a pedido do governo fluminense, com prazo para durar at\u00e9 dezembro daquele ano.<\/p>\n<p>Durante esse per\u00edodo, os \u00f3rg\u00e3os de seguran\u00e7a p\u00fablica estaduais ficaram subordinados ao Gabinete de Interven\u00e7\u00e3o Federal. A justificativa para a interven\u00e7\u00e3o foi o comprometimento da ordem p\u00fablica no estado naquela ocasi\u00e3o.<\/p>\n<p>Mesmo depois do fim da interven\u00e7\u00e3o, encerrada em dezembro de 2018, o Gabinete foi mantido com parte dos cargos, com o objetivo de fazer entregas contratuais. Com a nova prorroga\u00e7\u00e3o, a estrutura, que deixaria de funcionar hoje (23), continuar\u00e1 existindo at\u00e9 30 de junho de 2023.<\/p>\n<p>\u201cO ato assinado pelo presidente Jair Bolsonaro prorroga o prazo para encerramento das atividades do Gabinete de Interven\u00e7\u00e3o Federal no Estado do Rio<span id=\"OBJ_PREFIX_DWT260_com_zimbra_date\" role=\"link\"> de Janeiro<\/span>, para que possam ser conclu\u00eddas entregas contratuais. Com a medida, o governo espera viabilizar a conclus\u00e3o dos trabalhos do gabinete&#8221;, informa nota divulgada pela Secretaria-Geral da Presid\u00eancia da Rep\u00fablica.<\/p>\n<p>            <!-- blog End --><\/p>\n<p>            <!-- tag and share --><\/p>\n<p> Fonte: EBC <\/p>\n<input type=\"hidden\" id=\"baseurl\" value=\"https:\/\/noticiasdestaque.com.br\"><input type=\"hidden\" id=\"audio_nonce\" value=\"62ca87eee3\">","protected":false},"excerpt":{"rendered":"<p>Decreto est\u00e1 no Di\u00e1rio Oficial da Uni\u00e3o de hoje<\/p>\n","protected":false},"author":1,"featured_media":4962,"comment_status":"open","ping_status":"open","sticky":false,"template":"","format":"standard","meta":{"fifu_image_url":"","fifu_image_alt":"","footnotes":""},"categories":[48],"tags":[],"class_list":["post-4961","post","type-post","status-publish","format-standard","has-post-thumbnail","hentry","category-mundo"],"distributor_meta":false,"distributor_terms":false,"distributor_media":false,"distributor_original_site_name":"Portal de Recupera\u00e7\u00e3o","distributor_original_site_url":"https:\/\/portalderecuperacao.com","push-errors":false,"_links":{"self":[{"href":"https:\/\/noticiasdestaque.com.br\/index.php\/wp-json\/wp\/v2\/posts\/4961","targetHints":{"allow":["GET"]}}],"collection":[{"href":"https:\/\/noticiasdestaque.com.br\/index.php\/wp-json\/wp\/v2\/posts"}],"about":[{"href":"https:\/\/noticiasdestaque.com.br\/index.php\/wp-json\/wp\/v2\/types\/post"}],"author":[{"embeddable":true,"href":"https:\/\/noticiasdestaque.com.br\/index.php\/wp-json\/wp\/v2\/users\/1"}],"replies":[{"embeddable":true,"href":"https:\/\/noticiasdestaque.com.br\/index.php\/wp-json\/wp\/v2\/comments?post=4961"}],"version-history":[{"count":0,"href":"https:\/\/noticiasdestaque.com.br\/index.php\/wp-json\/wp\/v2\/posts\/4961\/revisions"}],"wp:featuredmedia":[{"embeddable":true,"href":"https:\/\/noticiasdestaque.com.br\/index.php\/wp-json\/wp\/v2\/media\/4962"}],"wp:attachment":[{"href":"https:\/\/noticiasdestaque.com.br\/index.php\/wp-json\/wp\/v2\/media?parent=4961"}],"wp:term":[{"taxonomy":"category","embeddable":true,"href":"https:\/\/noticiasdestaque.com.br\/index.php\/wp-json\/wp\/v2\/categories?post=4961"},{"taxonomy":"post_tag","embeddable":true,"href":"https:\/\/noticiasdestaque.com.br\/index.php\/wp-json\/wp\/v2\/tags?post=4961"}],"curies":[{"name":"wp","href":"https:\/\/api.w.org\/{rel}","templated":true}]}}