{"id":49606,"date":"2026-01-30T04:30:00","date_gmt":"2026-01-30T07:30:00","guid":{"rendered":"https:\/\/noticiasdestaque.com.br\/index.php\/2026\/01\/30\/sarampo-e-febre-amarela-governo-paulista-reforca-vacinacao-em-areas-da-grande-sao-paulo-baixada-santista-e-campinas\/"},"modified":"2026-01-30T07:11:16","modified_gmt":"2026-01-30T10:11:16","slug":"sarampo-e-febre-amarela-governo-paulista-reforca-vacinacao-em-areas-da-grande-sao-paulo-baixada-santista-e-campinas","status":"publish","type":"post","link":"https:\/\/noticiasdestaque.com.br\/index.php\/2026\/01\/30\/sarampo-e-febre-amarela-governo-paulista-reforca-vacinacao-em-areas-da-grande-sao-paulo-baixada-santista-e-campinas\/","title":{"rendered":"Sarampo e febre amarela: refor\u00e7ada vacina\u00e7\u00e3o em \u00e1reas da Grande S\u00e3o Paulo, Baixada Santista e Campinas"},"content":{"rendered":"<p>\t\t\t\t\t\t\t\t\t\t<audio controls class=\"b61_audio_player\" data-noticia=\"87401\" src=\"https:\/\/brasil61.com\/rails\/active_storage\/blobs\/eyJfcmFpbHMiOnsibWVzc2FnZSI6IkJBaHBBemZ0QXc9PSIsImV4cCI6bnVsbCwicHVyIjoiYmxvYl9pZCJ9fQ==--79bc873879d74f489511e9ca48ace5e6fbf544a1\/BRAS2615715A\"><\/audio><\/p>\n<p>Entre os dias 2 e 8 de fevereiro, a <a href=\"https:\/\/saude.sp.gov.br\/\" target=\"_blank\">Secretaria de Estado da Sa\u00fade de S\u00e3o Paulo (SES-SP)<\/a> vai intensificar \u00a0a <strong>vacina\u00e7\u00e3o contra o sarampo e a febre amarela nas regi\u00f5es da Grande S\u00e3o Paulo, Baixada Santista e Regi\u00e3o Metropolitana de Campinas. <\/strong>A estrat\u00e9gia vai priorizar a aplica\u00e7\u00e3o da vacina tr\u00edplice viral, que inclu<strong>i sarampo, caxumba e rub\u00e9ola \u2013 entre crian\u00e7as, jovens, adultos n\u00e3o vacinados e profissionais de sa\u00fade.<\/strong><\/p>\n<p>J\u00e1 a aplica\u00e7\u00e3o da vacina contra a <strong>febre amarela<\/strong> deve respeitar os esquemas e intervalos recomendados para cada faixa et\u00e1ria e pessoas vacinadas com dose fracionada em 2018, durante campanhas emergenciais.<\/p>\n<p>O <strong>Dia D de vacina\u00e7\u00e3o ser\u00e1 no\u00a0dia\u00a07 ou 8 de fevereiro. A medida ter\u00e1 como foco a amplia\u00e7\u00e3o da cobertura vacinal e a atualiza\u00e7\u00e3o da caderneta da popula\u00e7\u00e3o.<\/strong><\/p>\n<p>Em nota publicada pela <a href=\"https:\/\/www.agenciasp.sp.gov.br\/\" target=\"_blank\">Ag\u00eancia de Not\u00edcias do Governo do estado de SP<\/a>, a coordenadora em Sa\u00fade da Coordenadoria de Controle de Doen\u00e7as da SES-SP, Regiane de Paula, destacou que a intensifica\u00e7\u00e3o da vacina\u00e7\u00e3o \u00e9 essencial para proteger a popula\u00e7\u00e3o e evitar a reintrodu\u00e7\u00e3o de doen\u00e7as controladas no pa\u00eds.\u00a0<\/p>\n<p><strong>A SES-SP afirmou, em nota, que manter a caderneta de vacina\u00e7\u00e3o atualizada \u00e9 fundamental para a prote\u00e7\u00e3o individual e coletiva, al\u00e9m de contribuir para a redu\u00e7\u00e3o do risco de surtos e epidemias. \u201cA imuniza\u00e7\u00e3o tamb\u00e9m protege pessoas que n\u00e3o podem receber vacinas, como indiv\u00edduos imunocomprometidos ou com contraindica\u00e7\u00f5es cl\u00ednicas\u201d, diz um trecho da nota.<\/strong><\/p>\n<h2>Munic\u00edpios contemplados<\/h2>\n<p>O munic\u00edpio de S\u00e3o Paulo iniciou a estrat\u00e9gia de vacina\u00e7\u00e3o em 12 de janeiro. As outras localidades devem iniciar entre os dias 2 e 8 de fevereiro.<\/p>\n<p><strong>Confira os munic\u00edpios contemplados com o refor\u00e7o da vacina\u00e7\u00e3o nas regi\u00f5es paulistas:<\/strong><\/p>\n<ul>\n<li><strong>Regi\u00e3o Metropolitana de S\u00e3o Paulo: <\/strong>Barueri, Carapicu\u00edba, Itapevi, Jandira, Osasco, Pirapora do Bom Jesus, Santana de Parna\u00edba, Cotia, Embu das Artes, Embu-Gua\u00e7u, Itapecerica da Serra, Juquitiba, S\u00e3o Louren\u00e7o da Serra, Tabo\u00e3o da Serra, Vargem Grande Paulista, Caieiras, Cajamar, Francisco Morato, Franco da Rocha, Mairipor\u00e3, Aruj\u00e1, Biritiba Mirim, Ferraz de Vasconcelos, Guararema, Guarulhos, Itaquaquecetuba, Mogi das Cruzes, Po\u00e1, Sales\u00f3polis, Santa Isabel, Suzano, Diadema, Mau\u00e1, Ribeir\u00e3o Pires, Rio Grande da Serra, Santo Andr\u00e9, S\u00e3o Bernardo do Campo e S\u00e3o Caetano do Sul.\u00a0<\/li>\n<li><strong>Regi\u00e3o Metropolitana de Campinas:<\/strong> Americana, Artur Nogueira, Campinas, Cosm\u00f3polis, Holambra, Hortol\u00e2ndia, Indaiatuba, Itatiba, Jaguari\u00fana, Monte Mor, Morungaba, Nova Odessa, Paul\u00ednia, Pedreira, Santa B\u00e1rbara d\u2019Oeste, Santo Ant\u00f4nio de Posse, Sumar\u00e9, Valinhos e Vinhedo.<\/li>\n<li><strong>Baixada Santista:<\/strong> Bertioga, Cubat\u00e3o, Guaruj\u00e1, Itanha\u00e9m, Mongagu\u00e1, Peru\u00edbe, Praia Grande, Santos e S\u00e3o Vicente.<\/li>\n<\/ul>\n<h2>Indica\u00e7\u00e3o da vacina contra o sarampo<\/h2>\n<p>O <a href=\"https:\/\/www.gov.br\/saude\/pt-br\/assuntos\/saude-de-a-a-z\/s\/sarampo\" target=\"_blank\">sarampo <\/a>\u00e9 uma doen\u00e7a infecciosa altamente contagiosa. Segundo o Minist\u00e9rio da Sa\u00fade, a doen\u00e7a \u00e9 um desafio para a sa\u00fade p\u00fablica, especialmente em regi\u00f5es com baixas taxas de imuniza\u00e7\u00e3o. Ou seja, o sarampo \u00e9 preven\u00edvel por vacina\u00e7\u00e3o e a imuniza\u00e7\u00e3o contra a doen\u00e7a integra o Calend\u00e1rio Nacional de Vacina\u00e7\u00e3o.<\/p>\n<p><strong>Confira quem deve se vacinar contra sarampo:<\/strong><\/p>\n<ul>\n<li>Crian\u00e7as: A primeira dose deve ser aplicada aos 12 meses (tr\u00edplice viral \u2013 sarampo, caxumba e rub\u00e9ola) e a segunda aos 15 meses (tetra viral\u2013 sarampo, caxumba, rub\u00e9ola e varicela);<\/li>\n<li>Pessoas de 5 at\u00e9 29 anos devem tomar duas doses da vacina com intervalo m\u00ednimo de 30 dias entre as doses. Quem comprovar 2 doses da vacina tr\u00edplice viral ser\u00e1 considerada vacinada;<\/li>\n<li>Pessoas de 30 a 59 anos de idade devem tomar uma dose da vacina. Quem comprovar 1 dose da tr\u00edplice viral ser\u00e1 considerada vacinada;<\/li>\n<li>Trabalhadores da sa\u00fade: Devem receber 2 doses de tr\u00edplice viral. Considerar vacinado o trabalhador da sa\u00fade que comprovar 2 doses da tr\u00edplice viral.<\/li>\n<\/ul>\n<p><strong>Os sintomas de sarampo podem ser identificados a partir de manchas vermelha no corpo e febre alta (acima de 38,5\u00b0) acompanhada de um ou mais dos seguintes sintomas:<\/strong><\/p>\n<ul>\n<li>Tosse seca;<\/li>\n<li>Irrita\u00e7\u00e3o nos olhos (conjuntivite);<\/li>\n<li>Nariz escorrendo ou entupido.<\/li>\n<li>Saiba como identificar os sintomas de febre amarela:<\/li>\n<li>In\u00edcio s\u00fabito de febre;<\/li>\n<li>Calafrios;<\/li>\n<li>Dor de cabe\u00e7a intensa;<\/li>\n<li>Dores musculares;<\/li>\n<li>Dores no corpo em geral;<\/li>\n<li>N\u00e1useas e v\u00f4mitos;<\/li>\n<li>Fadiga;<\/li>\n<li>Fraqueza.<\/li>\n<\/ul>\n<h2>Febre amarela<\/h2>\n<p>A febre amarela \u00e9 uma doen\u00e7a infecciosa febril aguda e imunopreven\u00edvel. A evolu\u00e7\u00e3o do quadro \u00e9 abrupta e possui gravidade vari\u00e1vel, com elevada letalidade nas formas graves.<\/p>\n<p><strong>Confira quem deve se vacinar contra a febre amarela:<\/strong><\/p>\n<ul>\n<li>Os vacinadas com dose fracionada em 2018, durante campanhas emergenciais;<\/li>\n<li>Crian\u00e7as: uma dose \u00e9 recomendada aos 9 meses de idade e um refor\u00e7o aos 4 anos;<\/li>\n<li>Quem recebeu apenas uma dose antes dos 5 anos deve tomar uma dose de refor\u00e7o;<\/li>\n<li>Faixa et\u00e1ria 5 a 59 anos que ainda n\u00e3o foram vacinadas: devem receber uma dose \u00fanica.<\/li>\n<\/ul>\n<h2>Casos em SP<\/h2>\n<p><strong>Em 2025, o estado de S\u00e3o Paulo registrou dois casos importados de sarampo. J\u00e1 em rela\u00e7\u00e3o \u00e0 febre amarela, em 2025 foram confirmados 57 casos no estado, com 34 \u00f3bitos.<\/strong><\/p>\n<p>\n\u00a0<\/p>\n<p>\t\t\t\t\t\t\t\t\t<img loading=\"lazy\" decoding=\"async\" src=\"https:\/\/brasil61.com\/api\/v1\/serve_pixel\/17677\/87401\" alt=\"Pixel Brasil 61\" class=\"b61_pixel\" width=\"0\" height=\"0\"><\/p>\n<input type=\"hidden\" id=\"baseurl\" value=\"https:\/\/noticiasdestaque.com.br\"><input type=\"hidden\" id=\"audio_nonce\" value=\"62ca87eee3\">","protected":false},"excerpt":{"rendered":"<p>Iniciativa prioriza crian\u00e7as, adultos n\u00e3o vacinados e profissionais de sa\u00fade<\/p>\n","protected":false},"author":1,"featured_media":49623,"comment_status":"open","ping_status":"open","sticky":false,"template":"","format":"standard","meta":{"fifu_image_url":"","fifu_image_alt":"","footnotes":""},"categories":[51],"tags":[],"class_list":["post-49606","post","type-post","status-publish","format-standard","has-post-thumbnail","hentry","category-saude"],"distributor_meta":false,"distributor_terms":false,"distributor_media":false,"distributor_original_site_name":"Noticias em Destaque","distributor_original_site_url":"https:\/\/noticiasdestaque.com.br","push-errors":false,"_links":{"self":[{"href":"https:\/\/noticiasdestaque.com.br\/index.php\/wp-json\/wp\/v2\/posts\/49606","targetHints":{"allow":["GET"]}}],"collection":[{"href":"https:\/\/noticiasdestaque.com.br\/index.php\/wp-json\/wp\/v2\/posts"}],"about":[{"href":"https:\/\/noticiasdestaque.com.br\/index.php\/wp-json\/wp\/v2\/types\/post"}],"author":[{"embeddable":true,"href":"https:\/\/noticiasdestaque.com.br\/index.php\/wp-json\/wp\/v2\/users\/1"}],"replies":[{"embeddable":true,"href":"https:\/\/noticiasdestaque.com.br\/index.php\/wp-json\/wp\/v2\/comments?post=49606"}],"version-history":[{"count":1,"href":"https:\/\/noticiasdestaque.com.br\/index.php\/wp-json\/wp\/v2\/posts\/49606\/revisions"}],"predecessor-version":[{"id":49622,"href":"https:\/\/noticiasdestaque.com.br\/index.php\/wp-json\/wp\/v2\/posts\/49606\/revisions\/49622"}],"wp:featuredmedia":[{"embeddable":true,"href":"https:\/\/noticiasdestaque.com.br\/index.php\/wp-json\/wp\/v2\/media\/49623"}],"wp:attachment":[{"href":"https:\/\/noticiasdestaque.com.br\/index.php\/wp-json\/wp\/v2\/media?parent=49606"}],"wp:term":[{"taxonomy":"category","embeddable":true,"href":"https:\/\/noticiasdestaque.com.br\/index.php\/wp-json\/wp\/v2\/categories?post=49606"},{"taxonomy":"post_tag","embeddable":true,"href":"https:\/\/noticiasdestaque.com.br\/index.php\/wp-json\/wp\/v2\/tags?post=49606"}],"curies":[{"name":"wp","href":"https:\/\/api.w.org\/{rel}","templated":true}]}}