{"id":49594,"date":"2026-01-29T18:55:00","date_gmt":"2026-01-29T21:55:00","guid":{"rendered":"https:\/\/noticiasdestaque.com.br\/index.php\/2026\/01\/29\/familias-de-minas-gerais-podem-agendar-a-instalacao-de-antenas-parabolicas\/"},"modified":"2026-01-29T18:55:00","modified_gmt":"2026-01-29T21:55:00","slug":"familias-de-minas-gerais-podem-agendar-a-instalacao-de-antenas-parabolicas","status":"publish","type":"post","link":"https:\/\/noticiasdestaque.com.br\/index.php\/2026\/01\/29\/familias-de-minas-gerais-podem-agendar-a-instalacao-de-antenas-parabolicas\/","title":{"rendered":"Fam\u00edlias de Minas Gerais podem agendar a instala\u00e7\u00e3o de antenas parab\u00f3licas"},"content":{"rendered":"<p>\t\t\t\t\t\t\t\t\t\t\t<audio controls class=\"b61_audio_player\" data-noticia=\"87393\" src=\"https:\/\/brasil61.com\/rails\/active_storage\/blobs\/eyJfcmFpbHMiOnsibWVzc2FnZSI6IkJBaHBBeW50QXc9PSIsImV4cCI6bnVsbCwicHVyIjoiYmxvYl9pZCJ9fQ==--85da105cf16adc60e93f2c108220151a80c0de8c\/MCOM260276A\"><\/audio><\/p>\n<p>O programa <strong>Brasil Antenado<\/strong> \u2013 iniciativa do <a href=\"https:\/\/www.gov.br\/mcom\/pt-br\" target=\"_blank\">Minist\u00e9rio das Comunica\u00e7\u00f5es<\/a> e da <strong>Anatel<\/strong> com a execu\u00e7\u00e3o pela <strong>Entidade Administradora da Faixa<\/strong> (<a href=\"https:\/\/eaf.org.br\/\" target=\"_blank\">EAF<\/a>) \u2013\u00a0 proporciona a <strong>amplia\u00e7\u00e3o do alcance da televis\u00e3o aberta e gratuita em todo pa\u00eds<\/strong>, principalmente em regi\u00f5es em que o sinal \u00e9 insuficiente ou inexistente. A a\u00e7\u00e3o agora atender\u00e1 fam\u00edlias de <strong>Minas Gerais<\/strong>, que podem agendar o atendimento <strong>at\u00e9 o dia 13 de junho de 2026<\/strong>.<\/p>\n<p>Voltado \u00e0s <strong>fam\u00edlias inscritas no Cad\u00danico dos 30 munic\u00edpios contemplados<\/strong>, o programa inclui o <strong>fornecimento e instala\u00e7\u00e3o gratuita da antena parab\u00f3lica digital<\/strong>. O kit funciona mesmo em televisores antigos, o que facilita a ades\u00e3o em comunidades rurais e de baixa renda.\u00a0<\/p>\n<p>Entre os munic\u00edpios contemplados est\u00e3o:<\/p>\n<ul>\n<li>\u00c1guas Vermelhas<\/li>\n<li>Angel\u00e2ndia<\/li>\n<li>Aricanduva<\/li>\n<li>Cachoeira de Paje\u00fa<\/li>\n<li>Catuji<\/li>\n<li>Chapada Ga\u00facha<\/li>\n<li>Couto de Magalh\u00e3es de Minas<\/li>\n<li>Francisc\u00f3polis<\/li>\n<li>Goiabeira<\/li>\n<li>Gr\u00e3o Mogol<\/li>\n<li>Indaiabira<\/li>\n<li>Medina<\/li>\n<li>Mirav\u00e2nia<\/li>\n<li>Monte Formoso<\/li>\n<li>Ninheira<\/li>\n<li>Nova Bel\u00e9m<\/li>\n<li>Novo Oriente de Minas<\/li>\n<li>Padre Carvalho<\/li>\n<li>Palm\u00f3polis<\/li>\n<li>Ponto dos Volantes<\/li>\n<li>Riacho dos Machados<\/li>\n<li>Santa Cruz de Salinas<\/li>\n<li>Santa F\u00e9 de Minas<\/li>\n<li>Santa Rita de Jacutinga<\/li>\n<li>Santa Rita do Itueto<\/li>\n<li>S\u00e3o Jo\u00e3o das Miss\u00f5es<\/li>\n<li>Serran\u00f3polis de Minas<\/li>\n<li>Setubinha<\/li>\n<li>Uruana de Minas<\/li>\n<li>Vargem Grande do Rio Pardo<\/li>\n<\/ul>\n<p>\u201cA iniciativa garante que moradores de Minas Gerais que antes n\u00e3o tinham acesso \u00e0 TV digital passem a contar, de forma gratuita, com cultura, entretenimento e informa\u00e7\u00e3o de qualidade, com mais de 100 canais dispon\u00edveis. \u00c9 uma pol\u00edtica p\u00fablica que beneficia diretamente brasileiros e brasileiras em cidades onde h\u00e1 pouca ou nenhuma oferta de sinal de TV terrestre\u201d, afirmou o ministro das Comunica\u00e7\u00f5es, Frederico de Siqueira Filho.<\/p>\n<h2>Brasil Antenado<\/h2>\n<p>Viabilizado pela <a href=\"https:\/\/www.in.gov.br\/web\/dou\/-\/portaria-mcom-n-17.337-de-4-de-abril-de-2025-622237301\" target=\"_blank\">Portaria MCom n\u00ba 17.337<\/a>, a a\u00e7\u00e3o busca assegurar o <strong>acesso \u00e0 informa\u00e7\u00e3o como direito fundamental<\/strong>, reduzindo desigualdades e integrando regi\u00f5es historicamente desconectadas. O programa:<\/p>\n<ul>\n<li>Amplia o acesso \u00e0 informa\u00e7\u00e3o, ao jornalismo e ao entretenimento;<\/li>\n<li>Promove inclus\u00e3o digital em \u00e1reas rurais e aumenta o consumo cultural.<\/li>\n<li>Democratiza a comunica\u00e7\u00e3o e reduz desigualdades informacionais entre regi\u00f5es.<\/li>\n<li>\u00c9 compat\u00edvel com televisores antigos ou novos.<\/li>\n<li>Tem agendamento via <a href=\"http:\/\/brasilantenado.org.br\" target=\"_blank\">site<\/a> ou telefone\/WhatsApp <a href=\"tel:0800 729 2404\">0800 729 2404<\/a>.<\/li>\n<\/ul>\n<h2>Sobre o EAF<\/h2>\n<p>A Entidade Administradora da Faixa (EAF), institui\u00e7\u00e3o sem fins lucrativos vinculada \u00e0 Anatel e ao Minist\u00e9rio das Comunica\u00e7\u00f5es, \u00e9 respons\u00e1vel pela limpeza da faixa de 3,5 GHz \u2013 essencial ao 5G \u2013, pela execu\u00e7\u00e3o dos programas Siga Antenado e Brasil Antenado, pela implanta\u00e7\u00e3o de infovias na Amaz\u00f4nia e pelo desenvolvimento de redes privativas de comunica\u00e7\u00e3o para o Governo Federal.<\/p>\n<p>\u00a0<\/p>\n<p>\u00a0<\/p>\n<p>\t\t\t\t\t\t\t\t\t\t<img loading=\"lazy\" decoding=\"async\" src=\"https:\/\/brasil61.com\/api\/v1\/serve_pixel\/17677\/87393\" alt=\"Pixel Brasil 61\" class=\"b61_pixel\" width=\"0\" height=\"0\"><\/p>\n<input type=\"hidden\" id=\"baseurl\" value=\"https:\/\/noticiasdestaque.com.br\"><input type=\"hidden\" id=\"audio_nonce\" value=\"9fd43fe80e\">","protected":false},"excerpt":{"rendered":"<p>Programa Brasil Antenado aumenta o alcance de sinal terrestre em 30 munic\u00edpios do estado <\/p>\n","protected":false},"author":1,"featured_media":49595,"comment_status":"open","ping_status":"open","sticky":false,"template":"","format":"standard","meta":{"fifu_image_url":"","fifu_image_alt":"","footnotes":""},"categories":[48],"tags":[],"class_list":["post-49594","post","type-post","status-publish","format-standard","has-post-thumbnail","hentry","category-mundo"],"distributor_meta":false,"distributor_terms":false,"distributor_media":false,"distributor_original_site_name":"Noticias em Destaque","distributor_original_site_url":"https:\/\/noticiasdestaque.com.br","push-errors":false,"_links":{"self":[{"href":"https:\/\/noticiasdestaque.com.br\/index.php\/wp-json\/wp\/v2\/posts\/49594","targetHints":{"allow":["GET"]}}],"collection":[{"href":"https:\/\/noticiasdestaque.com.br\/index.php\/wp-json\/wp\/v2\/posts"}],"about":[{"href":"https:\/\/noticiasdestaque.com.br\/index.php\/wp-json\/wp\/v2\/types\/post"}],"author":[{"embeddable":true,"href":"https:\/\/noticiasdestaque.com.br\/index.php\/wp-json\/wp\/v2\/users\/1"}],"replies":[{"embeddable":true,"href":"https:\/\/noticiasdestaque.com.br\/index.php\/wp-json\/wp\/v2\/comments?post=49594"}],"version-history":[{"count":0,"href":"https:\/\/noticiasdestaque.com.br\/index.php\/wp-json\/wp\/v2\/posts\/49594\/revisions"}],"wp:featuredmedia":[{"embeddable":true,"href":"https:\/\/noticiasdestaque.com.br\/index.php\/wp-json\/wp\/v2\/media\/49595"}],"wp:attachment":[{"href":"https:\/\/noticiasdestaque.com.br\/index.php\/wp-json\/wp\/v2\/media?parent=49594"}],"wp:term":[{"taxonomy":"category","embeddable":true,"href":"https:\/\/noticiasdestaque.com.br\/index.php\/wp-json\/wp\/v2\/categories?post=49594"},{"taxonomy":"post_tag","embeddable":true,"href":"https:\/\/noticiasdestaque.com.br\/index.php\/wp-json\/wp\/v2\/tags?post=49594"}],"curies":[{"name":"wp","href":"https:\/\/api.w.org\/{rel}","templated":true}]}}