{"id":49592,"date":"2026-01-29T18:50:00","date_gmt":"2026-01-29T21:50:00","guid":{"rendered":"https:\/\/noticiasdestaque.com.br\/index.php\/2026\/01\/29\/familias-de-mato-grosso-do-sul-podem-agendar-a-instalacao-de-antenas-parabolicas\/"},"modified":"2026-01-29T18:50:00","modified_gmt":"2026-01-29T21:50:00","slug":"familias-de-mato-grosso-do-sul-podem-agendar-a-instalacao-de-antenas-parabolicas","status":"publish","type":"post","link":"https:\/\/noticiasdestaque.com.br\/index.php\/2026\/01\/29\/familias-de-mato-grosso-do-sul-podem-agendar-a-instalacao-de-antenas-parabolicas\/","title":{"rendered":"Fam\u00edlias de Mato Grosso do Sul podem agendar a instala\u00e7\u00e3o de antenas parab\u00f3licas"},"content":{"rendered":"<p>\t\t\t\t\t\t\t\t\t\t\t<audio controls class=\"b61_audio_player\" data-noticia=\"87392\" src=\"https:\/\/brasil61.com\/rails\/active_storage\/blobs\/eyJfcmFpbHMiOnsibWVzc2FnZSI6IkJBaHBBeWp0QXc9PSIsImV4cCI6bnVsbCwicHVyIjoiYmxvYl9pZCJ9fQ==--23d411d089a6fdecadde244945410d66665ef58f\/MCOM260275A\"><\/audio><\/p>\n<p>O programa <strong>Brasil Antenado<\/strong> \u2013 iniciativa do <a href=\"https:\/\/www.gov.br\/mcom\/pt-br\" target=\"_blank\">Minist\u00e9rio das Comunica\u00e7\u00f5es<\/a> e da <strong>Anatel<\/strong> com a execu\u00e7\u00e3o pela <strong>Entidade Administradora da Faixa<\/strong> (<a href=\"https:\/\/eaf.org.br\/\" target=\"_blank\">EAF<\/a>) \u2013\u00a0 proporciona a <strong>amplia\u00e7\u00e3o do alcance da televis\u00e3o aberta e gratuita em todo pa\u00eds<\/strong>, principalmente em regi\u00f5es em que o sinal \u00e9 insuficiente ou inexistente. A a\u00e7\u00e3o agora atender\u00e1 fam\u00edlias de <strong>Mato Grosso do Sul<\/strong>, que podem agendar o atendimento <strong>at\u00e9 o dia 13 de junho de 2026<\/strong>.<\/p>\n<p>Voltado \u00e0s <strong>fam\u00edlias inscritas no Cad\u00danico dos 4 munic\u00edpios contemplados<\/strong>, o programa inclui o <strong>fornecimento e instala\u00e7\u00e3o gratuita da antena parab\u00f3lica digital<\/strong>. O kit funciona mesmo em televisores antigos, o que facilita a ades\u00e3o em comunidades rurais e de baixa renda.\u00a0<\/p>\n<p>Entre os munic\u00edpios contemplados est\u00e3o:<\/p>\n<ul>\n<li>Alcin\u00f3polis<\/li>\n<li>Coronel Sapucaia<\/li>\n<li>Figueir\u00e3o<\/li>\n<li>Para\u00edso das \u00c1guas<\/li>\n<\/ul>\n<p>\u201cA iniciativa garante que moradores de Mato Grosso do Sul que antes n\u00e3o tinham acesso \u00e0 TV digital passem a contar, de forma gratuita, com cultura, entretenimento e informa\u00e7\u00e3o de qualidade, com mais de 100 canais dispon\u00edveis. \u00c9 uma pol\u00edtica p\u00fablica que beneficia diretamente brasileiros e brasileiras em cidades onde h\u00e1 pouca ou nenhuma oferta de sinal de TV terrestre\u201d, afirmou o ministro das Comunica\u00e7\u00f5es, Frederico de Siqueira Filho.<\/p>\n<h2>Brasil Antenado<\/h2>\n<p>Viabilizado pela <a href=\"https:\/\/www.in.gov.br\/web\/dou\/-\/portaria-mcom-n-17.337-de-4-de-abril-de-2025-622237301\" target=\"_blank\">Portaria MCom n\u00ba 17.337<\/a>, a a\u00e7\u00e3o busca assegurar o <strong>acesso \u00e0 informa\u00e7\u00e3o como direito fundamental<\/strong>, reduzindo desigualdades e integrando regi\u00f5es historicamente desconectadas. O programa:<\/p>\n<ul>\n<li>Amplia o acesso \u00e0 informa\u00e7\u00e3o, ao jornalismo e ao entretenimento;<\/li>\n<li>Promove inclus\u00e3o digital em \u00e1reas rurais e aumenta o consumo cultural.<\/li>\n<li>Democratiza a comunica\u00e7\u00e3o e reduz desigualdades informacionais entre regi\u00f5es.<\/li>\n<li>\u00c9 compat\u00edvel com televisores antigos ou novos.<\/li>\n<li>Tem agendamento via <a href=\"http:\/\/brasilantenado.org.br\" target=\"_blank\">site<\/a> ou telefone\/WhatsApp <a href=\"tel:0800 729 2404\">0800 729 2404<\/a>.<\/li>\n<\/ul>\n<h2>Sobre o EAF<\/h2>\n<p>A Entidade Administradora da Faixa (EAF), institui\u00e7\u00e3o sem fins lucrativos vinculada \u00e0 Anatel e ao Minist\u00e9rio das Comunica\u00e7\u00f5es, \u00e9 respons\u00e1vel pela limpeza da faixa de 3,5 GHz \u2013 essencial ao 5G \u2013, pela execu\u00e7\u00e3o dos programas Siga Antenado e Brasil Antenado, pela implanta\u00e7\u00e3o de infovias na Amaz\u00f4nia e pelo desenvolvimento de redes privativas de comunica\u00e7\u00e3o para o Governo Federal.<\/p>\n<p>\u00a0<\/p>\n<p>\u00a0<\/p>\n<p>\t\t\t\t\t\t\t\t\t\t<img loading=\"lazy\" decoding=\"async\" src=\"https:\/\/brasil61.com\/api\/v1\/serve_pixel\/17677\/87392\" alt=\"Pixel Brasil 61\" class=\"b61_pixel\" width=\"0\" height=\"0\"><\/p>\n<input type=\"hidden\" id=\"baseurl\" value=\"https:\/\/noticiasdestaque.com.br\"><input type=\"hidden\" id=\"audio_nonce\" value=\"9fd43fe80e\">","protected":false},"excerpt":{"rendered":"<p>Programa Brasil Antenado aumenta o alcance de sinal terrestre em 4 munic\u00edpios do estado <\/p>\n","protected":false},"author":1,"featured_media":49593,"comment_status":"open","ping_status":"open","sticky":false,"template":"","format":"standard","meta":{"fifu_image_url":"","fifu_image_alt":"","footnotes":""},"categories":[48],"tags":[],"class_list":["post-49592","post","type-post","status-publish","format-standard","has-post-thumbnail","hentry","category-mundo"],"distributor_meta":false,"distributor_terms":false,"distributor_media":false,"distributor_original_site_name":"Noticias em Destaque","distributor_original_site_url":"https:\/\/noticiasdestaque.com.br","push-errors":false,"_links":{"self":[{"href":"https:\/\/noticiasdestaque.com.br\/index.php\/wp-json\/wp\/v2\/posts\/49592","targetHints":{"allow":["GET"]}}],"collection":[{"href":"https:\/\/noticiasdestaque.com.br\/index.php\/wp-json\/wp\/v2\/posts"}],"about":[{"href":"https:\/\/noticiasdestaque.com.br\/index.php\/wp-json\/wp\/v2\/types\/post"}],"author":[{"embeddable":true,"href":"https:\/\/noticiasdestaque.com.br\/index.php\/wp-json\/wp\/v2\/users\/1"}],"replies":[{"embeddable":true,"href":"https:\/\/noticiasdestaque.com.br\/index.php\/wp-json\/wp\/v2\/comments?post=49592"}],"version-history":[{"count":0,"href":"https:\/\/noticiasdestaque.com.br\/index.php\/wp-json\/wp\/v2\/posts\/49592\/revisions"}],"wp:featuredmedia":[{"embeddable":true,"href":"https:\/\/noticiasdestaque.com.br\/index.php\/wp-json\/wp\/v2\/media\/49593"}],"wp:attachment":[{"href":"https:\/\/noticiasdestaque.com.br\/index.php\/wp-json\/wp\/v2\/media?parent=49592"}],"wp:term":[{"taxonomy":"category","embeddable":true,"href":"https:\/\/noticiasdestaque.com.br\/index.php\/wp-json\/wp\/v2\/categories?post=49592"},{"taxonomy":"post_tag","embeddable":true,"href":"https:\/\/noticiasdestaque.com.br\/index.php\/wp-json\/wp\/v2\/tags?post=49592"}],"curies":[{"name":"wp","href":"https:\/\/api.w.org\/{rel}","templated":true}]}}