{"id":49590,"date":"2026-01-29T18:40:00","date_gmt":"2026-01-29T21:40:00","guid":{"rendered":"https:\/\/noticiasdestaque.com.br\/index.php\/2026\/01\/29\/previsao-do-tempo-chuva-e-risco-de-granizo-marcam-a-sexta-feira-30-no-sul\/"},"modified":"2026-01-29T18:40:00","modified_gmt":"2026-01-29T21:40:00","slug":"previsao-do-tempo-chuva-e-risco-de-granizo-marcam-a-sexta-feira-30-no-sul","status":"publish","type":"post","link":"https:\/\/noticiasdestaque.com.br\/index.php\/2026\/01\/29\/previsao-do-tempo-chuva-e-risco-de-granizo-marcam-a-sexta-feira-30-no-sul\/","title":{"rendered":"PREVIS\u00c3O DO TEMPO: Chuva e risco de granizo marcam a sexta-feira (30) no Sul"},"content":{"rendered":"<p>\t\t\t\t\t\t\t\t\t\t\t<audio controls class=\"b61_audio_player\" data-noticia=\"87399\" src=\"https:\/\/brasil61.com\/rails\/active_storage\/blobs\/eyJfcmFpbHMiOnsibWVzc2FnZSI6IkJBaHBBeUh0QXc9PSIsImV4cCI6bnVsbCwicHVyIjoiYmxvYl9pZCJ9fQ==--87372217a78943d7cd386c087b6a6ce00a6b1eb0\/PTRS264212A\"><\/audio><\/p>\n<p>O <strong>Instituto Nacional de Meteorologia<\/strong> (<a href=\"https:\/\/portal.inmet.gov.br\/\">Inmet<\/a>) emitiu <strong>alerta de chuvas intensas<\/strong> para os tr\u00eas estados da Regi\u00e3o Sul nesta sexta-feira.\u00a0<\/p>\n<\/p>\n<p>No <strong>Rio Grande do Sul<\/strong>, as <strong>precipita\u00e7\u00f5es <\/strong>mais intensas s\u00e3o esperadas em munic\u00edpios da regi\u00e3o Sul e da Regi\u00e3o Metropolitana de Porto Alegre, como Cangu\u00e7u, Bar\u00e3o do Triunfo e Dom Feliciano, onde a chuva ocorre ao longo do dia.<\/p>\n<p>Em <strong>Santa Catarina<\/strong>, a previs\u00e3o indica <strong>muitas nuvens com pancadas de chuva<\/strong> em munic\u00edpios do Planalto Norte e do Vale do Itaja\u00ed, como Rio Negrinho, Doutor Pedrinho e Corup\u00e1.<\/p>\n<p>J\u00e1 no <strong>Paran\u00e1<\/strong>, h\u00e1 possibilidade de <strong>queda de granizo<\/strong> em \u00e1reas do Norte Pioneiro, atingindo os munic\u00edpios de Figueira, Jabuti e Arapoti.<\/p>\n<p>Entre as capitais, a temperatura m\u00ednima prevista \u00e9 de 17\u00b0C, em Curitiba. J\u00e1 a m\u00e1xima deve atingir at\u00e9 30\u00b0C, em Florian\u00f3polis. A umidade relativa do ar varia entre 55% e 100%.<\/p>\n<h2>O QUE \u00c9 GRANIZO?\u00a0<\/h2>\n<p>Precipita\u00e7\u00e3o originada de nuvens convectivas, sobretudo cumulonimbus, que atinge o solo em forma de esferas ou fragmentos irregulares de gelo. Quando o di\u00e2metro das part\u00edculas \u00e9 \u2265 5 mm, classificam-se como granizo; part\u00edculas menores s\u00e3o classificadas como granizo mi\u00fado e\/ou neve granulada (graupel). Em boletins METAR, utiliza-se \u2018GR\u2019 para granizo e \u2018GS\u2019 para granizo mi\u00fado\/neve granulada. Unidades isoladas s\u00e3o chamadas de \u2018pedras de granizo\u2019.<\/p>\n<h2>5 motivos para acompanhar as previs\u00f5es do tempo<\/h2>\n<ul>\n<li>Agricultura: garantia de uma boa colheita;<\/li>\n<li>Marinha: prote\u00e7\u00e3o de marinheiros, navios e passageiros;<\/li>\n<li>Aeron\u00e1utica: seguran\u00e7a de pilotos, aeronaves e passageiros;<\/li>\n<li>Pesca: condi\u00e7\u00f5es favor\u00e1veis e seguras para a atividade;<\/li>\n<li>Turismo: garantia de passeios e viagens tranquilas e agrad\u00e1veis.<\/li>\n<\/ul>\n<h2>Import\u00e2ncia das observa\u00e7\u00f5es meteorol\u00f3gicas no INMET<\/h2>\n<p>As observa\u00e7\u00f5es meteorol\u00f3gicas do <a href=\"https:\/\/portal.inmet.gov.br\/\">INMET<\/a> s\u00e3o essenciais para previs\u00f5es em tempo real, estat\u00edsticas clim\u00e1ticas e coopera\u00e7\u00e3o internacional. Esses dados precisos ajudam a estudar o clima passado e a produzir Normais Climatol\u00f3gicas conforme a <strong>Organiza\u00e7\u00e3o Meteorol\u00f3gica Mundial<\/strong> (<a href=\"https:\/\/worldweather.wmo.int\/pt\/home.html\">OMM<\/a>).<\/p>\n<p>As informa\u00e7\u00f5es s\u00e3o do <strong>Instituto Nacional de Meteorologia<\/strong> (<a href=\"https:\/\/portal.inmet.gov.br\/\">Inmet<\/a>).<br \/>\n\u00a0<\/p>\n<p>\t\t\t\t\t\t\t\t\t\t<img loading=\"lazy\" decoding=\"async\" src=\"https:\/\/brasil61.com\/api\/v1\/serve_pixel\/17677\/87399\" alt=\"Pixel Brasil 61\" class=\"b61_pixel\" width=\"0\" height=\"0\"><\/p>\n<input type=\"hidden\" id=\"baseurl\" value=\"https:\/\/noticiasdestaque.com.br\"><input type=\"hidden\" id=\"audio_nonce\" value=\"9fd43fe80e\">","protected":false},"excerpt":{"rendered":"<p>No Rio Grande do Sul, as precipita\u00e7\u00f5es mais intensas s\u00e3o esperadas em munic\u00edpios da regi\u00e3o Sul e da Regi\u00e3o Metropolitana de Porto Alegre, como Cangu\u00e7u, Bar\u00e3o do Triunfo e Dom Feliciano, onde a chuva ocorre ao longo do dia<\/p>\n","protected":false},"author":1,"featured_media":49591,"comment_status":"open","ping_status":"open","sticky":false,"template":"","format":"standard","meta":{"fifu_image_url":"","fifu_image_alt":"","footnotes":""},"categories":[58],"tags":[],"class_list":["post-49590","post","type-post","status-publish","format-standard","has-post-thumbnail","hentry","category-cotidiano"],"distributor_meta":false,"distributor_terms":false,"distributor_media":false,"distributor_original_site_name":"Noticias em Destaque","distributor_original_site_url":"https:\/\/noticiasdestaque.com.br","push-errors":false,"_links":{"self":[{"href":"https:\/\/noticiasdestaque.com.br\/index.php\/wp-json\/wp\/v2\/posts\/49590","targetHints":{"allow":["GET"]}}],"collection":[{"href":"https:\/\/noticiasdestaque.com.br\/index.php\/wp-json\/wp\/v2\/posts"}],"about":[{"href":"https:\/\/noticiasdestaque.com.br\/index.php\/wp-json\/wp\/v2\/types\/post"}],"author":[{"embeddable":true,"href":"https:\/\/noticiasdestaque.com.br\/index.php\/wp-json\/wp\/v2\/users\/1"}],"replies":[{"embeddable":true,"href":"https:\/\/noticiasdestaque.com.br\/index.php\/wp-json\/wp\/v2\/comments?post=49590"}],"version-history":[{"count":0,"href":"https:\/\/noticiasdestaque.com.br\/index.php\/wp-json\/wp\/v2\/posts\/49590\/revisions"}],"wp:featuredmedia":[{"embeddable":true,"href":"https:\/\/noticiasdestaque.com.br\/index.php\/wp-json\/wp\/v2\/media\/49591"}],"wp:attachment":[{"href":"https:\/\/noticiasdestaque.com.br\/index.php\/wp-json\/wp\/v2\/media?parent=49590"}],"wp:term":[{"taxonomy":"category","embeddable":true,"href":"https:\/\/noticiasdestaque.com.br\/index.php\/wp-json\/wp\/v2\/categories?post=49590"},{"taxonomy":"post_tag","embeddable":true,"href":"https:\/\/noticiasdestaque.com.br\/index.php\/wp-json\/wp\/v2\/tags?post=49590"}],"curies":[{"name":"wp","href":"https:\/\/api.w.org\/{rel}","templated":true}]}}