{"id":49580,"date":"2026-01-29T15:05:00","date_gmt":"2026-01-29T18:05:00","guid":{"rendered":"https:\/\/noticiasdestaque.com.br\/index.php\/2026\/01\/29\/polo-de-saude-em-area-indigena-de-mato-grosso-tem-internet-pela-primeira-vez\/"},"modified":"2026-01-29T15:05:00","modified_gmt":"2026-01-29T18:05:00","slug":"polo-de-saude-em-area-indigena-de-mato-grosso-tem-internet-pela-primeira-vez","status":"publish","type":"post","link":"https:\/\/noticiasdestaque.com.br\/index.php\/2026\/01\/29\/polo-de-saude-em-area-indigena-de-mato-grosso-tem-internet-pela-primeira-vez\/","title":{"rendered":"Polo de sa\u00fade em \u00e1rea ind\u00edgena de Mato Grosso tem internet pela primeira vez"},"content":{"rendered":"<p>\t\t\t\t\t\t\t\t\t\t\t<audio controls class=\"b61_audio_player\" data-noticia=\"87389\" src=\"https:\/\/brasil61.com\/rails\/active_storage\/blobs\/eyJfcmFpbHMiOnsibWVzc2FnZSI6IkJBaHBBNVBzQXc9PSIsImV4cCI6bnVsbCwicHVyIjoiYmxvYl9pZCJ9fQ==--4d94eacb195059e82d1248fd9969d1bac6d14753\/MCOM260272A\"><\/audio><\/p>\n<p>Com cerca de 200 atendimentos por m\u00eas para 16 aldeias ind\u00edgenas, a equipe m\u00e9dica do polo-base de Rondon\u00f3polis, em Mato Grosso, se comunicava via r\u00e1dio amador at\u00e9 2025, quando a internet chegou. Instalada no alto da laje do polo-base, a conex\u00e3o se d\u00e1 por sat\u00e9lite, viabilizada pelo programa <a href=\"https:\/\/www.gov.br\/mcom\/pt-br\/acesso-a-informacao\/acoes-e-programas\/programas-projetos-acoes-obras-e-atividades\/wi-fi-brasil\">Wi-Fi Brasil<\/a>, do <a href=\"https:\/\/www.gov.br\/mcom\/pt-br\">Minist\u00e9rio das Comunica\u00e7\u00f5es<\/a>.\u00a0<\/p>\n<p>Lucineia Friedrich, coordenadora do polo-base, explica que a equipe atende aproximadamente 1.270 pessoas e a celeridade faz parte do servi\u00e7o. \u201cA gente precisa de resposta r\u00e1pida nos atendimentos de sa\u00fade. A chegada da internet nos ajudou muito. O servi\u00e7o antes funcionava, mas era com muita dificuldade no contato. Agora \u00e9 tudo r\u00e1pido: acontece uma emerg\u00eancia e somos acionados logo pelo celular pelas aldeias. Conseguimos tamb\u00e9m acionar rapidamente o Samu\u201d, afirmou.\u00a0<\/p>\n<p>A internet tamb\u00e9m auxilia a equipe m\u00e9dica nas a\u00e7\u00f5es da central de regula\u00e7\u00e3o e no agendamento de pacientes. \u201cTemos pacientes internados aqui em observa\u00e7\u00e3o. Cada um tem acompanhamento, e a solicita\u00e7\u00e3o de alimentos vem com a ajuda da internet\u201d, disse a coordenadora.<\/p>\n<p>Segundo Lucineia, os prontu\u00e1rios m\u00e9dicos v\u00e3o migrar em breve para o computador. Contudo, os primeiros passos para um trabalho mais informatizado j\u00e1 foram dados: os enfermeiros realizam muitos atendimentos por videochamada.<\/p>\n<p>Um dos enfermeiros, o ind\u00edgena Bakairi Kezi Ajigui, diz que, al\u00e9m de salvar \u00e1rvores, por diminuir o uso do papel, a conectividade no local significa avan\u00e7o e valoriza\u00e7\u00e3o de vidas. \u201cN\u00e3o \u00e9 s\u00f3 internet. Antigamente, literalmente, nossos antepassados se comunicavam com fuma\u00e7a de fogo, com gritos. De l\u00e1 para c\u00e1 mudou muita coisa. Veio o r\u00e1dio amador e a internet tamb\u00e9m. Isso facilita muito. Salva vidas\u201d, pontuou.\u00a0<\/p>\n<p>Acompanhante de um paciente internado, Silvia Kamani, tamb\u00e9m da etnia Bakairi, reconhece a evolu\u00e7\u00e3o proporcionada pela pol\u00edtica p\u00fablica. \u201cHoje, a equipe m\u00e9dica oferece atendimento mais r\u00e1pido. Antes, at\u00e9 comunicar a emerg\u00eancia e a informa\u00e7\u00e3o chegar ao posto, demorava muito\u201d, lembrou a ind\u00edgena.<\/p>\n<p>Para o ministro das Comunica\u00e7\u00f5es, Frederico de Siqueira Filho, o prop\u00f3sito da iniciativa est\u00e1 no bem-estar da popula\u00e7\u00e3o.\u201cEsta \u00e9 a verdadeira inclus\u00e3o digital: quando um m\u00e9dico consegue se comunicar com agilidade e salvar vidas de imediato, tudo com o uso do celular e de uma boa internet. O acesso \u00e9 uma necessidade e um direito b\u00e1sico de todo cidad\u00e3o brasileiro. N\u00e3o existe servi\u00e7o essencial efetivo no pa\u00eds sem inclus\u00e3o digital\u201d, disse o ministro. \u00a0<\/p>\n<p>O Minist\u00e9rio das Comunica\u00e7\u00f5es avalia que a chegada do 5G ampliar\u00e1 ainda mais as possibilidades de atendimento remoto, incluindo telemedicina avan\u00e7ada e, no futuro, at\u00e9 cirurgias a dist\u00e2ncia.<br \/>\n\u00a0<\/p>\n<p>\t\t\t\t\t\t\t\t\t\t<img loading=\"lazy\" decoding=\"async\" src=\"https:\/\/brasil61.com\/api\/v1\/serve_pixel\/17677\/87389\" alt=\"Pixel Brasil 61\" class=\"b61_pixel\" width=\"0\" height=\"0\"><\/p>\n<input type=\"hidden\" id=\"baseurl\" value=\"https:\/\/noticiasdestaque.com.br\"><input type=\"hidden\" id=\"audio_nonce\" value=\"9fd43fe80e\">","protected":false},"excerpt":{"rendered":"<p>At\u00e9 2025, uso de r\u00e1dio amador fazia a comunica\u00e7\u00e3o entre m\u00e9dicos e pacientes<\/p>\n","protected":false},"author":1,"featured_media":49581,"comment_status":"open","ping_status":"open","sticky":false,"template":"","format":"standard","meta":{"fifu_image_url":"","fifu_image_alt":"","footnotes":""},"categories":[54],"tags":[],"class_list":["post-49580","post","type-post","status-publish","format-standard","has-post-thumbnail","hentry","category-tecnologia"],"distributor_meta":false,"distributor_terms":false,"distributor_media":false,"distributor_original_site_name":"Noticias em Destaque","distributor_original_site_url":"https:\/\/noticiasdestaque.com.br","push-errors":false,"_links":{"self":[{"href":"https:\/\/noticiasdestaque.com.br\/index.php\/wp-json\/wp\/v2\/posts\/49580","targetHints":{"allow":["GET"]}}],"collection":[{"href":"https:\/\/noticiasdestaque.com.br\/index.php\/wp-json\/wp\/v2\/posts"}],"about":[{"href":"https:\/\/noticiasdestaque.com.br\/index.php\/wp-json\/wp\/v2\/types\/post"}],"author":[{"embeddable":true,"href":"https:\/\/noticiasdestaque.com.br\/index.php\/wp-json\/wp\/v2\/users\/1"}],"replies":[{"embeddable":true,"href":"https:\/\/noticiasdestaque.com.br\/index.php\/wp-json\/wp\/v2\/comments?post=49580"}],"version-history":[{"count":0,"href":"https:\/\/noticiasdestaque.com.br\/index.php\/wp-json\/wp\/v2\/posts\/49580\/revisions"}],"wp:featuredmedia":[{"embeddable":true,"href":"https:\/\/noticiasdestaque.com.br\/index.php\/wp-json\/wp\/v2\/media\/49581"}],"wp:attachment":[{"href":"https:\/\/noticiasdestaque.com.br\/index.php\/wp-json\/wp\/v2\/media?parent=49580"}],"wp:term":[{"taxonomy":"category","embeddable":true,"href":"https:\/\/noticiasdestaque.com.br\/index.php\/wp-json\/wp\/v2\/categories?post=49580"},{"taxonomy":"post_tag","embeddable":true,"href":"https:\/\/noticiasdestaque.com.br\/index.php\/wp-json\/wp\/v2\/tags?post=49580"}],"curies":[{"name":"wp","href":"https:\/\/api.w.org\/{rel}","templated":true}]}}