{"id":49576,"date":"2026-01-29T11:00:00","date_gmt":"2026-01-29T14:00:00","guid":{"rendered":"https:\/\/noticiasdestaque.com.br\/index.php\/2026\/01\/29\/confianca-no-setor-industrial-segue-em-crescimento-em-janeiro-segundo-fgv-ibre\/"},"modified":"2026-01-29T11:00:00","modified_gmt":"2026-01-29T14:00:00","slug":"confianca-no-setor-industrial-segue-em-crescimento-em-janeiro-segundo-fgv-ibre","status":"publish","type":"post","link":"https:\/\/noticiasdestaque.com.br\/index.php\/2026\/01\/29\/confianca-no-setor-industrial-segue-em-crescimento-em-janeiro-segundo-fgv-ibre\/","title":{"rendered":"Confian\u00e7a no setor industrial segue em crescimento em janeiro, segundo FGV IBRE"},"content":{"rendered":"<p>\t\t\t\t\t\t\t\t\t\t\t<audio controls class=\"b61_audio_player\" data-noticia=\"87380\" src=\"https:\/\/brasil61.com\/rails\/active_storage\/blobs\/eyJfcmFpbHMiOnsibWVzc2FnZSI6IkJBaHBBK2ZyQXc9PSIsImV4cCI6bnVsbCwicHVyIjoiYmxvYl9pZCJ9fQ==--6375467cd6d625160c63ab162bf897cff48d9136\/BRAS2615711A\"><\/audio><\/p>\n<p>Divulgado nesta quarta-feira (28) pela Funda\u00e7\u00e3o Get\u00falio Vargas (FGV), o <strong>\u00cdndice de Confian\u00e7a da Ind\u00fastria (ICI)<\/strong> do FGV IBRE <strong>subiu 3,5 pontos em janeiro,<\/strong> alcan\u00e7ando <strong>96,1 pontos<\/strong>, ap\u00f3s o <strong>avan\u00e7o de 3,2 pontos em dezembro<\/strong>. Em m\u00e9dias m\u00f3veis trimestrais, o avan\u00e7o foi de <strong>0,9 pontos, para 96,4 pontos<\/strong>.<\/p>\n<p>A pesquisa mostrou que houve <strong>alta da confian\u00e7a em 15 dos 19 segmentos<\/strong> industriais analisados. Enquanto o resultado demonstrou <strong>melhora nas avalia\u00e7\u00f5es sobre a situa\u00e7\u00e3o atual<\/strong>, as <strong>expectativas quanto aos pr\u00f3ximos meses tamb\u00e9m tiveram avan\u00e7o<\/strong>. O<strong> \u00cdndice Situa\u00e7\u00e3o Atual (ISA) subiu 4,1 pontos<\/strong>, atingindo o patamar de<strong> 96,4<\/strong>, enquanto o <strong>\u00cdndice de Expectativas (IE) avan\u00e7ou 2,7 pontos<\/strong>, para <strong>95,7 pontos<\/strong>.<\/p>\n<p>Segundo o economista do FGV IBRE St\u00e9fano Pacini, a <strong>ind\u00fastria come\u00e7a a dar sinais de recupera\u00e7\u00e3o da confian\u00e7a em janeiro<\/strong> ap\u00f3s um <strong>fim de ano pessimista<\/strong>. \u201cNas avalia\u00e7\u00f5es sobre o momento atual dos neg\u00f3cios, nota-se melhora da demanda e escoamento de estoques ap\u00f3s alguns meses de ac\u00famulo de produtos nas empresas. Na \u00f3tica dos segmentos, nota-se que as perspectivas sobre os neg\u00f3cios melhoraram no horizonte de tempo maior\u201d, destaca.<\/p>\n<p>O economista explica que <strong>o resultado positivo, o mercado de trabalho, o c\u00e2mbio apreciado e uma infla\u00e7\u00e3o mais pr\u00f3xima da meta<\/strong> podem ser aliados do setor nos pr\u00f3ximos meses, mas que o <strong>cen\u00e1rio macroecon\u00f4mico ainda \u00e9 complexo<\/strong> e que a <strong>pol\u00edtica monet\u00e1ria deve seguir contracionista<\/strong> por mais um per\u00edodo.<\/p>\n<p>Confira <a href=\"https:\/\/portalibre.fgv.br\/system\/files\/divulgacao\/noticias\/mat-complementar\/2026-01\/Sondagem%20da%20Industria%20FGV_press%20release_Jan26.pdf\">aqui os resultados completos da sondagem<\/a>.<\/p>\n<p>Com informa\u00e7\u00f5es do FGV IBRE.<\/p>\n<p>\t\t\t\t\t\t\t\t\t\t<img loading=\"lazy\" decoding=\"async\" src=\"https:\/\/brasil61.com\/api\/v1\/serve_pixel\/17677\/87380\" alt=\"Pixel Brasil 61\" class=\"b61_pixel\" width=\"0\" height=\"0\"><\/p>\n<input type=\"hidden\" id=\"baseurl\" value=\"https:\/\/noticiasdestaque.com.br\"><input type=\"hidden\" id=\"audio_nonce\" value=\"9fd43fe80e\">","protected":false},"excerpt":{"rendered":"<p>Resultado mostra sinais de recupera\u00e7\u00e3o de confian\u00e7a da ind\u00fastria ap\u00f3s um conjunto de meses pessimistas ao final de 2025<\/p>\n","protected":false},"author":1,"featured_media":49577,"comment_status":"open","ping_status":"open","sticky":false,"template":"","format":"standard","meta":{"fifu_image_url":"","fifu_image_alt":"","footnotes":""},"categories":[59],"tags":[],"class_list":["post-49576","post","type-post","status-publish","format-standard","has-post-thumbnail","hentry","category-economia"],"distributor_meta":false,"distributor_terms":false,"distributor_media":false,"distributor_original_site_name":"Noticias em Destaque","distributor_original_site_url":"https:\/\/noticiasdestaque.com.br","push-errors":false,"_links":{"self":[{"href":"https:\/\/noticiasdestaque.com.br\/index.php\/wp-json\/wp\/v2\/posts\/49576","targetHints":{"allow":["GET"]}}],"collection":[{"href":"https:\/\/noticiasdestaque.com.br\/index.php\/wp-json\/wp\/v2\/posts"}],"about":[{"href":"https:\/\/noticiasdestaque.com.br\/index.php\/wp-json\/wp\/v2\/types\/post"}],"author":[{"embeddable":true,"href":"https:\/\/noticiasdestaque.com.br\/index.php\/wp-json\/wp\/v2\/users\/1"}],"replies":[{"embeddable":true,"href":"https:\/\/noticiasdestaque.com.br\/index.php\/wp-json\/wp\/v2\/comments?post=49576"}],"version-history":[{"count":0,"href":"https:\/\/noticiasdestaque.com.br\/index.php\/wp-json\/wp\/v2\/posts\/49576\/revisions"}],"wp:featuredmedia":[{"embeddable":true,"href":"https:\/\/noticiasdestaque.com.br\/index.php\/wp-json\/wp\/v2\/media\/49577"}],"wp:attachment":[{"href":"https:\/\/noticiasdestaque.com.br\/index.php\/wp-json\/wp\/v2\/media?parent=49576"}],"wp:term":[{"taxonomy":"category","embeddable":true,"href":"https:\/\/noticiasdestaque.com.br\/index.php\/wp-json\/wp\/v2\/categories?post=49576"},{"taxonomy":"post_tag","embeddable":true,"href":"https:\/\/noticiasdestaque.com.br\/index.php\/wp-json\/wp\/v2\/tags?post=49576"}],"curies":[{"name":"wp","href":"https:\/\/api.w.org\/{rel}","templated":true}]}}