{"id":49568,"date":"2026-01-29T04:35:00","date_gmt":"2026-01-29T07:35:00","guid":{"rendered":"https:\/\/noticiasdestaque.com.br\/index.php\/2026\/01\/29\/ipca-15-precos-tem-aumento-de-020-em-janeiro-e-acumulado-segue-dentro-da-meta-do-bc\/"},"modified":"2026-01-29T04:35:00","modified_gmt":"2026-01-29T07:35:00","slug":"ipca-15-precos-tem-aumento-de-020-em-janeiro-e-acumulado-segue-dentro-da-meta-do-bc","status":"publish","type":"post","link":"https:\/\/noticiasdestaque.com.br\/index.php\/2026\/01\/29\/ipca-15-precos-tem-aumento-de-020-em-janeiro-e-acumulado-segue-dentro-da-meta-do-bc\/","title":{"rendered":"IPCA-15: pre\u00e7os t\u00eam aumento de 0,20% em janeiro e acumulado segue dentro da meta do BC"},"content":{"rendered":"<p>\t\t\t\t\t\t\t\t\t\t\t<audio controls class=\"b61_audio_player\" data-noticia=\"87360\" src=\"https:\/\/brasil61.com\/rails\/active_storage\/blobs\/eyJfcmFpbHMiOnsibWVzc2FnZSI6IkJBaHBBeFRyQXc9PSIsImV4cCI6bnVsbCwicHVyIjoiYmxvYl9pZCJ9fQ==--fac694c8e5ccf06319e3a6cd602970c7ce00a970\/BRAS2615703A\"><\/audio><\/p>\n<p>O <b>\u00cdndice Nacional de Pre\u00e7os ao Consumidor Amplo 15 (IPCA-15)<\/b> mostrou <b>aumento de 0,20% em janeiro<\/b>, acumulando alta de 0,20% no ano de 2026. Publicado nesta ter\u00e7a-feira (27) pelo <b>Instituto Brasileiro de Geografia e Estat\u00edstica<\/b> (<a href=\"https:\/\/www.ibge.gov.br\/estatisticas\/economicas\/precos-e-custos\/9260-indice-nacional-de-precos-ao-consumidor-amplo-15.html?edicao=45733&amp;t=destaques\">IBGE<\/a>), o indicador mostrou resultado <b>0,05 ponto percentual menor do que a varia\u00e7\u00e3o de dezembro<\/b>, quando foi de <b>alta de 0,25%<\/b>, e maior do que o mesmo per\u00edodo de 2025, quando foi de <b>0,11%<\/b>.<\/p>\n<p>O IPCA-15 <b>acumula alta de 4,50% nos \u00faltimos 12 meses<\/b>, acima dos <b>4,41%<\/b> observados nos 12 meses terminados em dezembro. Com esse resultado, a <b>pr\u00e9via da infla\u00e7\u00e3o<\/b> se mostrou ainda <b>dentro da meta de 3,0% estipulada pelo Banco Central<\/b>, considerando a margem de erro de 1,5% para mais ou para menos.<\/p>\n<p>Dentre os grupos de produtos e servi\u00e7os pesquisados, somente <b>Habita\u00e7\u00e3o<\/b> e <b>Transportes<\/b> apresentaram varia\u00e7\u00f5es negativas em janeiro, <b>caindo 0,26%<\/b> e <b>0,13%<\/b>, respectivamente. Os outros sete grupos apresentaram varia\u00e7\u00f5es positivas, com os<b> maiores aumentos<\/b> sendo observados em <b>Sa\u00fade e cuidados pessoais<\/b>, que <b>cresceu 0,81%<\/b>, e <b>Comunica\u00e7\u00e3o<\/b>, que teve <b>aumento de 0,73%<\/b>.<\/p>\n<p>Segundo o IBGE, o grupo com maior crescimento foi influenciado, principalmente, pelos <b>artigos de higiene pessoal<\/b>, que <b>subiram 1,38%<\/b>, enquanto o segundo foi influenciado pelo subitem <b>aparelho telef\u00f4nico<\/b>, que teve <b>alta de 2,57%<\/b> no m\u00eas.<\/p>\n<p>Outro destaque \u00e9 para o grupo <b>Alimenta\u00e7\u00e3o e bebidas<\/b>, que tem o maior peso no \u00edndice e acelerou de uma varia\u00e7\u00e3o de 0,13% em dezembro para 0,31% em janeiro. A <b>alimenta\u00e7\u00e3o no domic\u00edlio<\/b> rompeu uma sequ\u00eancia de sete meses consecutivos em queda e subiu 0,21%.<\/p>\n<p>Principais alimentos em alta:<\/p>\n<ul>\n<li>Tomate \u2014 16,28%<\/li>\n<li>Batata inglesa \u2014 12,74%<\/li>\n<li>Frutas \u2014 1,65%<\/li>\n<li>Carnes \u2014 1,32%<\/li>\n<\/ul>\n<p>Principais alimentos em queda:<\/p>\n<ul>\n<li>Leite longa vida \u2014 -7,93%<\/li>\n<li>Arroz \u2014 -2,02%<\/li>\n<li>Caf\u00e9 mo\u00eddo \u2014 -1,22%<\/li>\n<\/ul>\n<p>A <b>alimenta\u00e7\u00e3o fora do domic\u00edlio <\/b>apresentou alta de 0,56% em janeiro, influenciada pelas altas de <b>0,77% do lanche<\/b> e de <b>0,44% da refei\u00e7\u00e3o<\/b>.<\/p>\n<p>Com informa\u00e7\u00f5es do Instituto Brasileiro de Geografia e Estat\u00edstica.<\/p>\n<p>\t\t\t\t\t\t\t\t\t\t<img loading=\"lazy\" decoding=\"async\" src=\"https:\/\/brasil61.com\/api\/v1\/serve_pixel\/17677\/87360\" alt=\"Pixel Brasil 61\" class=\"b61_pixel\" width=\"0\" height=\"0\"><\/p>\n<input type=\"hidden\" id=\"baseurl\" value=\"https:\/\/noticiasdestaque.com.br\"><input type=\"hidden\" id=\"audio_nonce\" value=\"9fd43fe80e\">","protected":false},"excerpt":{"rendered":"<p>Alimenta\u00e7\u00e3o no domic\u00edlio volta a subir ap\u00f3s sete meses consecutivos em queda<\/p>\n","protected":false},"author":1,"featured_media":49569,"comment_status":"open","ping_status":"open","sticky":false,"template":"","format":"standard","meta":{"fifu_image_url":"","fifu_image_alt":"","footnotes":""},"categories":[59],"tags":[],"class_list":["post-49568","post","type-post","status-publish","format-standard","has-post-thumbnail","hentry","category-economia"],"distributor_meta":false,"distributor_terms":false,"distributor_media":false,"distributor_original_site_name":"Noticias em Destaque","distributor_original_site_url":"https:\/\/noticiasdestaque.com.br","push-errors":false,"_links":{"self":[{"href":"https:\/\/noticiasdestaque.com.br\/index.php\/wp-json\/wp\/v2\/posts\/49568","targetHints":{"allow":["GET"]}}],"collection":[{"href":"https:\/\/noticiasdestaque.com.br\/index.php\/wp-json\/wp\/v2\/posts"}],"about":[{"href":"https:\/\/noticiasdestaque.com.br\/index.php\/wp-json\/wp\/v2\/types\/post"}],"author":[{"embeddable":true,"href":"https:\/\/noticiasdestaque.com.br\/index.php\/wp-json\/wp\/v2\/users\/1"}],"replies":[{"embeddable":true,"href":"https:\/\/noticiasdestaque.com.br\/index.php\/wp-json\/wp\/v2\/comments?post=49568"}],"version-history":[{"count":0,"href":"https:\/\/noticiasdestaque.com.br\/index.php\/wp-json\/wp\/v2\/posts\/49568\/revisions"}],"wp:featuredmedia":[{"embeddable":true,"href":"https:\/\/noticiasdestaque.com.br\/index.php\/wp-json\/wp\/v2\/media\/49569"}],"wp:attachment":[{"href":"https:\/\/noticiasdestaque.com.br\/index.php\/wp-json\/wp\/v2\/media?parent=49568"}],"wp:term":[{"taxonomy":"category","embeddable":true,"href":"https:\/\/noticiasdestaque.com.br\/index.php\/wp-json\/wp\/v2\/categories?post=49568"},{"taxonomy":"post_tag","embeddable":true,"href":"https:\/\/noticiasdestaque.com.br\/index.php\/wp-json\/wp\/v2\/tags?post=49568"}],"curies":[{"name":"wp","href":"https:\/\/api.w.org\/{rel}","templated":true}]}}